{"id":41684,"date":"2025-04-21T14:26:08","date_gmt":"2025-04-21T14:26:08","guid":{"rendered":"https:\/\/www.europesays.com\/fr\/41684\/"},"modified":"2025-04-21T14:26:08","modified_gmt":"2025-04-21T14:26:08","slug":"il-avait-une-attention-particuliere-pour-cette-cite-meurtrie-par-les-terribles-attentats-lemotion-et-lhommage-de-mgr-nault-eveque-de-nice-a-lannonce-de-la-disparition-du-pape-francois","status":"publish","type":"post","link":"https:\/\/www.europesays.com\/fr\/41684\/","title":{"rendered":"\u00ab\u00a0Il avait une attention particuli\u00e8re pour cette cit\u00e9 meurtrie par les terribles attentats\u00a0\u00bb: l&rsquo;\u00e9motion et l&rsquo;hommage de Mgr Nault, \u00e9v\u00eaque de Nice \u00e0 l&rsquo;annonce de la disparition du pape Fran\u00e7ois"},"content":{"rendered":"<p>L&rsquo;annonce du d\u00e9c\u00e8s du Pape Fran\u00e7ois a \u00e9mu le monde entier, sur tous les continents. Ce lundi 21 avril, Mgr\u00a0Jean-Philippe Nault, \u00e9v\u00eaque de Nice a fait part de son \u00e9motion apr\u00e8s cette disparition.\u00a0<\/p>\n<p>Une \u00e9motion intime et personnelle car c&rsquo;est Fran\u00e7ois qui l&rsquo;avait nomm\u00e9 \u00e0 Nice, en 2022, tout comme il l&rsquo;avait nomm\u00e9 \u00e9v\u00eaque de Digne, quelques ann\u00e9es auparavant. Alors en cette triste journ\u00e9e, il a tenu \u00e0 lui rendre hommage. Il se souvient d&rsquo;un pontificat marqu\u00e9 par de nombreuses r\u00e9formes \u00ab\u00a0au milieu des turbulences du monde\u00a0\u00bb\u00a0ainsi que de deux textes qui l&rsquo;ont marqu\u00e9.\u00a0<\/p>\n<blockquote>\n<p><strong>\u00ab\u00a0Il avait une attention particuli\u00e8re pour cette cit\u00e9 meurtrie par les terribles attentats du 14 juillet 2016\u00a0\u00bb<\/strong><\/p>\n<\/blockquote>\n<p>\u00ab\u00a0La Joie de l\u2019\u00c9vangile\u00a0o\u00f9 il invite avec audace \u00e0 devenir missionnaire sans avoir peur d\u2019imaginer de nouveaux chemins\u00a0\u00bb. Le second texte est \u00ab\u00a0Laudato Si\u00a0\u00bb. \u00ab\u00a0Il exhorte chacun \u00e0 veiller sur notre Maison commune, la cr\u00e9ation, avec ce refrain \u201ctout est li\u00e9\u201d, tant le respect de la cr\u00e9ation sous toutes ses formes, que le respect de la personne humaine ou le respect des liens sociaux.\u00a0\u00bb<\/p>\n<p>A titre plus personnel, l&rsquo;\u00e9v\u00eaque dit se souvenir de sa rencontre avec le Pape Fran\u00e7ois, en 2014, lorsqu&rsquo;il avait \u00e9t\u00e9 nomm\u00e9 \u00e9v\u00eaque de Digne. \u00ab\u00a0Il m\u2019avait dit \u201ccourage, le Seigneur est toujours l\u00e0 !\u201d. C\u2019est lui aussi qui m\u2019a nomm\u00e9 \u00e0 Nice en 2022, et il avait une attention particuli\u00e8re pour cette cit\u00e9 meurtrie par les terribles attentats du 14 juillet 2016 ; il avait re\u00e7u une d\u00e9l\u00e9gation de victimes venue de Nice, guid\u00e9e par M. le Maire et mon pr\u00e9d\u00e9cesseur, Mgr Marceau. Il avait aussi <strong>interc\u00e9d\u00e9 sp\u00e9cialement pour la ville de Nice<\/strong> lors de l\u2019attentat de la Basilique Notre-Dame en 2020.\u00a0\u00bb<\/p>\n<p>Et de conclure son communiqu\u00e9 par l&rsquo;annonce d&rsquo;une Messe en m\u00e9moire du Pape Fran\u00e7ois <strong>ce vendredi 25 avril \u00e0 18h30 en la Cath\u00e9drale de Nice.<\/strong> \u00ab\u00a0Chacun y est bien s\u00fbr invit\u00e9\u00a0\u00bb, pr\u00e9cise Mgr Nault.\u00a0<\/p>\n","protected":false},"excerpt":{"rendered":"L&rsquo;annonce du d\u00e9c\u00e8s du Pape Fran\u00e7ois a \u00e9mu le monde entier, sur tous les continents. Ce lundi 21&hellip;\n","protected":false},"author":2,"featured_media":41685,"comment_status":"","ping_status":"","sticky":false,"template":"","format":"standard","meta":{"footnotes":""},"categories":[2819],"tags":[1111,11,1777,674,332,1011,27,12,2401,882,25],"class_list":{"0":"post-41684","1":"post","2":"type-post","3":"status-publish","4":"format-standard","5":"has-post-thumbnail","7":"category-nice","8":"tag-actu","9":"tag-actualites","10":"tag-eu","11":"tag-europe","12":"tag-faits-de-societe","13":"tag-fr","14":"tag-france","15":"tag-news","16":"tag-nice","17":"tag-provence-alpes-cote-dazur","18":"tag-republique-francaise"},"share_on_mastodon":{"url":"https:\/\/pubeurope.com\/@fr\/114376421107778267","error":""},"_links":{"self":[{"href":"https:\/\/www.europesays.com\/fr\/wp-json\/wp\/v2\/posts\/41684","targetHints":{"allow":["GET"]}}],"collection":[{"href":"https:\/\/www.europesays.com\/fr\/wp-json\/wp\/v2\/posts"}],"about":[{"href":"https:\/\/www.europesays.com\/fr\/wp-json\/wp\/v2\/types\/post"}],"author":[{"embeddable":true,"href":"https:\/\/www.europesays.com\/fr\/wp-json\/wp\/v2\/users\/2"}],"replies":[{"embeddable":true,"href":"https:\/\/www.europesays.com\/fr\/wp-json\/wp\/v2\/comments?post=41684"}],"version-history":[{"count":0,"href":"https:\/\/www.europesays.com\/fr\/wp-json\/wp\/v2\/posts\/41684\/revisions"}],"wp:featuredmedia":[{"embeddable":true,"href":"https:\/\/www.europesays.com\/fr\/wp-json\/wp\/v2\/media\/41685"}],"wp:attachment":[{"href":"https:\/\/www.europesays.com\/fr\/wp-json\/wp\/v2\/media?parent=41684"}],"wp:term":[{"taxonomy":"category","embeddable":true,"href":"https:\/\/www.europesays.com\/fr\/wp-json\/wp\/v2\/categories?post=41684"},{"taxonomy":"post_tag","embeddable":true,"href":"https:\/\/www.europesays.com\/fr\/wp-json\/wp\/v2\/tags?post=41684"}],"curies":[{"name":"wp","href":"https:\/\/api.w.org\/{rel}","templated":true}]}}