{"id":416854,"date":"2025-09-25T16:03:11","date_gmt":"2025-09-25T16:03:11","guid":{"rendered":"https:\/\/www.europesays.com\/fr\/416854\/"},"modified":"2025-09-25T16:03:11","modified_gmt":"2025-09-25T16:03:11","slug":"a-la-fois-salon-de-the-et-coffee-shop-cafe-croq-met-le-croque-monsieur-a-lhonneur","status":"publish","type":"post","link":"https:\/\/www.europesays.com\/fr\/416854\/","title":{"rendered":"\u00e0 la fois salon de th\u00e9 et coffee shop, Caf\u00e9 &#038; Croq met le croque-monsieur \u00e0 l&rsquo;honneur"},"content":{"rendered":"<p>            Par<br \/>\n        <strong><br \/>\n            <a href=\"https:\/\/actu.fr\/auteur\/ivan-capecchi\" title=\"Consulter tous les articles de Ivan CAPECCHI\" rel=\"nofollow noopener\" target=\"_blank\">Ivan CAPECCHI<\/a><br \/>\n        <\/strong><\/p>\n<p>        Publi\u00e9 le<\/p>\n<p>            25 sept. 2025 \u00e0 17h16        <\/p>\n<p>Lundi dernier, <strong>Caf\u00e9 &amp; Croq<\/strong>, un concept hybride entre <strong>salon de th\u00e9<\/strong> et <strong>coffee shop<\/strong>, a vu le jour au du <strong>50 rue du Vieux-March\u00e9-aux-Poissons<\/strong>, \u00e0 deux pas de la <a href=\"https:\/\/actu.fr\/tag\/cathedrale-de-strasbourg\" rel=\"nofollow noopener\" target=\"_blank\">cath\u00e9drale de Strasbourg<\/a>.<\/p>\n<p class=\" wall-content\">L\u2019\u00e9tablissement propose \u00e9galement de la <strong>petite restauration<\/strong>, \u00e0 manger sur place ou \u00e0 emporter.<\/p>\n<p>Caf\u00e9s, limonades, bowls, sandwiches\u2026<\/p>\n<p class=\" wall-content\">Le lieu, am\u00e9nag\u00e9 sur deux niveaux, propose une <strong>trentaine de places assises<\/strong>.<\/p>\n<p class=\" wall-content\">\u00c0 la carte\u2009: <strong>caf\u00e9s<\/strong> issus d\u2019une torr\u00e9faction alsacienne, <strong>jus et limonades<\/strong> locaux, ainsi qu\u2019une offre de <strong>bowls<\/strong>, <strong>salades<\/strong>, <strong>wraps<\/strong>, <strong>sandwichs<\/strong>, <strong>viennoiseries<\/strong> et <strong>desserts<\/strong>.<\/p>\n<p>    <img   decoding=\"async\" loading=\"lazy\" src=\"https:\/\/www.europesays.com\/fr\/wp-content\/uploads\/2025\/09\/carte-boissons-cafe-croq-960x640.jpg\" alt=\"La carte des boissons.\" width=\"960\" height=\"640\"\/><br \/>\n    La carte des boissons. (\u00a9Document remis \u00e0 Actu Strasbourg)Le croque-monsieur comme produit star<\/p>\n<p class=\" wall-content\">Le produit star est le <strong>croque-monsieur<\/strong>, un croque-monsieur qui se veut \u00ab<strong>\u2009gourmand et g\u00e9n\u00e9reux<\/strong>\u2009\u00bb nous dit-on, confectionn\u00e9 \u00e0 partir de pain de campagne.<\/p>\n<p>Votre r\u00e9gion, votre actu !<\/p>\n<p>Recevez chaque jour les infos qui comptent pour vous.<\/p>\n<p>\t<a href=\"https:\/\/actu.fr\/newsletter\" class=\"ac-btn ac-btn--corner ac-btn--medium ac-btn--blue800\" rel=\"nofollow noopener\" target=\"_blank\">S&rsquo;incrire<\/a><\/p>\n<p class=\" wall-content\">Celui-ci est d\u00e9clin\u00e9 en plusieurs versions\u2009: classique, veggie, saumon, poulet\u2026<\/p>\n<p class=\" wall-content\">Personnalisez votre actualit\u00e9 en ajoutant vos villes et m\u00e9dias en favori avec <a href=\"https:\/\/moncompte.actu.fr\" title=\"D\u00e9couvez Mon Actu\" rel=\"nofollow noopener\" data-trk=\"{&quot;cta&quot;:{&quot;action&quot;:&quot;https:\\\/\\\/moncompte.actu.fr&quot;,&quot;category&quot;:&quot;mon compte&quot;,&quot;from&quot;:&quot;article footer&quot;,&quot;name&quot;:&quot;Mon actu&quot;,&quot;type&quot;:&quot;cta&quot;}}\" target=\"_blank\">Mon Actu<\/a>.<\/p>\n","protected":false},"excerpt":{"rendered":"Par Ivan CAPECCHI Publi\u00e9 le 25 sept. 2025 \u00e0 17h16 Lundi dernier, Caf\u00e9 &amp; Croq, un concept hybride&hellip;\n","protected":false},"author":2,"featured_media":416855,"comment_status":"","ping_status":"","sticky":false,"template":"","format":"standard","meta":{"footnotes":""},"categories":[2820],"tags":[1111,11,1777,674,1011,27,775,1305,12,3147,25,1340,640],"class_list":{"0":"post-416854","1":"post","2":"type-post","3":"status-publish","4":"format-standard","5":"has-post-thumbnail","7":"category-strasbourg","8":"tag-actu","9":"tag-actualites","10":"tag-eu","11":"tag-europe","12":"tag-fr","13":"tag-france","14":"tag-grand-est","15":"tag-lifestyle","16":"tag-news","17":"tag-nouveaux-commerces","18":"tag-republique-francaise","19":"tag-restaurant","20":"tag-strasbourg"},"share_on_mastodon":{"url":"https:\/\/pubeurope.com\/@fr\/115265785443291646","error":""},"_links":{"self":[{"href":"https:\/\/www.europesays.com\/fr\/wp-json\/wp\/v2\/posts\/416854","targetHints":{"allow":["GET"]}}],"collection":[{"href":"https:\/\/www.europesays.com\/fr\/wp-json\/wp\/v2\/posts"}],"about":[{"href":"https:\/\/www.europesays.com\/fr\/wp-json\/wp\/v2\/types\/post"}],"author":[{"embeddable":true,"href":"https:\/\/www.europesays.com\/fr\/wp-json\/wp\/v2\/users\/2"}],"replies":[{"embeddable":true,"href":"https:\/\/www.europesays.com\/fr\/wp-json\/wp\/v2\/comments?post=416854"}],"version-history":[{"count":0,"href":"https:\/\/www.europesays.com\/fr\/wp-json\/wp\/v2\/posts\/416854\/revisions"}],"wp:featuredmedia":[{"embeddable":true,"href":"https:\/\/www.europesays.com\/fr\/wp-json\/wp\/v2\/media\/416855"}],"wp:attachment":[{"href":"https:\/\/www.europesays.com\/fr\/wp-json\/wp\/v2\/media?parent=416854"}],"wp:term":[{"taxonomy":"category","embeddable":true,"href":"https:\/\/www.europesays.com\/fr\/wp-json\/wp\/v2\/categories?post=416854"},{"taxonomy":"post_tag","embeddable":true,"href":"https:\/\/www.europesays.com\/fr\/wp-json\/wp\/v2\/tags?post=416854"}],"curies":[{"name":"wp","href":"https:\/\/api.w.org\/{rel}","templated":true}]}}