{"id":416856,"date":"2025-09-25T16:04:11","date_gmt":"2025-09-25T16:04:11","guid":{"rendered":"https:\/\/www.europesays.com\/fr\/416856\/"},"modified":"2025-09-25T16:04:11","modified_gmt":"2025-09-25T16:04:11","slug":"ce-feu-de-circulation-agace-les-habitants","status":"publish","type":"post","link":"https:\/\/www.europesays.com\/fr\/416856\/","title":{"rendered":"ce feu de circulation agace les habitants"},"content":{"rendered":"<p>La circulation est devenue tr\u00e8s compliqu\u00e9e dans les rues de <a href=\"https:\/\/www.20minutes.fr\/strasbourg\/\" class=\"c-link c-link--is-underlined\" target=\"_blank\" rel=\"noopener\">Strasbourg<\/a> (<a href=\"https:\/\/www.20minutes.fr\/dossier\/bas_rhin\" class=\"c-link c-link--is-underlined\" target=\"_blank\" rel=\"noopener\">Bas-Rhin<\/a>). Sur la route de l\u2019H\u00f4pital, un nouveau feu tricolore a r\u00e9cemment \u00e9t\u00e9 install\u00e9 au niveau de la micro-cr\u00e8che Les Anges de Neudorf. Et malheureusement, les cons\u00e9quences sont d\u00e9sastreuses pour les automobilistes. Cet axe est travers\u00e9 par la rue du Ban-de-Sapt, et \u00e0 l\u2019intersection de ces deux tron\u00e7ons, des kilom\u00e8tres de bouchons se forment.<\/p>\n<p>Comme l\u2019expliquent nos confr\u00e8res du site <a href=\"https:\/\/actu.fr\/grand-est\/strasbourg_67482\/strasbourg-ce-feu-de-circulation-passe-trop-vite-au-rouge-et-rend-fou-les-automobilistes-c-est-un-carnage_63207877.html\" target=\"_blank\" class=\"c-link c-link--is-underlined\" rel=\"noopener\">Actu Strasbourg<\/a>, le <a href=\"https:\/\/www.20minutes.fr\/paris\/4139430-20250218-paris-velos-comme-autos-nouveaux-feux-signalisation-xxl-experimentes-capitale\" class=\"c-link c-link--is-underlined\" target=\"_blank\" rel=\"noopener\">feu de circulation<\/a> implant\u00e9 par la mairie passe trop vite au rouge. Les voitures n\u2019ont donc pas le temps de franchir l\u2019intersection et la circulation est constamment bloqu\u00e9e. Seules quatre ou cinq voitures peuvent passer au vert, puisque cette couleur ne dure qu\u2019une quinzaine de secondes. \u00c0 l\u2019inverse, le feu rouge reste affich\u00e9 plusieurs dizaines de secondes. Cons\u00e9quence\u00a0: les usagers sont hors d\u2019eux.<\/p>\n<p>Ce nouveau feu de la circulation exasp\u00e8re les automobilistes strasbourgeois<\/p>\n<p>Nos confr\u00e8res sont all\u00e9s sur le terrain, mardi dernier. De nombreux automobilistes se sont plaints de cette installation. Ces derniers mettent \u00ab\u00a010 \u00e0 15 minutes\u00a0pour faire 200\u00a0m\u00e8tres\u00a0\u00bb. De quoi \u00e9nerver bon nombre de Strasbourgeois. \u00ab\u00a0C\u2019est tr\u00e8s emb\u00eatant et\u00a0on n\u2019en comprend pas l\u2019int\u00e9r\u00eat\u00a0\u00bb, explique l\u2019un d\u2019entre eux.<\/p>\n<\/p>\n<p>\u00ab\u00a0Pourquoi est-il l\u00e0 ce feu\u00a0? Avant il n\u2019y en avait pas et on n\u2019avait pas de probl\u00e8me, on ne comprend pas. Cela nous bloque\u00a0car nous avons un acc\u00e8s au parking dans la rue et y acc\u00e9der n\u00e9cessite d\u00e9sormais de faire les bouchons.\u00a0\u00bb, a aussi r\u00e9agi un autre automobiliste travaillant \u00e0 proximit\u00e9. D\u2019apr\u00e8s le maire de la ville, ce feu a \u00e9t\u00e9 mal r\u00e9gl\u00e9. Il s\u2019attelle \u00e0 corriger le probl\u00e8me. Tout devrait donc rentrer dans l\u2019ordre tr\u00e8s prochainement.<\/p>\n","protected":false},"excerpt":{"rendered":"La circulation est devenue tr\u00e8s compliqu\u00e9e dans les rues de Strasbourg (Bas-Rhin). Sur la route de l\u2019H\u00f4pital, un&hellip;\n","protected":false},"author":2,"featured_media":416857,"comment_status":"","ping_status":"","sticky":false,"template":"","format":"standard","meta":{"footnotes":""},"categories":[2820],"tags":[1111,47,11,2389,2649,1777,674,1011,27,775,12,25,209,104,640],"class_list":{"0":"post-416856","1":"post","2":"type-post","3":"status-publish","4":"format-standard","5":"has-post-thumbnail","7":"category-strasbourg","8":"tag-actu","9":"tag-actualite","10":"tag-actualites","11":"tag-alsace","12":"tag-bas-rhin","13":"tag-eu","14":"tag-europe","15":"tag-fr","16":"tag-france","17":"tag-grand-est","18":"tag-news","19":"tag-republique-francaise","20":"tag-route","21":"tag-societe","22":"tag-strasbourg"},"share_on_mastodon":{"url":"https:\/\/pubeurope.com\/@fr\/115265789345150013","error":""},"_links":{"self":[{"href":"https:\/\/www.europesays.com\/fr\/wp-json\/wp\/v2\/posts\/416856","targetHints":{"allow":["GET"]}}],"collection":[{"href":"https:\/\/www.europesays.com\/fr\/wp-json\/wp\/v2\/posts"}],"about":[{"href":"https:\/\/www.europesays.com\/fr\/wp-json\/wp\/v2\/types\/post"}],"author":[{"embeddable":true,"href":"https:\/\/www.europesays.com\/fr\/wp-json\/wp\/v2\/users\/2"}],"replies":[{"embeddable":true,"href":"https:\/\/www.europesays.com\/fr\/wp-json\/wp\/v2\/comments?post=416856"}],"version-history":[{"count":0,"href":"https:\/\/www.europesays.com\/fr\/wp-json\/wp\/v2\/posts\/416856\/revisions"}],"wp:featuredmedia":[{"embeddable":true,"href":"https:\/\/www.europesays.com\/fr\/wp-json\/wp\/v2\/media\/416857"}],"wp:attachment":[{"href":"https:\/\/www.europesays.com\/fr\/wp-json\/wp\/v2\/media?parent=416856"}],"wp:term":[{"taxonomy":"category","embeddable":true,"href":"https:\/\/www.europesays.com\/fr\/wp-json\/wp\/v2\/categories?post=416856"},{"taxonomy":"post_tag","embeddable":true,"href":"https:\/\/www.europesays.com\/fr\/wp-json\/wp\/v2\/tags?post=416856"}],"curies":[{"name":"wp","href":"https:\/\/api.w.org\/{rel}","templated":true}]}}