{"id":416864,"date":"2025-09-25T16:08:28","date_gmt":"2025-09-25T16:08:28","guid":{"rendered":"https:\/\/www.europesays.com\/fr\/416864\/"},"modified":"2025-09-25T16:08:28","modified_gmt":"2025-09-25T16:08:28","slug":"rene-martin-directeur-artistique-de-la-folle-journee-de-nantes-accuse-de-derives-financieres-de-management-brutal-et-de-sexisme-liberation","status":"publish","type":"post","link":"https:\/\/www.europesays.com\/fr\/416864\/","title":{"rendered":"Ren\u00e9 Martin, directeur artistique de la Folle Journ\u00e9e de Nantes, accus\u00e9 de d\u00e9rives financi\u00e8res, de management brutal et de sexisme \u2013 Lib\u00e9ration"},"content":{"rendered":"<p class=\"sc-cPiKLX AiZTS text-element\">A 75 ans, Ren\u00e9 Martin est \u00e0 la t\u00eate de 14 festivals en France, et assure la tenue de pr\u00e8s de 1 500 concerts tous les ans dans le secteur de la musique classique. Incontournable dans le secteur, le programmateur est mis en cause par une enqu\u00eate de <a href=\"https:\/\/lalettredumusicien.fr\/article\/rene-martin-un-management-entre-aura-humiliations-et-hypersexualisation-8845\" target=\"_blank\" rel=\"nofollow noopener\" title=\"https:\/\/lalettredumusicien.fr\/article\/rene-martin-un-management-entre-aura-humiliations-et-hypersexualisation-8845\">M\u00e9diacit\u00e9s et la Lettre du musicien<\/a> publi\u00e9e le 18 septembre, r\u00e9v\u00e9lant une gestion financi\u00e8re trouble de ses entreprises, des t\u00e9moignages de management brutal et d\u2019une ambiance hypersexualis\u00e9s instaur\u00e9e avec ses salari\u00e9s. <\/p>\n<p class=\"sc-cPiKLX AiZTS text-element\">Au c\u0153ur de l\u2019affaire figure l\u2019association de Ren\u00e9 Martin cr\u00e9\u00e9e en 1978, le Centre de r\u00e9alisations et d\u2019\u00e9tudes artistiques (Cr\u00e9a), gestionnaire de ces multiples \u00e9v\u00e9nements musicaux \u2013 et notamment la Folle Journ\u00e9e de Nantes, rendez-vous annuel de la musique classique qui attire plusieurs dizaines de milliers de spectateurs.<\/p>\n<p class=\"sc-cPiKLX AiZTS text-element\">Selon l\u2019enqu\u00eate, le Cr\u00e9a agit en tant que prestataire priv\u00e9 de festivals et \u00e9v\u00e9nements, en partie subventionn\u00e9s par les collectivit\u00e9s locales. Si l\u2019association ne touche pas directement ces fonds, elle y acc\u00e8de en obtenant des march\u00e9s publics, assure la direction artistique pour le compte de ces \u00e9v\u00e9nements et facture ses honoraires. Parmi les march\u00e9s attribu\u00e9s au Crea, celui de <a href=\"https:\/\/connexion.liberation.fr\/autorefresh?referer=https%3a%2f%2fwww.liberation.fr%2fvilles%2f2007%2f01%2f19%2ffolle-croissance-pour-la-folle-journee_82320%2f\" target=\"_blank\" rel=\"nofollow noopener\" title=\"https:\/\/connexion.liberation.fr\/autorefresh?referer=https%3a%2f%2fwww.liberation.fr%2fvilles%2f2007%2f01%2f19%2ffolle-croissance-pour-la-folle-journee_82320%2f\">la Folle Journ\u00e9e de Nantes<\/a> se hisse \u00e0 1,7 million d\u2019euros. Celui du festival de musique sacr\u00e9e Passion \u00e0 Fontevraud grimpe \u00e0 255 000 euros. <\/p>\n<p class=\"sc-cPiKLX AiZTS text-element\">L\u2019enqu\u00eate \u00e9num\u00e8re, factures \u00e0 l\u2019appui, des dizaines de d\u00e9penses personnelles r\u00e9alis\u00e9es par Ren\u00e9 Martin avec le budget de l\u2019association, entre frais de cavistes, linge de maison et s\u00e9jour luxueux dans une villa avec piscine. L\u2019association aurait d\u00e9j\u00e0 fait l\u2019objet d\u2019un contr\u00f4le fiscal durant l\u2019\u00e9t\u00e9, mais le redressement n\u2019aurait \u00e9t\u00e9 que de \u00ab2 000 \u00e0 3 000 euros\u00bb selon Ren\u00e9 Martin. <\/p>\n<p class=\"sc-cPiKLX AiZTS text-element\">Une vingtaine de t\u00e9moignages d\u2019anciens et d\u2019actuels employ\u00e9s relatent quant \u00e0 eux un climat \u00abd\u2019humiliations\u00bb, un syst\u00e8me d\u2019\u00abemprise\u00bb. Certains \u00e9voquent un homme \u00abcol\u00e9rique\u00bb, avec lequel il est \u00abtr\u00e8s compliqu\u00e9 de bosser\u00bb. Des femmes interrog\u00e9es t\u00e9moignent de regards insistants sur leur corps, de remarques sur leur jupe et leur d\u00e9collet\u00e9. Plusieurs salari\u00e9s d\u00e9noncent sa consommation de films pornographiques sur le lieu de travail, utilisant parfois leur adresse professionnelle pour y acc\u00e9der. <\/p>\n<p class=\"sc-cPiKLX AiZTS text-element\">Depuis la publication de l\u2019enqu\u00eate, le Crea a annonc\u00e9 avoir mandat\u00e9 un organisme ind\u00e9pendant pour mener un audit interne. L\u2019affaire embarrasse les \u00e9lus locaux et, selon <a href=\"https:\/\/france3-regions.franceinfo.fr\/pays-de-la-loire\/loire-atlantique\/nantes\/affaire-rene-martin-patron-de-la-folle-journee-audit-interne-demission-les-elus-demandent-des-comptes-3221924.html\" target=\"_blank\" rel=\"nofollow noopener\" title=\"https:\/\/france3-regions.franceinfo.fr\/pays-de-la-loire\/loire-atlantique\/nantes\/affaire-rene-martin-patron-de-la-folle-journee-audit-interne-demission-les-elus-demandent-des-comptes-3221924.html\">France 3<\/a>, Ren\u00e9 Martin se serait mis en retrait de sa structure. Marie Vitoux, adjointe \u00e0 la maire de Nantes et cheffe de file des \u00e9cologistes pour les \u00e9lections municipales, a d\u00e9clar\u00e9 que si les faits sont av\u00e9r\u00e9s, \u00abla Folle Journ\u00e9e devra agir en cons\u00e9quence et mettre fin \u00e0 la collaboration de Ren\u00e9 Martin\u00bb. Pour l\u2019heure, aucun festival ne s\u2019est exprim\u00e9, \u00e0 l\u2019exception du Rivage des voix, \u00e0 Saint\u2010Florent\u2010le\u2010Vieil (Maine\u2010et\u2010Loire), qui compte poursuivre cette collaboration avec le directeur artistique puisque \u00abtout se passe bien\u00bb. <\/p>\n","protected":false},"excerpt":{"rendered":"A 75 ans, Ren\u00e9 Martin est \u00e0 la t\u00eate de 14 festivals en France, et assure la tenue&hellip;\n","protected":false},"author":2,"featured_media":416865,"comment_status":"","ping_status":"","sticky":false,"template":"","format":"standard","meta":{"footnotes":""},"categories":[2818],"tags":[1111,11,1777,674,1011,27,2936,766,12,2636,25],"class_list":{"0":"post-416864","1":"post","2":"type-post","3":"status-publish","4":"format-standard","5":"has-post-thumbnail","7":"category-nantes","8":"tag-actu","9":"tag-actualites","10":"tag-eu","11":"tag-europe","12":"tag-fr","13":"tag-france","14":"tag-musique-classique","15":"tag-nantes","16":"tag-news","17":"tag-pays-de-la-loire","18":"tag-republique-francaise"},"share_on_mastodon":{"url":"https:\/\/pubeurope.com\/@fr\/115265805218821546","error":""},"_links":{"self":[{"href":"https:\/\/www.europesays.com\/fr\/wp-json\/wp\/v2\/posts\/416864","targetHints":{"allow":["GET"]}}],"collection":[{"href":"https:\/\/www.europesays.com\/fr\/wp-json\/wp\/v2\/posts"}],"about":[{"href":"https:\/\/www.europesays.com\/fr\/wp-json\/wp\/v2\/types\/post"}],"author":[{"embeddable":true,"href":"https:\/\/www.europesays.com\/fr\/wp-json\/wp\/v2\/users\/2"}],"replies":[{"embeddable":true,"href":"https:\/\/www.europesays.com\/fr\/wp-json\/wp\/v2\/comments?post=416864"}],"version-history":[{"count":0,"href":"https:\/\/www.europesays.com\/fr\/wp-json\/wp\/v2\/posts\/416864\/revisions"}],"wp:featuredmedia":[{"embeddable":true,"href":"https:\/\/www.europesays.com\/fr\/wp-json\/wp\/v2\/media\/416865"}],"wp:attachment":[{"href":"https:\/\/www.europesays.com\/fr\/wp-json\/wp\/v2\/media?parent=416864"}],"wp:term":[{"taxonomy":"category","embeddable":true,"href":"https:\/\/www.europesays.com\/fr\/wp-json\/wp\/v2\/categories?post=416864"},{"taxonomy":"post_tag","embeddable":true,"href":"https:\/\/www.europesays.com\/fr\/wp-json\/wp\/v2\/tags?post=416864"}],"curies":[{"name":"wp","href":"https:\/\/api.w.org\/{rel}","templated":true}]}}