{"id":416868,"date":"2025-09-25T16:10:20","date_gmt":"2025-09-25T16:10:20","guid":{"rendered":"https:\/\/www.europesays.com\/fr\/416868\/"},"modified":"2025-09-25T16:10:20","modified_gmt":"2025-09-25T16:10:20","slug":"le-maire-dune-petite-commune-de-gironde-disparait-sans-prevenir-et-refait-sa-vie-au-canada","status":"publish","type":"post","link":"https:\/\/www.europesays.com\/fr\/416868\/","title":{"rendered":"Le maire d\u2019une petite commune de Gironde dispara\u00eet sans pr\u00e9venir et refait sa vie au Canada"},"content":{"rendered":"<p>Disparu depuis plusieurs semaines sur fond de tensions financi\u00e8res dans sa commune, l\u2019\u00e9dile de Saint-Ciers-d\u2019Abzac a finalement donn\u00e9 des nouvelles \u00abrassurantes\u00bb depuis le Canada. Mais le myst\u00e8re plane toujours sur les raisons exactes de son d\u00e9part soudain.<\/p>\n<p class=\"fig-paragraph\">Depuis plusieurs semaines, la petite ville de Saint-Ciers-d&rsquo;Abzac, en\u00a0<a href=\"http:\/\/www.lefigaro.fr\/bordeaux\/gironde-deux-femmes-visees-par-des-tirs-de-fusil-de-chasse-dans-un-petit-village-une-enquete-ouverte-20250924\" data-fig-type=\"NewsFlash\" data-gtm-custom-categorie=\"navigation\" data-gtm-custom-action=\"crossclick\" data-gtm-custom-label=\"Contextuel\" data-gtm-event=\"customEventSPE\" data-fig-domain=\"LEFIGARO\" target=\"_blank\" rel=\"noopener\">Gironde<\/a>, est confront\u00e9e \u00e0 l&rsquo;absence de son maire, disparu soudainement sur fond de difficult\u00e9s financi\u00e8res. Jeudi, les autorit\u00e9s ont eu des nouvelles \u00abrassurantes\u00bb mais le myst\u00e8re demeure sur la raison de son d\u00e9part.<\/p>\n<p class=\"fig-paragraph\">Le parquet de\u00a0<a href=\"https:\/\/www.lefigaro.fr\/bordeaux\/libourne-une-interdiction-des-regroupements-sur-le-parvis-de-la-gare-pour-lutter-contre-le-sentiment-d-insecurite-20250321?msockid=258c4318a154643d05395665a0ed65f9\" target=\"_blank\" data-fig-type=\"NewsFlash\" rel=\"sponsored noopener\" data-gtm-custom-categorie=\"navigation\" data-gtm-custom-action=\"crossclick\" data-gtm-custom-label=\"Contextuel\" data-gtm-event=\"customEventSPE\" data-fig-domain=\"LEFIGARO\">Libourne<\/a>\u00a0avait ouvert une enqu\u00eate, mercredi, \u00abaux fins de recherche des causes de la disparition\u00bb. Les gendarmes ont pu le contacter jeudi et \u00abrecueillir des \u00e9l\u00e9ments rassurants sur sa situation de nature priv\u00e9e\u00bb, a annonc\u00e9 le procureur de la R\u00e9publique Lo\u00efs Raschel dans un communiqu\u00e9, pr\u00e9cisant que la proc\u00e9dure serait class\u00e9e.<\/p>\n<p>                                    <a class=\"fig-a11y-skip a11y-hidden\" href=\"#fig-a11y-skip-main-inarticle\"><br \/>\n        Passer la publicit\u00e9<br \/>\n    <\/a><\/p>\n<p class=\"fig-paragraph\">Avant l&rsquo;\u00e9t\u00e9, ce p\u00e8re de famille de 42 ans travaillant comme boulanger \u00e0 Libourne avait pr\u00e9venu qu&rsquo;il manquerait le prochain conseil municipal en septembre, au moins pour raisons professionnelles, comme l&rsquo;a racont\u00e9 l&rsquo;hebdomadaire local Le R\u00e9sistant.<\/p>\n<p>D\u00e9crit comme \u00abatypique\u00bb<\/p>\n<p class=\"fig-paragraph\">Et en juillet, il est parti au Canada refaire sa vie, a appris l\u2019AFP de source proche du dossier. C&rsquo;est aussi ce qu&rsquo;il a r\u00e9pondu, par \u00e9crit, \u00e0 ceux qui l&rsquo;avaient contact\u00e9 jusque-l\u00e0 via les r\u00e9seaux sociaux, a expliqu\u00e9 le maire de Libourne, Philippe Buisson, qui pr\u00e9side la communaut\u00e9 de communes dont fait partie ce bourg de 1500 habitants.<\/p>\n<p class=\"fig-paragraph\">D&rsquo;apr\u00e8s le journal Sud-Ouest, le maire d\u00e9missionnaire a \u00e9galement joint l&rsquo;\u00e9quipe municipale pour confirmer qu&rsquo;il ne reviendrait pas. D\u00e9crit comme \u00abatypique\u00bb, l&rsquo;\u00e9dile \u00abavait tout pouvoir dans la commune\u00bb et ne d\u00e9l\u00e9guait rien, \u00e0 commencer par sa signature\u00a0: du fait de son absence prolong\u00e9e, la premi\u00e8re adjointe vient d&rsquo;\u00eatre habilit\u00e9e pour assurer l&rsquo;int\u00e9rim, avec l&rsquo;assistance de la communaut\u00e9 de communes et des services de l&rsquo;\u00c9tat. \u00abS&rsquo;il s&rsquo;agit d&rsquo;une disparition organis\u00e9e, et c&rsquo;est le sc\u00e9nario privil\u00e9gi\u00e9, il s&rsquo;est mis \u00e0 la faute en ne faisant pas le tuilage minimum avec ses coll\u00e8gues \u00e9lus\u00bb, a soulign\u00e9 Philippe Buisson.<\/p>\n<p>D\u00e9gradation des finances de la mairie<\/p>\n<p class=\"fig-paragraph\">Selon une autre source proche du dossier, des voisins de l&rsquo;int\u00e9ress\u00e9 ont dit l&rsquo;avoir vu remplir un conteneur cet \u00e9t\u00e9 lors de son d\u00e9part. En mars, il avait cr\u00e9\u00e9 une soci\u00e9t\u00e9 sp\u00e9cialis\u00e9e dans l&rsquo;\u00e9dition de logiciels, domicili\u00e9e \u00e0 Paris, en passant par un notaire de l&rsquo;Eure.<\/p>\n<p class=\"fig-paragraph\">Depuis un an, la commune de Saint-Ciers-d&rsquo;Abzac \u00e9tait suivie par les services de l&rsquo;\u00c9tat apr\u00e8s des signalements sur la d\u00e9gradation de ses finances. Selon le sous-pr\u00e9fet de Libourne, Matthieu Doligez, elle avait int\u00e9gr\u00e9 en 2025 le r\u00e9seau d&rsquo;alerte des collectivit\u00e9s et la chambre r\u00e9gionale des comptes a \u00e9t\u00e9 saisie en ao\u00fbt. Outre de nombreux impay\u00e9s et une tr\u00e9sorerie maigre, des investissements importants ont \u00e9t\u00e9 relev\u00e9s dans les comptes municipaux, dont l&rsquo;achat d&rsquo;une maison pour un montant jug\u00e9 \u00e9lev\u00e9.<\/p>\n","protected":false},"excerpt":{"rendered":"Disparu depuis plusieurs semaines sur fond de tensions financi\u00e8res dans sa commune, l\u2019\u00e9dile de Saint-Ciers-d\u2019Abzac a finalement donn\u00e9&hellip;\n","protected":false},"author":2,"featured_media":416869,"comment_status":"","ping_status":"","sticky":false,"template":"","format":"standard","meta":{"footnotes":""},"categories":[2817],"tags":[1111,11,1997,574,2715,1777,674,1011,27,2905,12,2219,25],"class_list":{"0":"post-416868","1":"post","2":"type-post","3":"status-publish","4":"format-standard","5":"has-post-thumbnail","7":"category-bordeaux","8":"tag-actu","9":"tag-actualites","10":"tag-bordeaux","11":"tag-canada","12":"tag-disparition","13":"tag-eu","14":"tag-europe","15":"tag-fr","16":"tag-france","17":"tag-gironde","18":"tag-news","19":"tag-nouvelle-aquitaine","20":"tag-republique-francaise"},"share_on_mastodon":{"url":"https:\/\/pubeurope.com\/@fr\/115265812845743744","error":""},"_links":{"self":[{"href":"https:\/\/www.europesays.com\/fr\/wp-json\/wp\/v2\/posts\/416868","targetHints":{"allow":["GET"]}}],"collection":[{"href":"https:\/\/www.europesays.com\/fr\/wp-json\/wp\/v2\/posts"}],"about":[{"href":"https:\/\/www.europesays.com\/fr\/wp-json\/wp\/v2\/types\/post"}],"author":[{"embeddable":true,"href":"https:\/\/www.europesays.com\/fr\/wp-json\/wp\/v2\/users\/2"}],"replies":[{"embeddable":true,"href":"https:\/\/www.europesays.com\/fr\/wp-json\/wp\/v2\/comments?post=416868"}],"version-history":[{"count":0,"href":"https:\/\/www.europesays.com\/fr\/wp-json\/wp\/v2\/posts\/416868\/revisions"}],"wp:featuredmedia":[{"embeddable":true,"href":"https:\/\/www.europesays.com\/fr\/wp-json\/wp\/v2\/media\/416869"}],"wp:attachment":[{"href":"https:\/\/www.europesays.com\/fr\/wp-json\/wp\/v2\/media?parent=416868"}],"wp:term":[{"taxonomy":"category","embeddable":true,"href":"https:\/\/www.europesays.com\/fr\/wp-json\/wp\/v2\/categories?post=416868"},{"taxonomy":"post_tag","embeddable":true,"href":"https:\/\/www.europesays.com\/fr\/wp-json\/wp\/v2\/tags?post=416868"}],"curies":[{"name":"wp","href":"https:\/\/api.w.org\/{rel}","templated":true}]}}