{"id":416879,"date":"2025-09-25T16:16:18","date_gmt":"2025-09-25T16:16:18","guid":{"rendered":"https:\/\/www.europesays.com\/fr\/416879\/"},"modified":"2025-09-25T16:16:18","modified_gmt":"2025-09-25T16:16:18","slug":"delinquance-le-prefet-pointe-les-nouvelles-failles-de-marseille","status":"publish","type":"post","link":"https:\/\/www.europesays.com\/fr\/416879\/","title":{"rendered":"D\u00e9linquance : le pr\u00e9fet pointe les nouvelles failles de Marseille"},"content":{"rendered":"<p>C\u2019est d\u00e9sormais une certitude : le <a href=\"https:\/\/mesinfos.fr\/13000-marseille\/le-prefet-georges-francois-leclerc-explique-sa-methode-214629.html\" rel=\"noopener\" target=\"_blank\">pr\u00e9fet de R\u00e9gion Paca<\/a> et la <a href=\"https:\/\/mesinfos.fr\/13000-marseille\/prefecture-de-police-une-reforme-qui-laisse-des-questions-en-suspens-218328.html\" rel=\"noopener\" target=\"_blank\">pr\u00e9f\u00e8te de police <\/a>d\u00e9l\u00e9gu\u00e9e marchent en rangs serr\u00e9s. \u00ab\u00a0L\u2019unit\u00e9 de la cha\u00eene de commandement\u00a0\u00bb est le mantra le plus ressass\u00e9. De l\u2019aveu de Georges-Fran\u00e7ois Leclerc, le pr\u00e9fet, c\u2019est une n\u00e9cessit\u00e9 qui fait loi par les temps qui courent, car les enjeux marseillais sont d\u2019importance, avec des chiffres qui \u00e9voluent pour certains \u00e0 la baisse, mais avec d\u2019autres qui <strong>inqui\u00e8tent s\u00e9rieusement les autorit\u00e9s<\/strong>.\u00a0 <\/p>\n<p>Ainsi, apr\u00e8s des ann\u00e9es de <a href=\"https:\/\/mesinfos.fr\/13000-marseille\/narcobanditisme-marseille-l-inquietante-explosion-du-role-des-mineurs-209143.html\" rel=\"noopener\" target=\"_blank\">lutte contre les trafics de stup\u00e9fiants<\/a> dans les quartiers nord, \u00ab\u00a0l\u2019hyper-centre de Marseille est la haute priorit\u00e9 des forces de police\u00a0\u00bb, clame, ce jeudi 25 septembre, <strong>Georges-Fran\u00e7ois Leclerc<\/strong>. Pourquoi ? Parce que la part des \u00e9trangers impliqu\u00e9s dans les chiffres de la <strong>d\u00e9linquance<\/strong> de voie publique est \u00e0 ce jour de 42 % dans le d\u00e9partement des Bouches-du-Rh\u00f4ne et elle peut aller jusqu\u2019\u00e0 65 % dans le centre-ville de Marseille. Plus de 8 300 cas d&rsquo;<strong>\u00e9trangers en situation irr\u00e9guli\u00e8re<\/strong> ont, selon lui, \u00e9t\u00e9 trait\u00e9s depuis le d\u00e9but de l&rsquo;ann\u00e9e. <\/p>\n<p>\u00ab Les interpellations d\u2019\u00e9trangers en situation irr\u00e9guli\u00e8re ont augment\u00e9 de 70 % depuis le d\u00e9but de l\u2019ann\u00e9e dans le d\u00e9partement. On a des jeunes en situation irr\u00e9guli\u00e8re en France qui sont pris en main par les r\u00e9seaux de<strong> stup\u00e9fiants<\/strong>\u00a0\u00bb, explique le pr\u00e9fet. \u00ab\u00a0On ne peut pas penser s\u00e9par\u00e9ment la politique de lutte contre l\u2019<a href=\"https:\/\/mesinfos.fr\/13000-marseille\/marseille-un-vaste-reseau-d-immigration-clandestine-demantele-218947.html\" rel=\"noopener\" target=\"_blank\">immigration clandestine <\/a>et la politique de lutte contre la d\u00e9linquance\u00a0\u00bb, aime \u00e0 marteler Georges-Fran\u00e7ois Leclerc.<\/p>\n<p> Des CRS dans l&rsquo;hyper-centre de Marseille <\/p>\n<p>C\u2019est pourquoi les trois <a href=\"https:\/\/mesinfos.fr\/13000-marseille\/marseille-une-compagnie-de-crs-veille-sur-la-calanque-de-sormiou-228143.html\" rel=\"noopener\" target=\"_blank\">compagnies de CRS<\/a> dites \u00ab\u00a0en r\u00e9sidence\u00a0\u00bb \u00e0 Marseille vont \u00eatre affect\u00e9es pour l\u2019essentiel dans l\u2019hyper-centre, m\u00eame si elles seront parfois amen\u00e9es \u00e0 faire \u00ab des vacations \u00bb\u00a0\u00e0 Vitrolles, Arles ou Port-de-Bouc. <\/p>\n<p>La Division Centre, install\u00e9e \u00e0 Noailles, est aussi renforc\u00e9e de 25 fonctionnaires. Enfin, la <strong>brigade VTT<\/strong>, cr\u00e9\u00e9e en juin dernier, pour sa <a href=\"https:\/\/mesinfos.fr\/13000-marseille\/centre-ville-de-marseille-vers-une-nouvelle-approche-de-la-securite-191306.html\" rel=\"noopener\" target=\"_blank\">pr\u00e9sence assidue dans le m\u00eame centre-ville <\/a>en raison de son \u00ab agilit\u00e9 \u00bb de d\u00e9placement, aura chaque jour pour mission de \u00ab s\u00e9curiser et rassurer la population\u00a0\u00bb, comme l\u2019\u00e9nonce le directeur interd\u00e9partemental de la police nationale <a href=\"https:\/\/mesinfos.fr\/13000-marseille\/un-nouveau-directeur-pour-la-police-des-bouches-du-rhone-182767.html\" rel=\"noopener\" target=\"_blank\">C\u00e9dric Esson<\/a>.\u00a0 <\/p>\n<p>Corinne Simon : \u00ab\u00a0Il y a une explosion de la coke dans toutes les couches sociales\u00a0\u00bb <\/p>\n<p>Le chiffre qui surprend est la baisse des <strong>saisies de cannabis <\/strong>de 62 % dans les Bouches-du-Rh\u00f4ne \u00e0 la fin ao\u00fbt 2025 par rapport \u00e0 la m\u00eame p\u00e9riode de 2024, mais qui va h\u00e9las de pair avec une hausse colossale de 75 % des saisies de <strong>coca\u00efne<\/strong>. \u00ab\u00a0Il y a une explosion de la coke dans toutes les couches sociales. Nous y sommes particuli\u00e8rement vigilants\u00a0\u00bb, insiste volontiers <a href=\"https:\/\/mesinfos.fr\/13000-marseille\/securite-une-prefete-deleguee-chasse-un-prefet-de-plein-exercice-219599.html\" rel=\"noopener\" target=\"_blank\">Corinne Simon<\/a>, la pr\u00e9f\u00e8te de police d\u00e9l\u00e9gu\u00e9e. <\/p>\n<p>Les trafics sont-ils donc en pleine mutation ? Le commerce de la coca\u00efne est-il en train de prendre une ampleur insoup\u00e7onn\u00e9e, avec les risques que l\u2019on imagine en termes de sant\u00e9 publique ? De leur c\u00f4t\u00e9, les \u00ab\u00a0<a href=\"https:\/\/mesinfos.fr\/13000-marseille\/radioscopie-du-narcoterrorisme-marseillais-et-de-ses-methodes-214772.html\" rel=\"noopener\" target=\"_blank\">narchomicides<\/a>\u00a0\u00bb\u00a0qui avaient tristement battu des records en 2023 &#8211; avec 42 morts &#8211; restent \u00e0 hauteur de 13 en 2025, soit le m\u00eame nombre qu\u2019en 2024.\u00a0<\/p>\n<p>  De nouvelles voies ouvertes par la loi narcotrafic du 13 juin 2025 <\/p>\n<p>Ces tendances r\u00e9centes ouvrent des fen\u00eatres \u00e0 diverses statistiques. Ainsi les <a href=\"https:\/\/mesinfos.fr\/provence-alpes-cote-d-azur\/vols-d-accessoires-auto-sept-personnes-arretees-par-les-gendarmes-219500.html\" rel=\"noopener\" target=\"_blank\">vols de v\u00e9hicules<\/a> baissent de 10 %, les cambriolages de 11 %, les vols \u00e0 la tire de 7 %. Le nombre de vols avec violences est en hausse de 2 %, alors que les chiffres baissaient depuis quatre \u00e0 cinq ans.\u00a0 <\/p>\n<p>Mais la pr\u00e9f\u00e8te de police d\u00e9l\u00e9gu\u00e9e Corinne Simon a aussi indiqu\u00e9 que la<a href=\"https:\/\/mesinfos.fr\/75000-paris\/loi-contre-le-narcotrafic-les-principales-mesures-adoptees-219631.html\" rel=\"noopener\" target=\"_blank\"> loi narco-trafic du 13 juin 2025<\/a> allait permettre la mise en \u0153uvre de diverses initiatives qui n\u2019existaient pas jusque-l\u00e0. Parmi elles, les expulsions locatives, d\u00e8s lors qu\u2019un trafiquant aura \u00e9t\u00e9 mis en cause &#8211; une vingtaine de dossiers sont d\u00e9j\u00e0 signal\u00e9s aux bailleurs -, mais aussi les interdictions de para\u00eetre &#8211; neuf points de deal ont ainsi \u00e9t\u00e9 recens\u00e9s dans le seul centre-ville de Marseille -, ainsi que la <strong>fermeture des \u00e9tablissements recevant du public<\/strong> qui auront jou\u00e9 un r\u00f4le dans le r\u00e9seau.\u00a0 <\/p>\n<p>Dans la lutte contre l\u2019immigration clandestine, le<a href=\"https:\/\/mesinfos.fr\/13000-marseille\/un-nouveau-patron-a-la-tete-des-gendarmes-des-bouches-du-rhone-228381.html\" rel=\"noopener\" target=\"_blank\"> g\u00e9n\u00e9ral Pierre Baillargeat<\/a>, qui commande le groupement de gendarmerie d\u00e9partementale des Bouches-du-Rh\u00f4ne, a pr\u00e9cis\u00e9 que ses services avaient op\u00e9r\u00e9 cette ann\u00e9e trois fois plus de contr\u00f4les et \u00ab s\u00e9curis\u00e9 plus de 700 gares et 300 trains \u00bb.\u00a0<\/p>\n<p> <img decoding=\"async\" alt=\"\" class=\"img-align-center\" data-zoomable=\"\" height=\"1500\" loading=\"lazy\" src=\"https:\/\/www.europesays.com\/fr\/wp-content\/uploads\/2025\/09\/leclerc-3.jpg\" width=\"2000\"\/> \u00a9 D.T. &#8211; Pour Georges-Fran\u00e7ois Leclerc, le pr\u00e9fet de R\u00e9gion, \u00ab on ne peut pas penser s\u00e9par\u00e9ment la politique de lutte contre l\u2019immigration clandestine et la politique de lutte contre la d\u00e9linquance \u00bb. 18 M\u20ac d\u2019avoirs criminels des trafiquants d\u00e9j\u00e0 saisis cette ann\u00e9e <\/p>\n<p>Dans le m\u00eame temps, la saisie des avoirs criminels des <strong>trafiquants<\/strong> gagne chaque jour du terrain. Elle a \u00e9t\u00e9 multipli\u00e9e par trois en une ann\u00e9e seulement : 18 M\u20ac contre 6 en 2024, ce qui en dit long sur les efforts consentis par la machine judiciaire dans ce domaine. Des efforts qui ont pour but de frapper durablement les trafiquants au portefeuille, via la confiscation de biens de tous ordres et toutes ill\u00e9galit\u00e9s, le plus souvent de grande valeur: montres de luxe, v\u00e9hicules de prix et immobilier.\u00a0 <\/p>\n<p> Le d\u00e9mant\u00e8lement d\u2019un vaste r\u00e9seau de blanchiment international <\/p>\n<p>C\u2019est dans le cadre de ce m\u00eame combat que le parquet de Marseille, la Section de recherches de la gendarmerie nationale Marseille et la Guardia di Finanzia de Milan ont d\u00e9mantel\u00e9 cette semaine l\u2019activit\u00e9 d\u2019une importante organisation criminelle, bas\u00e9e \u00e0 Milan, et sp\u00e9cialis\u00e9e en<a href=\"https:\/\/mesinfos.fr\/13000-marseille\/comment-les-criminels-blanchissent-ils-l-argent-sale-222182.html\" rel=\"noopener\" target=\"_blank\"><strong> blanchiment d\u2019argent<\/strong><\/a>. \u00ab\u00a0Le r\u00e9seau, pilot\u00e9 par des individus kosovars et moyen-orientaux qui centralisaient en Italie des sommes de num\u00e9raires tr\u00e8s cons\u00e9quentes, avait pour mission de les convertir en or et de les exporter sous cette forme vers le Kosovo, puis la Turquie\u00a0\u00bb, explique le parquet de Marseille.<\/p>\n<p>La r\u00e9cup\u00e9ration du num\u00e9raire en France et son transport vers l\u2019Italie \u00e9taient assur\u00e9s par des \u00e9quipes compos\u00e9s de Syriens et de Maghr\u00e9bins utilisant des voitures avec des caches am\u00e9nag\u00e9es tr\u00e8s sophistiqu\u00e9es.\u00a0 <\/p>\n<p>Plus de 30 M\u20ac collect\u00e9s et 55 kilos d\u2019or saisis <\/p>\n<p>Ces collectes, dont le montant total pour la p\u00e9riode d\u2019octobre 2024 \u00e0 ao\u00fbt 2025 \u00e9tait estim\u00e9 \u00e0 plus de 30 M\u20ac, avaient lieu chaque semaine, principalement \u00e0 Marseille et ses environs, mais aussi \u00e0 Lyon, Paris et en Italie. Le 7 septembre 2025, sept personnes ont \u00e9t\u00e9 interpell\u00e9es sur commission rogatoire des juges fran\u00e7ais et une op\u00e9ration a \u00e9t\u00e9 d\u00e9clench\u00e9e apr\u00e8s la <strong>d\u00e9tection d\u2019un convoi<\/strong> entre l\u2019Italie et l\u2019Espagne. Les perquisitions effectu\u00e9es ont permis de saisir 55 kilos d\u2019or 24 carats sous la forme de 55 lingots d\u2019un kilo et de plus de 2,4 M\u20ac en esp\u00e8ces, pour un montant total de 8 M\u20ac. <\/p>\n<p> L\u2019\u0153il de la DZ Mafia marseillaise <\/p>\n<p>Certains des mis en cause, connus notamment pour<strong> trafic de produits stup\u00e9fiants<\/strong>, apparaissaient comme \u00e9tant directement li\u00e9s \u00e0 la <a href=\"https:\/\/mesinfos.fr\/13000-marseille\/dz-mafia-3-questions-a-un-criminologue-pour-comprendre-le-phenomene-214180.html\" rel=\"noopener\" target=\"_blank\">DZ Mafia marseillaise<\/a>. <\/p>\n<p>Ces sept personnes ont \u00e9t\u00e9 mises en examen des chefs de blanchiment aggrav\u00e9 de stup\u00e9fiants, association de malfaiteurs en vue de la pr\u00e9paration de d\u00e9lits punis de 10 ans d\u2019emprisonnement et plac\u00e9es en <strong>d\u00e9tention provisoire<\/strong>.<\/p>\n<p>Le 23 septembre 2025, en lien avec le parquet anti-mafia de Milan, une seconde op\u00e9ration \u00e9tait lanc\u00e9e \u00e0 Marseille et dans les Bouches du Rh\u00f4ne (Vitrolles, Marignane, Martigues et Berre l\u2019\u00c9tang), ainsi qu\u2019en Italie. <\/p>\n<p>Huit personnes ont \u00e9t\u00e9 interpell\u00e9es et plac\u00e9es en garde \u00e0 vue sur le territoire fran\u00e7ais, ainsi qu\u2019une neuvi\u00e8me en Italie. Les dix-sept perquisitions r\u00e9alis\u00e9es conduisaient \u00e0 la d\u00e9couverte de 219 000 \u20ac en num\u00e9raires, de cinq v\u00e9hicules et de nombreux \u00e9l\u00e9ments de <strong>maroquinerie et de joaillerie de luxe<\/strong>. Dans le m\u00eame temps, c\u00f4t\u00e9 italien, quatre personnes \u00e9taient interpell\u00e9es et de nombreuses saisies r\u00e9alis\u00e9es.<\/p>\n","protected":false},"excerpt":{"rendered":"C\u2019est d\u00e9sormais une certitude : le pr\u00e9fet de R\u00e9gion Paca et la pr\u00e9f\u00e8te de police d\u00e9l\u00e9gu\u00e9e marchent en&hellip;\n","protected":false},"author":2,"featured_media":416880,"comment_status":"","ping_status":"","sticky":false,"template":"","format":"standard","meta":{"footnotes":""},"categories":[2814],"tags":[1111,11,1052,54682,1777,674,1011,27,1061,884,12,882,25,7691,887],"class_list":{"0":"post-416879","1":"post","2":"type-post","3":"status-publish","4":"format-standard","5":"has-post-thumbnail","7":"category-marseille","8":"tag-actu","9":"tag-actualites","10":"tag-drogue","11":"tag-du00e9linquance","12":"tag-eu","13":"tag-europe","14":"tag-fr","15":"tag-france","16":"tag-immigration","17":"tag-marseille","18":"tag-news","19":"tag-provence-alpes-cote-dazur","20":"tag-republique-francaise","21":"tag-su00e9curitu00e9","22":"tag-trafic-de-drogue"},"share_on_mastodon":{"url":"https:\/\/pubeurope.com\/@fr\/115265837011320375","error":""},"_links":{"self":[{"href":"https:\/\/www.europesays.com\/fr\/wp-json\/wp\/v2\/posts\/416879","targetHints":{"allow":["GET"]}}],"collection":[{"href":"https:\/\/www.europesays.com\/fr\/wp-json\/wp\/v2\/posts"}],"about":[{"href":"https:\/\/www.europesays.com\/fr\/wp-json\/wp\/v2\/types\/post"}],"author":[{"embeddable":true,"href":"https:\/\/www.europesays.com\/fr\/wp-json\/wp\/v2\/users\/2"}],"replies":[{"embeddable":true,"href":"https:\/\/www.europesays.com\/fr\/wp-json\/wp\/v2\/comments?post=416879"}],"version-history":[{"count":0,"href":"https:\/\/www.europesays.com\/fr\/wp-json\/wp\/v2\/posts\/416879\/revisions"}],"wp:featuredmedia":[{"embeddable":true,"href":"https:\/\/www.europesays.com\/fr\/wp-json\/wp\/v2\/media\/416880"}],"wp:attachment":[{"href":"https:\/\/www.europesays.com\/fr\/wp-json\/wp\/v2\/media?parent=416879"}],"wp:term":[{"taxonomy":"category","embeddable":true,"href":"https:\/\/www.europesays.com\/fr\/wp-json\/wp\/v2\/categories?post=416879"},{"taxonomy":"post_tag","embeddable":true,"href":"https:\/\/www.europesays.com\/fr\/wp-json\/wp\/v2\/tags?post=416879"}],"curies":[{"name":"wp","href":"https:\/\/api.w.org\/{rel}","templated":true}]}}