{"id":41688,"date":"2025-04-21T14:28:42","date_gmt":"2025-04-21T14:28:42","guid":{"rendered":"https:\/\/www.europesays.com\/fr\/41688\/"},"modified":"2025-04-21T14:28:42","modified_gmt":"2025-04-21T14:28:42","slug":"saint-herblain-symbole-des-anti-tout-beton-le-kiosque-a-ete-demoli-cette-semaine","status":"publish","type":"post","link":"https:\/\/www.europesays.com\/fr\/41688\/","title":{"rendered":"Saint-Herblain. Symbole des anti tout-b\u00e9ton, le kiosque a \u00e9t\u00e9 d\u00e9moli cette semaine"},"content":{"rendered":"<p>Symbole de r\u00e9sistance d\u2019une poign\u00e9e d\u2019individus r\u00e9fractaires au tout-b\u00e9ton des ann\u00e9es 1970, le kiosque de la place Denis-Forestier, \u00e0 Saint-Herblain, quartier Bellevue, a \u00e9t\u00e9 d\u00e9moli. Il aurait d\u00fb \u00eatre d\u00e9construit et install\u00e9 dans un autre lieu.<\/p>\n<p>Daniel Roger, un habitant du secteur, se souvient\u00a0: \u00a0En 1976, des riverains s\u2019\u00e9taient oppos\u00e9s \u00e0 la construction de deux tours. Au-del\u00e0 de la disparition du kiosque \u2014 th\u00e9\u00e2tre de nombreux \u00e9v\u00e9nements populaires et du march\u00e9 \u2014 c\u2019est un pan de la m\u00e9moire d\u2019un quartier populaire qui s\u2019\u00e9vanouit.\u00a0<\/p>\n<p>La r\u00e9novation urbaine engag\u00e9e, en question pour la population, doit se faire \u00e0 condition de garder une ville \u00e0 taille humaine.<\/p>\n<p>\u00a0<\/p>\n","protected":false},"excerpt":{"rendered":"Symbole de r\u00e9sistance d\u2019une poign\u00e9e d\u2019individus r\u00e9fractaires au tout-b\u00e9ton des ann\u00e9es 1970, le kiosque de la place Denis-Forestier,&hellip;\n","protected":false},"author":2,"featured_media":41689,"comment_status":"","ping_status":"","sticky":false,"template":"","format":"standard","meta":{"footnotes":""},"categories":[2818],"tags":[1111,11,12690,12693,2883,1777,674,1011,27,12692,766,12,2636,25,4286,5572,6304,12691],"class_list":{"0":"post-41688","1":"post","2":"type-post","3":"status-publish","4":"format-standard","5":"has-post-thumbnail","7":"category-nantes","8":"tag-actu","9":"tag-actualites","10":"tag-anti","11":"tag-demoli","12":"tag-ete","13":"tag-eu","14":"tag-europe","15":"tag-fr","16":"tag-france","17":"tag-kiosque","18":"tag-nantes","19":"tag-news","20":"tag-pays-de-la-loire","21":"tag-republique-francaise","22":"tag-saint-herblain","23":"tag-semaine","24":"tag-symbole","25":"tag-tout-beton"},"share_on_mastodon":{"url":"https:\/\/pubeurope.com\/@fr\/114376428942326490","error":""},"_links":{"self":[{"href":"https:\/\/www.europesays.com\/fr\/wp-json\/wp\/v2\/posts\/41688","targetHints":{"allow":["GET"]}}],"collection":[{"href":"https:\/\/www.europesays.com\/fr\/wp-json\/wp\/v2\/posts"}],"about":[{"href":"https:\/\/www.europesays.com\/fr\/wp-json\/wp\/v2\/types\/post"}],"author":[{"embeddable":true,"href":"https:\/\/www.europesays.com\/fr\/wp-json\/wp\/v2\/users\/2"}],"replies":[{"embeddable":true,"href":"https:\/\/www.europesays.com\/fr\/wp-json\/wp\/v2\/comments?post=41688"}],"version-history":[{"count":0,"href":"https:\/\/www.europesays.com\/fr\/wp-json\/wp\/v2\/posts\/41688\/revisions"}],"wp:featuredmedia":[{"embeddable":true,"href":"https:\/\/www.europesays.com\/fr\/wp-json\/wp\/v2\/media\/41689"}],"wp:attachment":[{"href":"https:\/\/www.europesays.com\/fr\/wp-json\/wp\/v2\/media?parent=41688"}],"wp:term":[{"taxonomy":"category","embeddable":true,"href":"https:\/\/www.europesays.com\/fr\/wp-json\/wp\/v2\/categories?post=41688"},{"taxonomy":"post_tag","embeddable":true,"href":"https:\/\/www.europesays.com\/fr\/wp-json\/wp\/v2\/tags?post=41688"}],"curies":[{"name":"wp","href":"https:\/\/api.w.org\/{rel}","templated":true}]}}