{"id":416885,"date":"2025-09-25T16:19:09","date_gmt":"2025-09-25T16:19:09","guid":{"rendered":"https:\/\/www.europesays.com\/fr\/416885\/"},"modified":"2025-09-25T16:19:09","modified_gmt":"2025-09-25T16:19:09","slug":"les-brocantes-et-vide-greniers-organises-a-paris-et-en-ile-de-france-le-week-end-des-27-et-28-septembre","status":"publish","type":"post","link":"https:\/\/www.europesays.com\/fr\/416885\/","title":{"rendered":"Les brocantes et vide-greniers organis\u00e9s \u00e0 Paris et en \u00cele-de-France le week-end des 27 et 28 septembre"},"content":{"rendered":"<p>            Par<br \/>\n        <strong><br \/>\n            <a href=\"https:\/\/actu.fr\/auteur\/redaction-paris\" title=\"Consulter tous les articles de R\u00e9daction Paris\" rel=\"nofollow noopener\" target=\"_blank\">R\u00e9daction Paris<\/a><br \/>\n        <\/strong><\/p>\n<p>        Publi\u00e9 le<\/p>\n<p>            25 sept. 2025 \u00e0 17h52        <\/p>\n<p>R\u00e9servez votre week-end des 27 et 28 septembre 2025 pour faire le plein de bonnes affaires. Durant ces deux jours, de nombreux <a href=\"https:\/\/actu.fr\/tag\/vide-greniers\" rel=\"nofollow noopener\" target=\"_blank\">vide-greniers<\/a> et <a href=\"https:\/\/actu.fr\/tag\/brocante\" rel=\"nofollow noopener\" target=\"_blank\">brocantes<\/a> sont organis\u00e9s \u00e0 Paris et dans le reste de l\u2019\u00cele-de-France. Autant d\u2019occasions de chiner dans la r\u00e9gion.\u00a0<\/p>\n<p>Les brocantes, braderies et vide-greniers en \u00cele-de-France samedi 27 septembre<\/p>\n<ul class=\" wall-content\">\n<li>Paris (9e) : brocante \u2013 29, Boulevard Haussmann<\/li>\n<li>Paris (14e) : vide-greniers \u2013 Rue Friant \u2013 De 8h \u00e0 18h<\/li>\n<li>Paris (15e) : vide-greniers \u2013 Caf\u00e9s J-Ladoux, Rue Copreaux, Quartier Necker<\/li>\n<li>Paris (3e) : vide-greniers \u2013 11, Rue de la Perle \u2013 De 9h \u00e0 18h<\/li>\n<li>Paris (14e) : vide-greniers \u2013 49 Avenue de l\u2019Observatoire<\/li>\n<li>Paris (19e) : vide-greniers \u2013 24, Rue Petit \u2013 De 9h \u00e0 19h<\/li>\n<li>Paris (20e) : vide-greniers \u2013 21, Rue Duris \u2013 De 10 \u00e0 17h<\/li>\n<li>Paris (20e) : vide-greniers \u2013 Place du Guignier \u2013 De 8h \u00e0 18h<\/li>\n<li>Aubergenville (78) : braderie \u2013 Maison des Associations, Route de Quarante Sous \u2013 De 10h \u00e0 17h<\/li>\n<li>Poissy (78) : Brocante \u2013 H\u00f4tel de Ville, Place de la R\u00e9publique \u2013 De 8h \u00e0 18h30<\/li>\n<li>Saint-Arnoult-en-Yvelines (78) : Brocante \u2013 Place Jean-Moulin, Rue Louis Genet \u2013 De 8h \u00e0 19h<\/li>\n<li>Triel-sur-Seine (78) : Vide-greniers \u2013 Quais de seine Quai Aristide Briand \u2013 De 8h \u00e0 17h<\/li>\n<li>Saulx-Marchais (78) : vide-greniers \u2013 Rue de la Mairie \u2013 De 9h \u00e0 18h<\/li>\n<li>Triel-sur-Seine (78) : vide-greniers \u2013 Quais de seine Quai Aristide Briand \u2013 De 8h \u00e0 17h<\/li>\n<li>Poissy (78) : brocante \u2013 H\u00f4tel de Ville, Place de la R\u00e9publique \u2013 De 8h \u00e0 18h30<\/li>\n<li>Saint-Arnoult-en-Yvelines (78) : brocante \u2013 Place Jean-Moulin, Rue Louis Genet \u2013 De 8h \u00e0 19h<\/li>\n<li>Palaiseau (91) : brocante \u2013 7, Rue de Paris \u2013 De 9h \u00e0 19h<\/li>\n<li>Ch\u00e2tillon (92) : brocante \u2013 Stade, Avenue Cl\u00e9ment Perriere \u2013 De 9h \u00e0 17h<\/li>\n<li>Ch\u00e2tenay-Malabry (92) : vide-greniers \u2013 Creps d\u2019\u00cele de France, Rue du Docteur Le Savoureux, Domaine de Seignelay \u2013 De 8h30 \u00e0 17h30<\/li>\n<li>La Garenne-Colombes (92) : vide-greniers \u2013 March\u00e9 des Vall\u00e9es, Rue du 8 Mai 1945 \u2013 De 8h \u00e0 18h30<\/li>\n<li>Noisy-le-Sec (93) : vide-greniers \u2013 Place des provinces \u2013 De 8h \u00e0 18h<\/li>\n<li>Champigny-sur-Marne (94) : brocante \u2013 Place de Coeuilly \u2013 De 8h \u00e0 16h30<\/li>\n<li>Vitry-sur-Seine (94) : vide-greniers \u2013 Rue Moli\u00e8re,rue Auber,rue Lamartine \u2013 De 9h \u00e0 17h<\/li>\n<li>Domont (95) : vide-greniers \u2013 Rue Aristide Briand \u2013 De 5h \u00e0 19h<\/li>\n<li>Ableiges (95) : vide-greniers \u2013 Domaine d\u2019Ableiges \u2013 De 9h \u00e0 16h<\/li>\n<\/ul>\n<p>Les brocantes, braderies et vide-greniers en \u00cele-de-France dimanche 28 septembre<\/p>\n<ul class=\" wall-content\">\n<li>Paris (11e) : vide-greniers \u2013 Rues Popincourt, Sedaine et Chemin Vert \u2013 De 8h \u00e0 18h<\/li>\n<li>Paris (15e) : brocante \u2013 Caf\u00e9s J-Ladoux, Rue Copreaux\u00a0<\/li>\n<li>Paris (20e) : vide-greniers \u2013 Rue Sorbier \u2013 De 8h \u00e0 18h<\/li>\n<li>Saint-Mard (77) : brocante \u2013 Rue Gambetta \u2013 De 8h \u00e0 18h<\/li>\n<li>Le M\u00e9e-sur-Seine (77) : brocante \u2013 Avenue de la Gare \u2013 De 6h30 \u00e0 16h<\/li>\n<li>Chailly-en-Bi\u00e8re (77) : vide-greniers \u2013 Mairie \u2013 De 8h \u00e0 17h<\/li>\n<li>Chatou (78) : salon d\u2019antiquaires \u2013 Les Bas de Chatou \u2013 De 10h \u00e0 19h<\/li>\n<li>Bougival (78) : vide-greniers \u2013 46, Rue du G\u00e9n\u00e9ral Leclerc \u2013 De 8h \u00e0 18h<\/li>\n<li>Feucherolles (78)\u00a0 : brocante \u2013 Rue des Petits Pr\u00e9s et Grande Rue \u2013 De 9h \u00e0 18h<\/li>\n<li>Villennes-sur-Seine (78) : vide-greniers \u2013 Centre-ville \u2013 De 8h \u00e0 18h<\/li>\n<li>Triel-sur-Seine (78) : Vide-greniers \u2013 Quais de seine Quai Aristide Briand \u2013 De 8h \u00e0 17h<\/li>\n<li>Morangis (91) : vide-greniers \u2013 Parking de la Mairie, Avenue de la R\u00e9publique, rue J.H. Mansart \u2013 De 9h \u00e0 18h<\/li>\n<li>Palaiseau (91) : brocante \u2013 7, Rue de Paris \u2013 De 9h \u00e0 19h<\/li>\n<li>Montgeron (91) : brocante \u2013 Rue Mercure, Zone d\u2019Activit\u00e9 du Bac d\u2019Ablon \u2013 De 8h \u00e0 18h<\/li>\n<li>Sainte-Genevi\u00e8ve-des-Bois (91) : vide-greniers \u2013 Le Beaus\u00e9jour, 1, Avenue Gabriel P\u00e9ri \u2013 De 6h \u00e0 18h<\/li>\n<li>Villab\u00e9 (91) : vide-greniers \u2013 Salle des f\u00eates \u2018La Villa\u2019, Autoroute du Soleil, Hameau de Villoison \u2013 De 8h \u00e0 18h<\/li>\n<li>La Norville (91) : vide-greniers \u2013 Salle Pablo Picasso, 70, Chemin de la Garenne \u2013 De 8h \u00e0 17h<\/li>\n<li>Mennecy (91) : braderie \u2013 16, Avenue Darblay\u00a0 \u2013 De 8h \u00e0 18h<\/li>\n<li>Ballancourt-sur-Essonne (91) : Brocante \u2013 Turelle, Rue de la Pap\u00e9terie \u2013 De 8h \u00e0 18h<\/li>\n<li>Mauchamps (91) : vide-greniers \u2013 1 place st.Jean \u2013 De 6h \u00e0 18h<\/li>\n<li>Montrouge (92) : vide-greniers \u2013 Parking Jules Ferry, Avenue du Fort \u2013 De 8h \u00e0 18h<\/li>\n<li>Levallois-Perret (92) : vide-greniers \u2013 Place Georges Pompidou \u2013 De 8h \u00e0 18h<\/li>\n<li>Asni\u00e8res-sur-Seine (92) : vide-greniers \u2013 Parc robinson \u2013 De 8h \u00e0 18h<\/li>\n<li>Saint-Cloud (92) : vide-greniers \u2013 Rues et places autour de le mairie de Saint-Cloud\u00a0 \u2013 De 8h30 \u00e0 18h<\/li>\n<li>Rueil-Malmaison (92) : vide-greniers \u2013 Avenue de Colmar \u2013 De 8h \u00e0 18h<\/li>\n<li>Aubervilliers (93) : vide-greniers \u2013 Place Rosa Parks \u2013 De 8h \u00e0 18h<\/li>\n<li>Montfermeil (93) : brocante \u2013 Avenue Jean Jaur\u00e8s \u2013 De 8h \u00e0 18h<\/li>\n<li>Livry-Gargan (93) : vide-greniers \u2013 Place jacob et parking nicolas \u2013 De 8h \u00e0 17h<\/li>\n<li>Vaujours (93) : brocante \u2013 Institution F\u00e9n\u00e9lon, Avenue de l\u2019Europe \u2013 De 9h \u00e0 18h<\/li>\n<li>Saint-Maur-des-Foss\u00e9s (94) : vide-greniers \u2013 Place d\u2019Adamville \u2013 Kennedy \u2013 De 8h \u00e0 18h<\/li>\n<li>Villeneuve-Saint-Georges (94) : vide-greniers \u2013 Rue Henri Sellier \u2013 De 8h \u00e0 18h<\/li>\n<li>Argenteuil (95) : brocante \u2013 Poste d\u2019Argenteuil \u2013 C\u00f4teaux, Avenue du Mar\u00e9chal Joffre \u2013 De 8h \u00e0 17h<\/li>\n<li>Montigny-l\u00e8s-Cormeilles (95) : brocante \u2013 Parvis Picasso \u2013 De 9h \u00e0 18h<\/li>\n<li>Domont (95) : vide-greniers \u2013 Rue Aristide Briand \u2013 De 5h \u00e0 19h<\/li>\n<li>Saint-Leu-la-For\u00eat (95) : vide-greniers \u2013 Rue du G\u00e9n\u00e9ral Leclerc, rue de Paris\u00a0<\/li>\n<li>Louvres (95) : brocante \u2013 Avenue de la Gare, Rue de la Briqueterie \u2013 De 8h \u00e0 17h<\/li>\n<li>Presles (95) : brocante \u2013 Rue de la R\u00e9publique \u2013 De 6h \u00e0 18h<\/li>\n<li>Ableiges (95) : vide-greniers \u2013 Domaine d\u2019Ableiges \u2013 De 9h \u00e0 16h<\/li>\n<\/ul>\n<p class=\" wall-content\">Personnalisez votre actualit\u00e9 en ajoutant vos villes et m\u00e9dias en favori avec <a href=\"https:\/\/moncompte.actu.fr\" title=\"D\u00e9couvez Mon Actu\" rel=\"nofollow noopener\" data-trk=\"{&quot;cta&quot;:{&quot;action&quot;:&quot;https:\\\/\\\/moncompte.actu.fr&quot;,&quot;category&quot;:&quot;mon compte&quot;,&quot;from&quot;:&quot;article footer&quot;,&quot;name&quot;:&quot;Mon actu&quot;,&quot;type&quot;:&quot;cta&quot;}}\" target=\"_blank\">Mon Actu<\/a>.<\/p>\n","protected":false},"excerpt":{"rendered":"Par R\u00e9daction Paris Publi\u00e9 le 25 sept. 2025 \u00e0 17h52 R\u00e9servez votre week-end des 27 et 28 septembre&hellip;\n","protected":false},"author":2,"featured_media":416886,"comment_status":"","ping_status":"","sticky":false,"template":"","format":"standard","meta":{"footnotes":""},"categories":[1592],"tags":[1111,11,6961,1777,674,1011,27,662,1652,12,626,25,3365],"class_list":{"0":"post-416885","1":"post","2":"type-post","3":"status-publish","4":"format-standard","5":"has-post-thumbnail","7":"category-ile-de-france","8":"tag-actu","9":"tag-actualites","10":"tag-brocante","11":"tag-eu","12":"tag-europe","13":"tag-fr","14":"tag-france","15":"tag-ile-de-france","16":"tag-loisirs-culture","17":"tag-news","18":"tag-paris","19":"tag-republique-francaise","20":"tag-vide-greniers"},"share_on_mastodon":{"url":"https:\/\/pubeurope.com\/@fr\/115265848177345786","error":""},"_links":{"self":[{"href":"https:\/\/www.europesays.com\/fr\/wp-json\/wp\/v2\/posts\/416885","targetHints":{"allow":["GET"]}}],"collection":[{"href":"https:\/\/www.europesays.com\/fr\/wp-json\/wp\/v2\/posts"}],"about":[{"href":"https:\/\/www.europesays.com\/fr\/wp-json\/wp\/v2\/types\/post"}],"author":[{"embeddable":true,"href":"https:\/\/www.europesays.com\/fr\/wp-json\/wp\/v2\/users\/2"}],"replies":[{"embeddable":true,"href":"https:\/\/www.europesays.com\/fr\/wp-json\/wp\/v2\/comments?post=416885"}],"version-history":[{"count":0,"href":"https:\/\/www.europesays.com\/fr\/wp-json\/wp\/v2\/posts\/416885\/revisions"}],"wp:featuredmedia":[{"embeddable":true,"href":"https:\/\/www.europesays.com\/fr\/wp-json\/wp\/v2\/media\/416886"}],"wp:attachment":[{"href":"https:\/\/www.europesays.com\/fr\/wp-json\/wp\/v2\/media?parent=416885"}],"wp:term":[{"taxonomy":"category","embeddable":true,"href":"https:\/\/www.europesays.com\/fr\/wp-json\/wp\/v2\/categories?post=416885"},{"taxonomy":"post_tag","embeddable":true,"href":"https:\/\/www.europesays.com\/fr\/wp-json\/wp\/v2\/tags?post=416885"}],"curies":[{"name":"wp","href":"https:\/\/api.w.org\/{rel}","templated":true}]}}