{"id":416887,"date":"2025-09-25T16:20:13","date_gmt":"2025-09-25T16:20:13","guid":{"rendered":"https:\/\/www.europesays.com\/fr\/416887\/"},"modified":"2025-09-25T16:20:13","modified_gmt":"2025-09-25T16:20:13","slug":"en-ile-de-france-trop-de-familles-modestes-privees-de-logements-hlm","status":"publish","type":"post","link":"https:\/\/www.europesays.com\/fr\/416887\/","title":{"rendered":"En \u00cele-de-France, trop de familles modestes priv\u00e9es de logements HLM\u00a0?"},"content":{"rendered":"<p>Contraindre les pr\u00e9fets des six d\u00e9partements d\u2019\u00cele-de-France \u00e0 appliquer la loi\u00a0sur l\u2019attribution de logements sociaux. La Fondation pour le logement des personnes d\u00e9favoris\u00e9es (ancienne Fondation Abb\u00e9-Pierre), le Secours catholique et la F\u00e9d\u00e9ration des acteurs de la solidarit\u00e9 ont d\u00e9pos\u00e9, mercredi 24\u00a0septembre, des requ\u00eates \u00ab\u00a0pour exc\u00e8s de pouvoir\u00a0\u00bb devant cinq tribunaux administratifs, en vue de contraindre ces repr\u00e9sentants de l\u2019\u00c9tat \u00e0 appliquer la loi visant \u00e0 soutenir la mixit\u00e9 sociale.<\/p>\n","protected":false},"excerpt":{"rendered":"Contraindre les pr\u00e9fets des six d\u00e9partements d\u2019\u00cele-de-France \u00e0 appliquer la loi\u00a0sur l\u2019attribution de logements sociaux. La Fondation pour&hellip;\n","protected":false},"author":2,"featured_media":416888,"comment_status":"","ping_status":"","sticky":false,"template":"","format":"standard","meta":{"footnotes":""},"categories":[1592],"tags":[1111,11,1777,674,1011,27,662,10284,16354,12,626,25,16530],"class_list":{"0":"post-416887","1":"post","2":"type-post","3":"status-publish","4":"format-standard","5":"has-post-thumbnail","7":"category-ile-de-france","8":"tag-actu","9":"tag-actualites","10":"tag-eu","11":"tag-europe","12":"tag-fr","13":"tag-france","14":"tag-ile-de-france","15":"tag-location","16":"tag-logement-social","17":"tag-news","18":"tag-paris","19":"tag-republique-francaise","20":"tag-um_mpi"},"share_on_mastodon":{"url":"https:\/\/pubeurope.com\/@fr\/115265852194565985","error":""},"_links":{"self":[{"href":"https:\/\/www.europesays.com\/fr\/wp-json\/wp\/v2\/posts\/416887","targetHints":{"allow":["GET"]}}],"collection":[{"href":"https:\/\/www.europesays.com\/fr\/wp-json\/wp\/v2\/posts"}],"about":[{"href":"https:\/\/www.europesays.com\/fr\/wp-json\/wp\/v2\/types\/post"}],"author":[{"embeddable":true,"href":"https:\/\/www.europesays.com\/fr\/wp-json\/wp\/v2\/users\/2"}],"replies":[{"embeddable":true,"href":"https:\/\/www.europesays.com\/fr\/wp-json\/wp\/v2\/comments?post=416887"}],"version-history":[{"count":0,"href":"https:\/\/www.europesays.com\/fr\/wp-json\/wp\/v2\/posts\/416887\/revisions"}],"wp:featuredmedia":[{"embeddable":true,"href":"https:\/\/www.europesays.com\/fr\/wp-json\/wp\/v2\/media\/416888"}],"wp:attachment":[{"href":"https:\/\/www.europesays.com\/fr\/wp-json\/wp\/v2\/media?parent=416887"}],"wp:term":[{"taxonomy":"category","embeddable":true,"href":"https:\/\/www.europesays.com\/fr\/wp-json\/wp\/v2\/categories?post=416887"},{"taxonomy":"post_tag","embeddable":true,"href":"https:\/\/www.europesays.com\/fr\/wp-json\/wp\/v2\/tags?post=416887"}],"curies":[{"name":"wp","href":"https:\/\/api.w.org\/{rel}","templated":true}]}}