{"id":416894,"date":"2025-09-25T16:24:13","date_gmt":"2025-09-25T16:24:13","guid":{"rendered":"https:\/\/www.europesays.com\/fr\/416894\/"},"modified":"2025-09-25T16:24:13","modified_gmt":"2025-09-25T16:24:13","slug":"disparition-les-obseques-de-claudia-cardinale-auront-lieu-mardi-a-paris","status":"publish","type":"post","link":"https:\/\/www.europesays.com\/fr\/416894\/","title":{"rendered":"Disparition. Les obs\u00e8ques de Claudia Cardinale auront lieu mardi \u00e0 Paris"},"content":{"rendered":"<p>Les obs\u00e8ques de l&rsquo;actrice franco-italienne Claudia Cardinale, d\u00e9c\u00e9d\u00e9e \u00e0 87 ans en r\u00e9gion parisienne, auront lieu mardi \u00e0 14h30 \u00e0 l&rsquo;\u00e9glise Saint-Roch, dans le 1er arrondissement de Paris, a indiqu\u00e9 jeudi son agent Laurent Savry.<\/p>\n<p>Un hommage religieux lui sera \u00e9galement rendu mercredi \u00e0 Nemours (Seine-et-Marne), o\u00f9 elle r\u00e9sidait. Elle sera incin\u00e9r\u00e9e \u00ab dans la plus stricte intimit\u00e9 familiale \u00bb, a pr\u00e9cis\u00e9 Laurent Savry.\u00a0 L&rsquo;\u00e9glise Saint-Roch est celle de l\u2019aum\u00f4nerie des artistes et accueille r\u00e9guli\u00e8rement des fun\u00e9railles de c\u00e9l\u00e9brit\u00e9s.\u00a0<\/p>\n<p>L\u00e9gende du cin\u00e9ma italien<\/p>\n<p>La famille a demand\u00e9 \u00ab ni fleurs, ni souvenirs \u00bb, mais invite ceux qui souhaitent rendre hommage \u00e0 l&rsquo;actrice \u00e0 faire un don \u00e0 la Fondazione Claudia Cardinale, qu&rsquo;elle a cr\u00e9\u00e9e avec sa fille \u00e0 Nemours, lieu d&rsquo;accueil et de promotion de jeunes artistes.\u00a0<\/p>\n<p>L\u00e9gende du cin\u00e9ma italien, Claudia Cardinale, d\u00e9c\u00e9d\u00e9e mardi, a tourn\u00e9 avec les plus grands r\u00e9alisateurs dont Luchino Visconti, Federico Fellini, Richard Brooks, Henri Verneuil ou encore Sergio Leone.<\/p>\n<p>Inoubliable dans Le Gu\u00e9pard, Il \u00e9tait une fois dans l&rsquo;ouest ou encore Huit et demi, elle a incarn\u00e9 le renouveau italien des ann\u00e9es 60 et brill\u00e9 \u00e0 Hollywood et en France.<\/p>\n<p>\u00c0 la fin de sa vie, elle vivait de \u00ab mani\u00e8re simple, humble, \u00e0 son image \u00bb, disait mercredi \u00e0 l&rsquo;AFP\u00a0sa fille Claudia\u00a0Squitieri, qui habitait avec elle \u00e0 Nemours. \u00ab Je suis tr\u00e8s heureuse d&rsquo;avoir pu partager ces derni\u00e8res ann\u00e9es avec elle, dans la f\u00eate et dans la vie tr\u00e8s bouillonnante de ce lieu \u00bb, a confi\u00e9 Claudia Squitieri. \u00ab Je pense qu&rsquo;elle a \u00e9t\u00e9 heureuse ici \u00bb.<\/p>\n","protected":false},"excerpt":{"rendered":"Les obs\u00e8ques de l&rsquo;actrice franco-italienne Claudia Cardinale, d\u00e9c\u00e9d\u00e9e \u00e0 87 ans en r\u00e9gion parisienne, auront lieu mardi \u00e0&hellip;\n","protected":false},"author":2,"featured_media":416895,"comment_status":"","ping_status":"","sticky":false,"template":"","format":"standard","meta":{"footnotes":""},"categories":[1888],"tags":[11,650,1687,1777,674,107,1011,27,329,12,626,973,25,104],"class_list":{"0":"post-416894","1":"post","2":"type-post","3":"status-publish","4":"format-standard","5":"has-post-thumbnail","7":"category-paris","8":"tag-actualites","9":"tag-cinema","10":"tag-culture-loisirs","11":"tag-eu","12":"tag-europe","13":"tag-fil-info","14":"tag-fr","15":"tag-france","16":"tag-france-monde","17":"tag-news","18":"tag-paris","19":"tag-people","20":"tag-republique-francaise","21":"tag-societe"},"share_on_mastodon":{"url":"https:\/\/pubeurope.com\/@fr\/115265868184984509","error":""},"_links":{"self":[{"href":"https:\/\/www.europesays.com\/fr\/wp-json\/wp\/v2\/posts\/416894","targetHints":{"allow":["GET"]}}],"collection":[{"href":"https:\/\/www.europesays.com\/fr\/wp-json\/wp\/v2\/posts"}],"about":[{"href":"https:\/\/www.europesays.com\/fr\/wp-json\/wp\/v2\/types\/post"}],"author":[{"embeddable":true,"href":"https:\/\/www.europesays.com\/fr\/wp-json\/wp\/v2\/users\/2"}],"replies":[{"embeddable":true,"href":"https:\/\/www.europesays.com\/fr\/wp-json\/wp\/v2\/comments?post=416894"}],"version-history":[{"count":0,"href":"https:\/\/www.europesays.com\/fr\/wp-json\/wp\/v2\/posts\/416894\/revisions"}],"wp:featuredmedia":[{"embeddable":true,"href":"https:\/\/www.europesays.com\/fr\/wp-json\/wp\/v2\/media\/416895"}],"wp:attachment":[{"href":"https:\/\/www.europesays.com\/fr\/wp-json\/wp\/v2\/media?parent=416894"}],"wp:term":[{"taxonomy":"category","embeddable":true,"href":"https:\/\/www.europesays.com\/fr\/wp-json\/wp\/v2\/categories?post=416894"},{"taxonomy":"post_tag","embeddable":true,"href":"https:\/\/www.europesays.com\/fr\/wp-json\/wp\/v2\/tags?post=416894"}],"curies":[{"name":"wp","href":"https:\/\/api.w.org\/{rel}","templated":true}]}}