{"id":416896,"date":"2025-09-25T16:25:17","date_gmt":"2025-09-25T16:25:17","guid":{"rendered":"https:\/\/www.europesays.com\/fr\/416896\/"},"modified":"2025-09-25T16:25:17","modified_gmt":"2025-09-25T16:25:17","slug":"la-russie-est-aussi-agressive-dans-lespace-et-ca-irrite-lallemagne","status":"publish","type":"post","link":"https:\/\/www.europesays.com\/fr\/416896\/","title":{"rendered":"La Russie est aussi agressive dans l&rsquo;espace, et \u00e7a irrite l&rsquo;Allemagne"},"content":{"rendered":"<p>C\u2019est un reproche public rare : le ministre de la D\u00e9fense allemand, Boris Pistorius, a critiqu\u00e9 l\u2019attitude de Moscou et P\u00e9kin dans l\u2019espace. La Russie a \u00e9t\u00e9 plus particuli\u00e8rement cibl\u00e9e, en raison de satellites de renseignement qui se sont un peu trop approch\u00e9s d\u2019engins utilis\u00e9s par les forces arm\u00e9es allemandes.<\/p>\n<p>C\u2019est une chose de le savoir. \u00c7a en est une autre de le dire publiquement. Dans une prise de parole in\u00e9dite \u00e0 ce propos, Boris Pistorius, ministre allemand de la D\u00e9fense, a directement d\u00e9nonc\u00e9 le comportement de la Russie dans l\u2019espace. Il a affirm\u00e9 en particulier que Moscou a utilis\u00e9 deux satellites de reconnaissance pour aller espionner ceux de l\u2019arm\u00e9e allemande.<\/p>\n<p>Berlin critique Moscou et P\u00e9kin<\/p>\n<p>Cette accusation, rapport\u00e9e notamment par <a href=\"https:\/\/edition.cnn.com\/2025\/09\/25\/europe\/germany-warning-russia-space-threat-intl\" target=\"_blank\" rel=\"noreferrer noopener\">CNN<\/a> et <a href=\"https:\/\/news.sky.com\/story\/german-satellites-being-shadowed-by-russian-satellites-warns-defence-minister-13437664\" target=\"_blank\" rel=\"noreferrer noopener\">Sky News<\/a>, a \u00e9t\u00e9 formul\u00e9e le jeudi 25 septembre 2025 lors d\u2019une conf\u00e9rence sur l\u2019espace, \u00e0 Berlin. \u00c0 cette occasion, P\u00e9kin en a aussi pris pour son grade, alors que le pays m\u00e8ne tambour battant la modernisation de son arm\u00e9e et de ses moyens de renseignement, y compris autour de la Terre.<\/p>\n<p>Aux yeux du ministre, \u00ab la Russie et la Chine ont rapidement d\u00e9velopp\u00e9 leurs capacit\u00e9s de guerre spatiale au cours des derni\u00e8res ann\u00e9es : [les deux pays] peuvent <a href=\"https:\/\/www.numerama.com\/cyberguerre\/459682-peut-on-hacker-les-satellites.html\" target=\"_blank\" rel=\"noopener\">perturber le fonctionnement des satellites<\/a>, les aveugler, les manipuler ou les d\u00e9truire de mani\u00e8re cin\u00e9tique \u00bb. Ils peuvent par ailleurs se rapprocher de leurs cibles.<\/p>\n<p><a href=\"https:\/\/www.numerama.com\/wp-content\/uploads\/2025\/09\/54569628734-84c6438310-k.jpg\" target=\"_blank\" rel=\"noopener\"><img decoding=\"async\" width=\"1024\" height=\"683\" loading=\"lazy\" alt=\"Boris Pistorius, \u00e0 gauche. \/\/ Source : NATO\" title=\"Boris Pistorius, \u00e0 gauche. \/\/ Source : NATO\" class=\"wp-image-2082417 placeholder-default wp-image\" src=\"https:\/\/www.europesays.com\/fr\/wp-content\/uploads\/2025\/09\/54569628734-84c6438310-k-1024x683.jpg\" \/><\/a>Boris Pistorius, \u00e0 gauche. \/\/ Source : <a target=\"_blank\" href=\"https:\/\/flickr.com\/photos\/nato\/54569628734\/\" rel=\"noopener\">NATO<\/a><\/p>\n<p>D\u2019apr\u00e8s Boris Pistorius, les deux satellites russes mis en cause sont de la famille \u00ab Luch\/Olymp \u00bb qui ont \u00e9volu\u00e9 \u00e0 proximit\u00e9 des satellites Intelsat utilis\u00e9s par les forces arm\u00e9es allemandes et par d\u2019autres. L\u2019interception des communications transmises par les satellites victimes n\u2019est pas \u00e9voqu\u00e9e, ni si ce qui a \u00e9t\u00e9 capt\u00e9 \u00e9tait exploitable ou non.<\/p>\n<p>Jusqu\u2019\u00e0 aujourd\u2019hui, l\u2019int\u00e9ress\u00e9 n\u2019avait jamais mentionn\u00e9 de tels incidents en citant ces deux puissances, ce qui constitue un certain revirement de la part de Berlin. Ces rapprochements hostiles en orbite de la Terre <a href=\"https:\/\/www.europe1.fr\/technologies\/espionnage-ecoutes-analyses-quest-ce-que-luch-olymp-2-ce-satellite-russe-qui-interroge-par-ses-manoeuvres-668397\" target=\"_blank\" rel=\"noreferrer noopener\">seraient assez r\u00e9currents<\/a>, mais ces man\u0153uvres \u00e0 des fins d\u2019espionnage ou de perturbation est la plupart du temps couverte par le secret d\u00e9fense.<\/p>\n<p>La France a r\u00e9v\u00e9l\u00e9 aussi un incident<\/p>\n<p>Il arrive cependant que des cas similaires soient d\u00e9classifi\u00e9s. L\u2019exemple cl\u00e9 en France est celui d\u2019Athena-Fidus, un satellite g\u00e9r\u00e9 par la France et l\u2019Italie, lanc\u00e9 en 2014 et d\u00e9di\u00e9 aux communications militaires s\u00e9curis\u00e9es. Fin 2018, la ministre des Arm\u00e9es d\u2019alors, Florence Parly, r\u00e9v\u00e9lait qu\u2019un satellite russe Luch\/Olymp <a href=\"https:\/\/www.lemonde.fr\/international\/article\/2018\/09\/07\/paris-revele-une-tentative-d-espionnage-russe-sur-un-satellite-franco-italien-en-2017_5351908_3210.html\" target=\"_blank\" rel=\"noreferrer noopener\">s\u2019\u00e9tait approch\u00e9 d\u2019assez pr\u00e8s<\/a> d\u2019Athena-Fidus.<\/p>\n<p>L\u2019affaire des satellites Intelsat serait assez ancienne \u2014 le site Sat Track Cam <a href=\"https:\/\/sattrackcam.blogspot.com\/2025\/03\/the-russian-eavesdropping-satellite.html\" target=\"_blank\" rel=\"noreferrer noopener\">avait not\u00e9<\/a> le mouvement en mars 2025, ajoutant que Moscou changerait de cible tous les deux \u00e0 quatre mois. Le renseignement allemand devait, lui aussi, avoir connaissance de cela. Il revient \u00e0 la fin au pouvoir politique de d\u00e9cider ou non de mentionner publiquement ces \u00e9v\u00e8nements.<\/p>\n<p><a href=\"https:\/\/www.numerama.com\/wp-content\/uploads\/2020\/09\/florence-parly.jpg\" target=\"_blank\" rel=\"noopener\"><img decoding=\"async\" width=\"1024\" height=\"576\" loading=\"lazy\" alt=\"Florence Parly\" title=\"Florence Parly\" class=\"wp-image-647366 placeholder-default wp-image\" src=\"https:\/\/www.europesays.com\/fr\/wp-content\/uploads\/2025\/09\/florence-parly-1024x576.jpg\" \/><\/a>Florence Parly. \/\/ Source : <a target=\"_blank\" href=\"https:\/\/www.flickr.com\/photos\/secdef\/48694393657\/\" rel=\"noopener\">Lisa Ferdinando<\/a><\/p>\n<p>La prise de parole de Boris Pistorius survient dans un contexte de tension importante entre l\u2019Occident et la Russie en raison de la guerre incessante que Moscou m\u00e8ne en Ukraine. Le Kremlin est accus\u00e9 de mener en parall\u00e8le des op\u00e9rations de d\u00e9stabilisation en Europe, avec un vrai agenda de conflit hybride, mais en restant sous le seuil d\u2019un r\u00e9el affrontement.<\/p>\n<p>Ces derni\u00e8res semaines, ces frictions se sont accrues avec la <a href=\"https:\/\/www.numerama.com\/tech\/2070499-cette-carte-montre-lampleur-de-lattaque-des-drones-russes-en-ukraine-et-en-pologne.html\" target=\"_blank\" rel=\"noopener\">d\u00e9tection de drones russes dans le ciel polonais<\/a> et des <a href=\"https:\/\/www.ladepeche.fr\/2025\/09\/23\/entretien-incursions-russes-en-pologne-et-en-estonie-tant-que-les-europeens-nenverront-pas-un-signal-fort-la-russie-ne-les-respectera-jamais-12946405.php\" target=\"_blank\" rel=\"noreferrer noopener\">incursions de chasseurs russes<\/a> dans l\u2019espace a\u00e9rien estonien. Et d\u00e9j\u00e0, <a href=\"https:\/\/www.numerama.com\/tech\/2082215-menace-systematique-un-aeroport-danois-ferme-apres-le-survol-de-drones-dorigine-inconnue.html\" target=\"_blank\" rel=\"noopener\">les survols de drones au Danemark<\/a> sont suspect\u00e9s d\u2019\u00eatre commandit\u00e9s par le Kremlin, peut-\u00eatre \u00e0 partir de bateaux croisant dans les parages.<\/p>\n<p>    Pour aller plus loin<\/p>\n<p>                <img decoding=\"async\" width=\"87\" height=\"87\" loading=\"lazy\" alt=\"Source : Agence de l'innovation de d\u00e9fense\" title=\"Source : Agence de l'innovation de d\u00e9fense\" class=\"placeholder-default wp-image\" src=\"https:\/\/www.europesays.com\/fr\/wp-content\/uploads\/2025\/09\/demo-toutatis-video-120x120.jpg\" \/>            <\/p>\n<p>            <img decoding=\"async\" src=\"https:\/\/www.europesays.com\/fr\/wp-content\/uploads\/2025\/04\/iPhone-16-pro.png\" alt=\"Toute l'actu tech en un clien d'oeil\"\/><\/p>\n<p class=\"card-install-pwa__title\">Toute l&rsquo;actu tech en un clin d&rsquo;\u0153il<\/p>\n<p class=\"card-install-pwa__description\">Ajoutez Numerama \u00e0 votre \u00e9cran d&rsquo;accueil et restez connect\u00e9s au futur !<\/p>\n<p>            <img decoding=\"async\" src=\"https:\/\/www.numerama.com\/wp-content\/themes\/numerama-next\/assets\/images\/premium\/logo-card-pwa-coupe.svg\" alt=\"Logo PWA\"\/><\/p>\n<p>       Installer Numerama<\/p>\n","protected":false},"excerpt":{"rendered":"C\u2019est un reproche public rare : le ministre de la D\u00e9fense allemand, Boris Pistorius, a critiqu\u00e9 l\u2019attitude de&hellip;\n","protected":false},"author":2,"featured_media":416897,"comment_status":"","ping_status":"","sticky":false,"template":"","format":"standard","meta":{"footnotes":""},"categories":[1591],"tags":[11,672,309,1887,5820,12,1885,1886,132,4313],"class_list":{"0":"post-416896","1":"post","2":"type-post","3":"status-publish","4":"format-standard","5":"has-post-thumbnail","7":"category-russie","8":"tag-actualites","9":"tag-allemagne","10":"tag-chine","11":"tag-federation-de-russie","12":"tag-guerre-entre-la-russie-et-lukraine","13":"tag-news","14":"tag-russia","15":"tag-russian-federation","16":"tag-russie","17":"tag-satellite"},"share_on_mastodon":{"url":"https:\/\/pubeurope.com\/@fr\/115265872179387389","error":""},"_links":{"self":[{"href":"https:\/\/www.europesays.com\/fr\/wp-json\/wp\/v2\/posts\/416896","targetHints":{"allow":["GET"]}}],"collection":[{"href":"https:\/\/www.europesays.com\/fr\/wp-json\/wp\/v2\/posts"}],"about":[{"href":"https:\/\/www.europesays.com\/fr\/wp-json\/wp\/v2\/types\/post"}],"author":[{"embeddable":true,"href":"https:\/\/www.europesays.com\/fr\/wp-json\/wp\/v2\/users\/2"}],"replies":[{"embeddable":true,"href":"https:\/\/www.europesays.com\/fr\/wp-json\/wp\/v2\/comments?post=416896"}],"version-history":[{"count":0,"href":"https:\/\/www.europesays.com\/fr\/wp-json\/wp\/v2\/posts\/416896\/revisions"}],"wp:featuredmedia":[{"embeddable":true,"href":"https:\/\/www.europesays.com\/fr\/wp-json\/wp\/v2\/media\/416897"}],"wp:attachment":[{"href":"https:\/\/www.europesays.com\/fr\/wp-json\/wp\/v2\/media?parent=416896"}],"wp:term":[{"taxonomy":"category","embeddable":true,"href":"https:\/\/www.europesays.com\/fr\/wp-json\/wp\/v2\/categories?post=416896"},{"taxonomy":"post_tag","embeddable":true,"href":"https:\/\/www.europesays.com\/fr\/wp-json\/wp\/v2\/tags?post=416896"}],"curies":[{"name":"wp","href":"https:\/\/api.w.org\/{rel}","templated":true}]}}