{"id":416898,"date":"2025-09-25T16:26:10","date_gmt":"2025-09-25T16:26:10","guid":{"rendered":"https:\/\/www.europesays.com\/fr\/416898\/"},"modified":"2025-09-25T16:26:10","modified_gmt":"2025-09-25T16:26:10","slug":"emmanuel-marcon-estime-que-donald-trump-est-plus-proche-que-jamais-de-kiev","status":"publish","type":"post","link":"https:\/\/www.europesays.com\/fr\/416898\/","title":{"rendered":"Emmanuel Marcon estime que Donald Trump est \u00abplus proche\u00bb que jamais de Kiev"},"content":{"rendered":"<p>Le pr\u00e9sident fran\u00e7ais voit dans l\u2019\u00e9volution de son homologue am\u00e9ricain un signe d\u2019espoir pour renforcer la pression sur la Russie et encourager la fin du conflit en Ukraine.<\/p>\n<p class=\"fig-paragraph\"><a href=\"http:\/\/www.lefigaro.fr\/international\/les-images-de-l-accolade-entre-emmanuel-macron-et-son-grand-ami-javier-milei-en-marge-de-l-assemblee-generale-de-l-onu-20250925\" data-fig-type=\"NewsFlash\" data-gtm-custom-categorie=\"navigation\" data-gtm-custom-action=\"crossclick\" data-gtm-custom-label=\"Contextuel\" data-gtm-event=\"customEventSPE\" data-fig-domain=\"LEFIGARO\" rel=\"nofollow noopener\" target=\"_blank\">Emmanuel Macron<\/a>\u00a0estime que le pr\u00e9sident am\u00e9ricain\u00a0<a href=\"http:\/\/www.lefigaro.fr\/international\/c-est-l-age-d-or-de-l-amerique-retrouvez-le-discours-de-donald-trump-a-l-onu-en-integralite-20250924\" data-fig-type=\"Article\" data-gtm-custom-categorie=\"navigation\" data-gtm-custom-action=\"crossclick\" data-gtm-custom-label=\"Contextuel\" data-gtm-event=\"customEventSPE\" data-fig-domain=\"LEFIGARO\" rel=\"nofollow noopener\" target=\"_blank\">Donald Trump<\/a>\u00a0est d\u00e9sormais \u00abplus proche qu&rsquo;il ne l&rsquo;a jamais \u00e9t\u00e9\u00bb de l&rsquo;Ukraine et esp\u00e8re que cela va aider \u00e0 \u00abaccro\u00eetre la pression\u00bb sur la Russie. \u00abIl a vu l&rsquo;esprit de s\u00e9rieux des Europ\u00e9ens et leur engagement (&#8230;). Il a vu aussi l&rsquo;h\u00e9ro\u00efsme des Ukrainiens, de leur arm\u00e9e et leur capacit\u00e9 \u00e0 r\u00e9sister\u00bb, a d\u00e9clar\u00e9 le pr\u00e9sident fran\u00e7ais dans un entretien avec la cha\u00eene saoudienne Al-Arabiya.<\/p>\n<p class=\"fig-paragraph\">Et \u00abdans ce contexte\u00bb, il est \u00abje crois, plus proche de l&rsquo;Ukraine, des Europ\u00e9ens, qu&rsquo;il ne l&rsquo;a jamais \u00e9t\u00e9\u00bb, a-t-il ajout\u00e9. \u00abEt j&rsquo;esp\u00e8re que cela va accro\u00eetre la pression sur la Russie et l&rsquo;inciter \u00e0 cesser les combats, \u00e0 revenir aux n\u00e9gociations et \u00e0 b\u00e2tir un futur possible pour eux et pour nous tous\u00bb, a-t-il encore soulign\u00e9.<\/p>\n<p>                                    <a class=\"fig-a11y-skip a11y-hidden\" href=\"#fig-a11y-skip-main-inarticle\"><br \/>\n        Passer la publicit\u00e9<br \/>\n    <\/a><\/p>\n<p class=\"fig-paragraph\">Apr\u00e8s avoir privil\u00e9gi\u00e9 le dialogue avec Vladimir Poutine et parfois rudoy\u00e9 son homologue ukrainien<a href=\"http:\/\/www.lefigaro.fr\/international\/guerre-en-ukraine-les-responsables-russes-doivent-arreter-la-guerre-ou-se-refugier-dans-des-abris-anti-aeriens-avertit-volodymyr-zelensky-20250925\" data-fig-type=\"NewsFlash\" data-gtm-custom-categorie=\"navigation\" data-gtm-custom-action=\"crossclick\" data-gtm-custom-label=\"Contextuel\" data-gtm-event=\"customEventSPE\" data-fig-domain=\"LEFIGARO\" rel=\"nofollow noopener\" target=\"_blank\">\u00a0Volodymyr Zelensky<\/a>, Donald Trump a compar\u00e9 mardi la Russie \u00e0 un \u00abtigre de papier\u00bb et sugg\u00e9r\u00e9 que l&rsquo;Ukraine pourrait gagner la guerre face \u00e0 l&rsquo;arm\u00e9e russe. En f\u00e9vrier, il avait s\u00e8chement lanc\u00e9 \u00e0 Volodymyr Zelensky qu&rsquo;il \u00abn&rsquo;avait pas les cartes en main\u00bb dans ce conflit d\u00e9clench\u00e9 en f\u00e9vrier 2022 par l&rsquo;invasion russe.<\/p>\n","protected":false},"excerpt":{"rendered":"Le pr\u00e9sident fran\u00e7ais voit dans l\u2019\u00e9volution de son homologue am\u00e9ricain un signe d\u2019espoir pour renforcer la pression sur&hellip;\n","protected":false},"author":2,"featured_media":416899,"comment_status":"","ping_status":"","sticky":false,"template":"","format":"standard","meta":{"footnotes":""},"categories":[1590],"tags":[11,75,1073,1777,674,131,12,220],"class_list":{"0":"post-416898","1":"post","2":"type-post","3":"status-publish","4":"format-standard","5":"has-post-thumbnail","7":"category-ukraine","8":"tag-actualites","9":"tag-donald-trump","10":"tag-emmanuel-macron","11":"tag-eu","12":"tag-europe","13":"tag-guerre-en-ukraine","14":"tag-news","15":"tag-ukraine"},"share_on_mastodon":{"url":"https:\/\/pubeurope.com\/@fr\/115265875766411208","error":""},"_links":{"self":[{"href":"https:\/\/www.europesays.com\/fr\/wp-json\/wp\/v2\/posts\/416898","targetHints":{"allow":["GET"]}}],"collection":[{"href":"https:\/\/www.europesays.com\/fr\/wp-json\/wp\/v2\/posts"}],"about":[{"href":"https:\/\/www.europesays.com\/fr\/wp-json\/wp\/v2\/types\/post"}],"author":[{"embeddable":true,"href":"https:\/\/www.europesays.com\/fr\/wp-json\/wp\/v2\/users\/2"}],"replies":[{"embeddable":true,"href":"https:\/\/www.europesays.com\/fr\/wp-json\/wp\/v2\/comments?post=416898"}],"version-history":[{"count":0,"href":"https:\/\/www.europesays.com\/fr\/wp-json\/wp\/v2\/posts\/416898\/revisions"}],"wp:featuredmedia":[{"embeddable":true,"href":"https:\/\/www.europesays.com\/fr\/wp-json\/wp\/v2\/media\/416899"}],"wp:attachment":[{"href":"https:\/\/www.europesays.com\/fr\/wp-json\/wp\/v2\/media?parent=416898"}],"wp:term":[{"taxonomy":"category","embeddable":true,"href":"https:\/\/www.europesays.com\/fr\/wp-json\/wp\/v2\/categories?post=416898"},{"taxonomy":"post_tag","embeddable":true,"href":"https:\/\/www.europesays.com\/fr\/wp-json\/wp\/v2\/tags?post=416898"}],"curies":[{"name":"wp","href":"https:\/\/api.w.org\/{rel}","templated":true}]}}