{"id":416900,"date":"2025-09-25T16:27:18","date_gmt":"2025-09-25T16:27:18","guid":{"rendered":"https:\/\/www.europesays.com\/fr\/416900\/"},"modified":"2025-09-25T16:27:18","modified_gmt":"2025-09-25T16:27:18","slug":"etats-unis-la-croissance-du-2e-trimestre-fortement-revisee-a-la-hausse-38-en-rythme-annualise-25-09-2025-a-1639","status":"publish","type":"post","link":"https:\/\/www.europesays.com\/fr\/416900\/","title":{"rendered":"Etats-Unis: la croissance du 2e trimestre fortement r\u00e9vis\u00e9e \u00e0 la hausse (+3,8% en rythme annualis\u00e9) &#8211; 25\/09\/2025 \u00e0 16:39"},"content":{"rendered":"<p>        <img fetchpriority=\"high\" decoding=\"async\" src=\"https:\/\/www.europesays.com\/fr\/wp-content\/uploads\/2025\/09\/f1b33908d6b95b1e55796113d1cccee2-760x507.jpg\" alt=\"( GETTY IMAGES NORTH AMERICA \/ CARL RECINE )\" loading=\"eager\" width=\"760\" height=\"507\" style=\"max-width: 100%!important; height: auto;\"\/><\/p>\n<p class=\"c-image-news__legend\">( GETTY IMAGES NORTH AMERICA \/ CARL RECINE )<\/p>\n<p>\n Les Etats-Unis ont connu une croissance du produit int\u00e9rieur brut (PIB) de 3,8% en rythme annualis\u00e9 au deuxi\u00e8me trimestre, selon une estimation officielle actualis\u00e9e jeudi, soit plus que ce qui avait \u00e9t\u00e9 auparavant calcul\u00e9, et plus qu&rsquo;attendu par les march\u00e9s.\n<\/p>\n<p>\n La premi\u00e8re estimation du PIB pour la p\u00e9riode, publi\u00e9e fin juillet, faisait \u00e9tat d&rsquo;une croissance de 3% en rythme annualis\u00e9. Elle avait ensuite \u00e9t\u00e9 r\u00e9vis\u00e9e \u00e0 3,3%.\n<\/p>\n<p>\n Les march\u00e9s ne s&rsquo;attendaient pas \u00e0 une nouvelle r\u00e9vision, selon le consensus publi\u00e9 par Trading Economics.\n<\/p>\n<p>\n La r\u00e9vision \u00e0 la hausse est attribu\u00e9e \u00e0 une consommation plus forte qu&rsquo;initialement estim\u00e9, selon les donn\u00e9es du minist\u00e8re am\u00e9ricain du Commerce.\n<\/p>\n<p>\n L&rsquo;\u00e9volution du PIB du 1er trimestre a aussi \u00e9t\u00e9 r\u00e9vis\u00e9e, mais \u00e0 la baisse cette fois. En d\u00e9but d&rsquo;ann\u00e9e, l&rsquo;activit\u00e9 s&rsquo;est contract\u00e9e de 0,6%.\n<\/p>\n<p>\n La pr\u00e9c\u00e9dente estimation faisait \u00e9tat d&rsquo;un recul de 0,5%.\n<\/p>\n<p>\n Le PIB am\u00e9ricain a connu des mouvements inhabituels depuis le retour au pouvoir de Donald Trump en janvier.\n<\/p>\n<p>\n Sa volont\u00e9 de mettre en place des droits de douane significatifs avait ainsi entra\u00een\u00e9 une ru\u00e9e sur les importations en d\u00e9but d&rsquo;ann\u00e9e, avant l&rsquo;instauration des nouvelles taxes, qui a m\u00e9caniquement entra\u00een\u00e9 une baisse du PIB.\n<\/p>\n<p>\n Les flots d&rsquo;importations se sont par la suite taris.\n<\/p>\n<p>\n Les Etats-Unis pr\u00e9sentent les chiffres de la croissance en rythme annualis\u00e9, c&rsquo;est-\u00e0-dire en projetant sur l&rsquo;ensemble de l&rsquo;ann\u00e9e l&rsquo;\u00e9volution observ\u00e9e sur la p\u00e9riode consid\u00e9r\u00e9e.<\/p>\n","protected":false},"excerpt":{"rendered":"( GETTY IMAGES NORTH AMERICA \/ CARL RECINE ) Les Etats-Unis ont connu une croissance du produit int\u00e9rieur&hellip;\n","protected":false},"author":2,"featured_media":416901,"comment_status":"","ping_status":"","sticky":false,"template":"","format":"standard","meta":{"footnotes":""},"categories":[1589],"tags":[400,11,398,408,405,73,1866,403,402,399,404,12,401,406,1864,1865,1863,308,407],"class_list":{"0":"post-416900","1":"post","2":"type-post","3":"status-publish","4":"format-standard","5":"has-post-thumbnail","7":"category-etats-unis","8":"tag-action-cac-40","9":"tag-actualites","10":"tag-bourse-de-paris","11":"tag-boursorama","12":"tag-cotations","13":"tag-etats-unis","14":"tag-etats-unis-damerique","15":"tag-indices-devises","16":"tag-investir","17":"tag-investissement","18":"tag-marche-boursier","19":"tag-news","20":"tag-sicav","21":"tag-trackers","22":"tag-united-states","23":"tag-united-states-of-america","24":"tag-us","25":"tag-usa","26":"tag-warrants"},"share_on_mastodon":{"url":"https:\/\/pubeurope.com\/@fr\/115265880104395371","error":""},"_links":{"self":[{"href":"https:\/\/www.europesays.com\/fr\/wp-json\/wp\/v2\/posts\/416900","targetHints":{"allow":["GET"]}}],"collection":[{"href":"https:\/\/www.europesays.com\/fr\/wp-json\/wp\/v2\/posts"}],"about":[{"href":"https:\/\/www.europesays.com\/fr\/wp-json\/wp\/v2\/types\/post"}],"author":[{"embeddable":true,"href":"https:\/\/www.europesays.com\/fr\/wp-json\/wp\/v2\/users\/2"}],"replies":[{"embeddable":true,"href":"https:\/\/www.europesays.com\/fr\/wp-json\/wp\/v2\/comments?post=416900"}],"version-history":[{"count":0,"href":"https:\/\/www.europesays.com\/fr\/wp-json\/wp\/v2\/posts\/416900\/revisions"}],"wp:featuredmedia":[{"embeddable":true,"href":"https:\/\/www.europesays.com\/fr\/wp-json\/wp\/v2\/media\/416901"}],"wp:attachment":[{"href":"https:\/\/www.europesays.com\/fr\/wp-json\/wp\/v2\/media?parent=416900"}],"wp:term":[{"taxonomy":"category","embeddable":true,"href":"https:\/\/www.europesays.com\/fr\/wp-json\/wp\/v2\/categories?post=416900"},{"taxonomy":"post_tag","embeddable":true,"href":"https:\/\/www.europesays.com\/fr\/wp-json\/wp\/v2\/tags?post=416900"}],"curies":[{"name":"wp","href":"https:\/\/api.w.org\/{rel}","templated":true}]}}