{"id":416906,"date":"2025-09-25T16:31:07","date_gmt":"2025-09-25T16:31:07","guid":{"rendered":"https:\/\/www.europesays.com\/fr\/416906\/"},"modified":"2025-09-25T16:31:07","modified_gmt":"2025-09-25T16:31:07","slug":"reglement-deforestation-une-nouvelle-proposition-de-recul-met-le-feu-aux-poudres-actu-environnement","status":"publish","type":"post","link":"https:\/\/www.europesays.com\/fr\/416906\/","title":{"rendered":"R\u00e8glement d\u00e9forestation : une nouvelle proposition de recul met le feu aux poudres &#8211; Actu-Environnement"},"content":{"rendered":"<ol>\n<li><a href=\"https:\/\/news.google.com\/rss\/articles\/CBMimgFBVV95cUxOMEhYMFNNZk5LM2h4RmVETHh4RVpjWTVlYVp1QXdPS1ZORThrS2o2ZVNqTVk0bDZhWGx5bTl4XzZYS0ZMWFBsa0RYU2hpLTZKdHJ3NDE4QnpHanEwOHpiVzdsb1RFU29GNmlnS3l3WkpEMUdyeGdwcnp5M1dRODlEYVVWSU1yYXc1N1NDd2Vjc1Fzb0E0RGl4TjBn?oc=5\" target=\"_blank\" rel=\"noopener\">R\u00e8glement d\u00e9forestation : une nouvelle proposition de recul met le feu aux poudres<\/a>&nbsp;&nbsp;Actu-Environnement<\/li>\n<li><a href=\"https:\/\/news.google.com\/rss\/articles\/CBMimgFBVV95cUxNVkd2U211a2J6bHc3aVNrRTE0Z1hCVnVxYk84LXR4dzN3QmNxZDIyMHNGWllVclN4QTEzR1BHM19RbkVCd0tKejlhcW5oQkRPVGRtWjdCcUprV1FjV3h4bXZxYWhFYy1IeVBsZmR3cTRoemNab1ZLRzViaVFWT2h0TWhaeW9vbHU5V0FFdmZPQWdNZERubGlyQUtB?oc=5\" target=\"_blank\" rel=\"noopener\">D\u00e9forestation : l\u2019 UE repousse encore l\u2019entr\u00e9e en vigueur de son r\u00e8glement<\/a>&nbsp;&nbsp;Reporterre, le m\u00e9dia de l&rsquo;\u00e9cologie<\/li>\n<li><a href=\"https:\/\/news.google.com\/rss\/articles\/CBMiywFBVV95cUxQRC1sSGpKZGRxWFl6ZjhVUnVTaGtVNzV2empWUjFDUnZEN1lYcFZPZVhjSnROUnVtUTZoYTg4WGFta3hIMGdTMmVyQXEyZTdvUWZ5OGIyWmN1UXhvMktTMVBjLXNoMjVHUlJabHVRSHQ2R0Z1dXFuVlhlc3lLUTNsREZRTHpzdk52cEZ3cElYbUxrcFE5ZG9EamE1LVZ6WWtVc01XMEdNNVJMXy1lVTUyTVdpSlBSR2ZfR2V1ZlpiSktva2pMNHVSbzBmWQ?oc=5\" target=\"_blank\" rel=\"noopener\">D\u00e9forestation: les raisons d&rsquo;un nouveau report de l&rsquo;application de la loi europ\u00e9enne<\/a>&nbsp;&nbsp;FashionNetwork.com<\/li>\n<li><a href=\"https:\/\/news.google.com\/rss\/articles\/CBMiygFBVV95cUxNdlpmaE44cWVhbXc4ME94NlN5U1RaYzRCTmNOeGwtb2Z6M0kyVVhIUmljOGFvTFZKaW9QRW9EQWpxamRlZi0zSGdPbHBiUDJGUC1uSXRFdU83cU93WkkwLUszdi15bFFQR1IzVmM3cTM2Vm5LYnlQOTNLTlhyZXEya0ZEOWhocVF5aVNveE1rSzl5cGRFeWtjaHBxV0RVSUdEX0VZOGRxVnhwRXpoNUtDS0Vrbjg5SEt1LTJ0eVk1a0I4S1YyLUwyM3B3?oc=5\" target=\"_blank\" rel=\"noopener\">\u00ab Vassalisation europ\u00e9enne \u00bb : Bruxelles accus\u00e9e d&rsquo;adapter sa l\u00e9gislation aux exigences am\u00e9ricaines<\/a>&nbsp;&nbsp;l&rsquo;Opinion<\/li>\n<li><a href=\"https:\/\/news.google.com\/rss\/articles\/CBMi1wFBVV95cUxNNEdPdFB2MlUwbVlYczhQNjJlaU9SV05meDVPaVR1cHFmd0lXaFkxTDJ1N0xVS1BJTVNRcTVDYnF2RHdJMVQxTE53VlBWMHlEWnFhWjV1bjh6OGxiVEdKR2JkTXNCM1FTVE5CWlhsQTV0bURqeU1vd2FMSm1ka3VpeG9CSkN1Sm5SRzh3d01xTzJSZi0tR2ctamcwbnRMTXdqbFJUZUhBTUVPRzdJcHkyY0FCZ2FtNzNCbjBfLXBrckhSSmQxQWRwMzNGTFpULUxBRXNuTjFQdw?oc=5\" target=\"_blank\" rel=\"noopener\">UE : une loi contre la d\u00e9forestation report\u00e9e<\/a>&nbsp;&nbsp;BFMTV<\/li>\n<\/ol>\n","protected":false},"excerpt":{"rendered":"R\u00e8glement d\u00e9forestation : une nouvelle proposition de recul met le feu aux poudres&nbsp;&nbsp;Actu-Environnement D\u00e9forestation : l\u2019 UE repousse&hellip;\n","protected":false},"author":2,"featured_media":416907,"comment_status":"","ping_status":"","sticky":false,"template":"","format":"standard","meta":{"footnotes":""},"categories":[1586],"tags":[21806,14427,21809,21810,1111,21805,47,11,4763,2965,2813,21811,21807,21804,21808,21818,4858,51,893,436,18315,1777,674,1779,1011,27,21813,21815,6417,12,6334,21812,1800,4048,21816,21814,3887,25,4510,17429,895,1778,364,21817],"class_list":{"0":"post-416906","1":"post","2":"type-post","3":"status-publish","4":"format-standard","5":"has-post-thumbnail","7":"category-europe","8":"tag-cologie","9":"tag-nergie","10":"tag-nergies-renouvelables","11":"tag-olien","12":"tag-actu","13":"tag-actualit","14":"tag-actualite","15":"tag-actualites","16":"tag-agenda","17":"tag-air","18":"tag-article","19":"tag-biomasse","20":"tag-dchet","21":"tag-dveloppement-durable","22":"tag-dechet","23":"tag-e-zine","24":"tag-eau","25":"tag-ecologie","26":"tag-energie","27":"tag-environnement","28":"tag-eolien","29":"tag-eu","30":"tag-europe","31":"tag-european-union","32":"tag-fr","33":"tag-france","34":"tag-hse","35":"tag-hygine","36":"tag-information","37":"tag-news","38":"tag-newsletter","39":"tag-photovoltaique","40":"tag-pollution","41":"tag-presse","42":"tag-propret","43":"tag-qse","44":"tag-recyclage","45":"tag-republique-francaise","46":"tag-risque","47":"tag-sol","48":"tag-solaire","49":"tag-ue","50":"tag-union-europeenne","51":"tag-webzine"},"share_on_mastodon":{"url":"","error":"Validation failed: Text character limit of 500 exceeded"},"_links":{"self":[{"href":"https:\/\/www.europesays.com\/fr\/wp-json\/wp\/v2\/posts\/416906","targetHints":{"allow":["GET"]}}],"collection":[{"href":"https:\/\/www.europesays.com\/fr\/wp-json\/wp\/v2\/posts"}],"about":[{"href":"https:\/\/www.europesays.com\/fr\/wp-json\/wp\/v2\/types\/post"}],"author":[{"embeddable":true,"href":"https:\/\/www.europesays.com\/fr\/wp-json\/wp\/v2\/users\/2"}],"replies":[{"embeddable":true,"href":"https:\/\/www.europesays.com\/fr\/wp-json\/wp\/v2\/comments?post=416906"}],"version-history":[{"count":0,"href":"https:\/\/www.europesays.com\/fr\/wp-json\/wp\/v2\/posts\/416906\/revisions"}],"wp:featuredmedia":[{"embeddable":true,"href":"https:\/\/www.europesays.com\/fr\/wp-json\/wp\/v2\/media\/416907"}],"wp:attachment":[{"href":"https:\/\/www.europesays.com\/fr\/wp-json\/wp\/v2\/media?parent=416906"}],"wp:term":[{"taxonomy":"category","embeddable":true,"href":"https:\/\/www.europesays.com\/fr\/wp-json\/wp\/v2\/categories?post=416906"},{"taxonomy":"post_tag","embeddable":true,"href":"https:\/\/www.europesays.com\/fr\/wp-json\/wp\/v2\/tags?post=416906"}],"curies":[{"name":"wp","href":"https:\/\/api.w.org\/{rel}","templated":true}]}}