{"id":416910,"date":"2025-09-25T16:33:15","date_gmt":"2025-09-25T16:33:15","guid":{"rendered":"https:\/\/www.europesays.com\/fr\/416910\/"},"modified":"2025-09-25T16:33:15","modified_gmt":"2025-09-25T16:33:15","slug":"reconnaissance-de-la-palestine-sur-cnews-et-europe-1-cest-la-panique","status":"publish","type":"post","link":"https:\/\/www.europesays.com\/fr\/416910\/","title":{"rendered":"Reconnaissance de la Palestine\u00a0: sur CNews et Europe 1, c\u2019est la panique"},"content":{"rendered":"<p>Sur les cha\u00eenes de Bollor\u00e9, les soutiens de Netanyahou sont en larmes. Litt\u00e9ralement. Emmanuel Macron vient de reconna\u00eetre la Palestine. L\u2019essayiste Rachel Kahn l\u00e2che sur CNews, la voix tremblante\u00a0: \u00ab\u00a0Il a dit \u00ab\u00a0une vie \u00e9gale une vie\u00a0\u00bb, c\u2019est la propagande du Hamas\u00a0\u00bb Ce principe humaniste \u00e9l\u00e9mentaire, repeint en rh\u00e9torique djihadiste. \u00ab\u00a0Une vie \u00e9gale une&#8230;<\/p>\n","protected":false},"excerpt":{"rendered":"Sur les cha\u00eenes de Bollor\u00e9, les soutiens de Netanyahou sont en larmes. Litt\u00e9ralement. Emmanuel Macron vient de reconna\u00eetre&hellip;\n","protected":false},"author":2,"featured_media":416911,"comment_status":"","ping_status":"","sticky":false,"template":"","format":"standard","meta":{"footnotes":""},"categories":[2],"tags":[11,9722,6429,1011,27,12,41807,25,6678],"class_list":{"0":"post-416910","1":"post","2":"type-post","3":"status-publish","4":"format-standard","5":"has-post-thumbnail","7":"category-actualites","8":"tag-actualites","9":"tag-cnews","10":"tag-extru00eame-droite","11":"tag-fr","12":"tag-france","13":"tag-news","14":"tag-reconnaissance-de-la-palestine","15":"tag-republique-francaise","16":"tag-vincent-bolloru00e9"},"share_on_mastodon":{"url":"https:\/\/pubeurope.com\/@fr\/115265903449073380","error":""},"_links":{"self":[{"href":"https:\/\/www.europesays.com\/fr\/wp-json\/wp\/v2\/posts\/416910","targetHints":{"allow":["GET"]}}],"collection":[{"href":"https:\/\/www.europesays.com\/fr\/wp-json\/wp\/v2\/posts"}],"about":[{"href":"https:\/\/www.europesays.com\/fr\/wp-json\/wp\/v2\/types\/post"}],"author":[{"embeddable":true,"href":"https:\/\/www.europesays.com\/fr\/wp-json\/wp\/v2\/users\/2"}],"replies":[{"embeddable":true,"href":"https:\/\/www.europesays.com\/fr\/wp-json\/wp\/v2\/comments?post=416910"}],"version-history":[{"count":0,"href":"https:\/\/www.europesays.com\/fr\/wp-json\/wp\/v2\/posts\/416910\/revisions"}],"wp:featuredmedia":[{"embeddable":true,"href":"https:\/\/www.europesays.com\/fr\/wp-json\/wp\/v2\/media\/416911"}],"wp:attachment":[{"href":"https:\/\/www.europesays.com\/fr\/wp-json\/wp\/v2\/media?parent=416910"}],"wp:term":[{"taxonomy":"category","embeddable":true,"href":"https:\/\/www.europesays.com\/fr\/wp-json\/wp\/v2\/categories?post=416910"},{"taxonomy":"post_tag","embeddable":true,"href":"https:\/\/www.europesays.com\/fr\/wp-json\/wp\/v2\/tags?post=416910"}],"curies":[{"name":"wp","href":"https:\/\/api.w.org\/{rel}","templated":true}]}}