{"id":416918,"date":"2025-09-25T16:40:12","date_gmt":"2025-09-25T16:40:12","guid":{"rendered":"https:\/\/www.europesays.com\/fr\/416918\/"},"modified":"2025-09-25T16:40:12","modified_gmt":"2025-09-25T16:40:12","slug":"motogp-dani-pedrosa-est-subjugue-par-jorge-martin-je-nai-jamais-reussi-a-faire-ce-quil-fait","status":"publish","type":"post","link":"https:\/\/www.europesays.com\/fr\/416918\/","title":{"rendered":"MotoGP, Dani Pedrosa est subjugu\u00e9 par Jorge Martin\u00a0: \u00ab\u00a0Je n\u2019ai jamais r\u00e9ussi \u00e0 faire ce qu\u2019il fait\u00a0\u00bb"},"content":{"rendered":"<p><strong><a href=\"https:\/\/www.paddock-gp.com\/motogp-dani-pedrosa-non-plus-na-pas-oublie-2015-jai-directement-demande-a-valentino-rossi-ce-quil-en-etait\/\" target=\"_blank\" rel=\"noopener nofollow\">Dani Pedrosa n\u2019a jamais vraiment<br \/>\nquitt\u00e9 le paddock MotoGP<\/a>. Suite \u00e0 son arr\u00eat de la comp\u00e9tition \u00e0<br \/>\nplein temps avec Honda en 2018, on l\u2019a vu \u0153uvrer pour KTM, dans<br \/>\nl\u2019espoir d\u2019am\u00e9liorer la RC16. Sa force de caract\u00e8re et sa long\u00e9vit\u00e9<br \/>\nimpressionnante lui permettent d\u2019appr\u00e9cier la nouvelle g\u00e9n\u00e9ration<br \/>\nen action. Pedrosa s\u2019est notamment livr\u00e9 sur Jorge Martin, son<br \/>\ncompatriote, et le trouve particuli\u00e8rement impressionnant sur<br \/>\nl\u2019exercice des qualifications.<\/strong><\/p>\n<p>Pedrosa n\u2019est jamais loin des circuits, c\u2019est une certitude.<br \/>\n\u00c9tant donn\u00e9 qu\u2019il baigne dans le championnat du monde depuis plus<br \/>\nde vingt ans, il peut comparer les \u00e9poques entre elles.<br \/>\n\u00ab\u00a0<strong>\u00c0 mon avis,\u00a0c\u2019est beaucoup plus stressant<br \/>\naujourd\u2019hui<\/strong>. Maintenant, le vendredi est comme le<br \/>\nsamedi.\u00a0Ensuite, le sprint, pour moi, c\u2019est tr\u00e8s agressif<br \/>\nmentalement, et m\u00eame physiquement. <strong>Je dirais que les<br \/>\npilotes, avec ce calendrier, ne pourront pas prolonger leur<br \/>\ncarri\u00e8re tr\u00e8s longtemps, car ils s\u2019\u00e9puiseront plus<br \/>\nvite<\/strong>\u00a0\u00bb pouvait-on lire sur <a href=\"https:\/\/www.motosan.es\/\" target=\"_blank\" rel=\"noopener nofollow\">Motosan<\/a>.<\/p>\n<p>\u00a0<\/p>\n<p><img loading=\"lazy\" decoding=\"async\" aria-describedby=\"caption-attachment-1332200\" class=\"size-full wp-image-1332200\" src=\"https:\/\/www.europesays.com\/fr\/wp-content\/uploads\/2025\/09\/54781822016_84342a8e6b_c.jpg\" alt=\"Pedrosa Martin\" width=\"799\" height=\"533\"  \/><\/p>\n<p id=\"caption-attachment-1332200\" class=\"wp-caption-text\">Photo :<br \/>\nMichelin Motorsport<\/p>\n<p>\u00a0<\/p>\n<p>Le \u00ab\u00a0Martinator\u00a0\u00bb, absent pour la majeure partie de<br \/>\ncette saison, impressionne beaucoup Pedrosa. \u00ab\u00a0Je suis<br \/>\nvraiment choqu\u00e9. <strong>Je l\u2019ai vu faire plusieurs fois\u00a0: il<br \/>\nn\u2019a pas un rythme tr\u00e8s rapide, il n\u2019est pas bien pr\u00e9par\u00e9, mais il<br \/>\ngrappille deux secondes sur le meilleur tour pour d\u00e9crocher la pole<br \/>\nposition<\/strong>. C\u2019est quelque chose qui m\u2019impressionne,<br \/>\ncar\u00a0je n\u2019ai jamais r\u00e9ussi \u00e0 faire \u00e7a\u00a0\u00bb ajoutait-il \u00e0<br \/>\nce propos.<\/p>\n<p>Alors que les anciens ont parfois tendance \u00e0 d\u00e9nigrer les plus<br \/>\njeunes tout en rappelant combien leur \u00e9poque \u00e9tait glorieuse,<br \/>\nPedrosa ne cache pas son admiration pour les gladiateurs actuels.<br \/>\n\u00ab\u00a0C\u2019est tr\u00e8s facile de se sortir, de percuter un autre<br \/>\npilote, de perdre le contr\u00f4le de la moto et de se rendre compte<br \/>\nqu\u2019elle ne freine plus. <strong>Je leur tire mon chapeau, car<br \/>\nlorsque j\u2019ai obtenu ces deux ou trois wild cards, c\u2019\u00e9tait vraiment<br \/>\ndifficile pour moi<\/strong>\u00a0\u00bb concluait-il.<\/p>\n<p>Que pensez-vous de ces r\u00e9flexions de Dani Pedrosa\u00a0?<br \/>\n<strong>Dites-le-nous en commentaires\u00a0!<\/strong><\/p>\n<p>\u00a0<\/p>\n<p><img loading=\"lazy\" decoding=\"async\" aria-describedby=\"caption-attachment-1332202\" class=\"size-full wp-image-1332202\" src=\"https:\/\/www.europesays.com\/fr\/wp-content\/uploads\/2025\/09\/54781993417_30b1afa689_c.jpg\" alt=\"Martin\" width=\"799\" height=\"533\"  \/><\/p>\n<p id=\"caption-attachment-1332202\" class=\"wp-caption-text\">Photo :<br \/>\nMichelin Motorsport<\/p>\n<p>\u00a0<\/p>\n<p>Photo de couverture : Michelin Motorsport<\/p>\n","protected":false},"excerpt":{"rendered":"Dani Pedrosa n\u2019a jamais vraiment quitt\u00e9 le paddock MotoGP. Suite \u00e0 son arr\u00eat de la comp\u00e9tition \u00e0 plein&hellip;\n","protected":false},"author":2,"featured_media":416919,"comment_status":"","ping_status":"","sticky":false,"template":"","format":"standard","meta":{"footnotes":""},"categories":[1413],"tags":[1011,27,1457,1456,60],"class_list":{"0":"post-416918","1":"post","2":"type-post","3":"status-publish","4":"format-standard","5":"has-post-thumbnail","7":"category-moto","8":"tag-fr","9":"tag-france","10":"tag-moto","11":"tag-motocycle","12":"tag-sports"},"share_on_mastodon":{"url":"https:\/\/pubeurope.com\/@fr\/115265930867573349","error":""},"_links":{"self":[{"href":"https:\/\/www.europesays.com\/fr\/wp-json\/wp\/v2\/posts\/416918","targetHints":{"allow":["GET"]}}],"collection":[{"href":"https:\/\/www.europesays.com\/fr\/wp-json\/wp\/v2\/posts"}],"about":[{"href":"https:\/\/www.europesays.com\/fr\/wp-json\/wp\/v2\/types\/post"}],"author":[{"embeddable":true,"href":"https:\/\/www.europesays.com\/fr\/wp-json\/wp\/v2\/users\/2"}],"replies":[{"embeddable":true,"href":"https:\/\/www.europesays.com\/fr\/wp-json\/wp\/v2\/comments?post=416918"}],"version-history":[{"count":0,"href":"https:\/\/www.europesays.com\/fr\/wp-json\/wp\/v2\/posts\/416918\/revisions"}],"wp:featuredmedia":[{"embeddable":true,"href":"https:\/\/www.europesays.com\/fr\/wp-json\/wp\/v2\/media\/416919"}],"wp:attachment":[{"href":"https:\/\/www.europesays.com\/fr\/wp-json\/wp\/v2\/media?parent=416918"}],"wp:term":[{"taxonomy":"category","embeddable":true,"href":"https:\/\/www.europesays.com\/fr\/wp-json\/wp\/v2\/categories?post=416918"},{"taxonomy":"post_tag","embeddable":true,"href":"https:\/\/www.europesays.com\/fr\/wp-json\/wp\/v2\/tags?post=416918"}],"curies":[{"name":"wp","href":"https:\/\/api.w.org\/{rel}","templated":true}]}}