{"id":416926,"date":"2025-09-25T16:44:12","date_gmt":"2025-09-25T16:44:12","guid":{"rendered":"https:\/\/www.europesays.com\/fr\/416926\/"},"modified":"2025-09-25T16:44:12","modified_gmt":"2025-09-25T16:44:12","slug":"linfluenceuse-zuza-beine-qui-partageait-son-combat-contre-le-cancer-sur-instagram-est-morte-a-14-ans","status":"publish","type":"post","link":"https:\/\/www.europesays.com\/fr\/416926\/","title":{"rendered":"L\u2019influenceuse Zuza Beine, qui partageait son combat contre le cancer sur Instagram, est morte \u00e0 14 ans"},"content":{"rendered":"<p>L\u2019\u00e9motion est immense sur <a href=\"https:\/\/www.20minutes.fr\/high-tech\/instagram\/\" class=\"c-link c-link--is-underlined\" target=\"_blank\" rel=\"noopener\">Instagram\u00a0<\/a>: la jeune influenceuse am\u00e9ricaine Zuza Beine, qui y partageait son long combat contre le <a href=\"https:\/\/www.20minutes.fr\/dossier\/cancer\" class=\"c-link c-link--is-underlined\" target=\"_blank\" rel=\"noopener\">cancer<\/a>, est d\u00e9c\u00e9d\u00e9e lundi 22\u00a0septembre 2025 \u00e0 l\u2019\u00e2ge de 14 ans, a annonc\u00e9 sa famille <a href=\"https:\/\/www.instagram.com\/zuzas_way_to_healing\/p\/DO8iz3GkXix\/?hl=en\" rel=\"nofollow noopener\" target=\"_blank\" class=\"c-link c-link--is-underlined\">sur le r\u00e9seau social<\/a> mardi 23\u00a0septembre.<\/p>\n<p><img decoding=\"async\" alt=\"Le post annon\u00e7ant la disparition de la jeune fille sur Instagram\" class=\"c-img\" loading=\"lazy\" fetchpriority=\"auto\" width=\"718\"  src=\"https:\/\/img.20mn.fr\/FnZYsWTGTau9ZmQQhmtTJSk\/718x0\" \/>Le post annon\u00e7ant la disparition de la jeune fille sur Instagram\u2002-\u00a0Capture d\u2019\u00e9cran Instagram @zuzas_way_to_healing<\/p>\n<p>\u00ab\u00a0C\u2019est avec le c\u0153ur bris\u00e9 que nous partageons la nouvelle du d\u00e9c\u00e8s de Zuza, est-il \u00e9crit en l\u00e9gende d\u2019un clich\u00e9 de la jeune fille, rayonnante, sur fond de coucher de soleil en bord de mer. Elle a v\u00e9cu 11 de ses 14 ann\u00e9es touch\u00e9e par un cancer implacable, mais elle a v\u00e9cu plus \u00e9panouie et plus reconnaissante que la plupart des gens\u00a0\u00bb.<\/p>\n<p>\u00ab\u00a0Mon corps me fait tr\u00e8s, tr\u00e8s, tr\u00e8s mal\u00a0\u00bb<\/p>\n<p>Originaire du <a href=\"https:\/\/www.20minutes.fr\/dossier\/wisconsin\" class=\"c-link c-link--is-underlined\" target=\"_blank\" rel=\"noopener\">Wisconsin<\/a>, aux <a href=\"https:\/\/www.20minutes.fr\/monde\/etats-unis\/\" class=\"c-link c-link--is-underlined\" target=\"_blank\" rel=\"noopener\">\u00c9tats-Unis<\/a>, l\u2019adolescente avait \u00e9t\u00e9 victime d\u2019une <a href=\"https:\/\/www.20minutes.fr\/sante\/1678675-20150903-leucemie-myeloide-chronique-deux-avancees-majeures-offrent-espoir-guerison-durable\" class=\"c-link c-link--is-underlined\" target=\"_blank\" rel=\"noopener\">leuc\u00e9mie my\u00e9lo\u00efde<\/a> aigu\u00eb (LMA) \u00e0 l\u2019\u00e2ge de 3 ans. Elle partageait son quotidien de malade, documentant avec transparence <a href=\"https:\/\/www.20minutes.fr\/dossier\/soins\" class=\"c-link c-link--is-underlined\" target=\"_blank\" rel=\"noopener\">soins <\/a>et <a href=\"https:\/\/www.20minutes.fr\/dossier\/hospitalisation\" class=\"c-link c-link--is-underlined\" target=\"_blank\" rel=\"noopener\">hospitalisations<\/a>.<\/p>\n<\/p>\n<p>Elle avait d\u2019ailleurs, quelques jours avant sa <a href=\"https:\/\/www.20minutes.fr\/dossier\/mort\" class=\"c-link c-link--is-underlined\" target=\"_blank\" rel=\"noopener\">mort<\/a>, fait part \u00e0 ses abonn\u00e9s de nouvelles complications\u00a0: \u00ab\u00a0Je peux \u00e0 peine marcher en ce moment, mon corps me fait tr\u00e8s, tr\u00e8s, tr\u00e8s mal\u00a0\u00bb, \u00e9crivait dans un post d\u00e9chirant celle qui, selon sa famille, \u00ab\u00a0avait appris \u00e0 affronter les circonstances les plus difficiles\u00a0\u00bb.<\/p>\n<p><a href=\"https:\/\/www.20minutes.fr\/dossier\/cancer\" class=\"c-link c-btn c-btn--primary\" target=\"_blank\" rel=\"noopener\">Notre dossier \u00ab Cancer \u00bb<\/a><\/p>\n<p>Plut\u00f4t qu\u2019un classique envoi de fleurs, la famille de Zuza a encourag\u00e9 ses abonn\u00e9s \u00e0 participer \u00e0 une <a href=\"https:\/\/www.20minutes.fr\/dossier\/cagnotte\" class=\"c-link c-link--is-underlined\" target=\"_blank\" rel=\"noopener\">cagnotte <\/a>en ligne visant \u00e0 soutenir la femme et les enfants d\u2019un de ses oncles, lui aussi r\u00e9cemment d\u00e9c\u00e9d\u00e9.<\/p>\n<p><script async src=\"\/\/www.instagram.com\/embed.js\"><\/script><\/p>\n","protected":false},"excerpt":{"rendered":"L\u2019\u00e9motion est immense sur Instagram\u00a0: la jeune influenceuse am\u00e9ricaine Zuza Beine, qui y partageait son long combat contre&hellip;\n","protected":false},"author":2,"featured_media":416927,"comment_status":"","ping_status":"","sticky":false,"template":"","format":"standard","meta":{"footnotes":""},"categories":[1359],"tags":[1262,101,3983,58,59,73,1011,27,2438,2440,4075,226,973,133,7992],"class_list":{"0":"post-416926","1":"post","2":"type-post","3":"status-publish","4":"format-standard","5":"has-post-thumbnail","7":"category-people","8":"tag-cagnotte","9":"tag-cancer","10":"tag-deces","11":"tag-divertissement","12":"tag-entertainment","13":"tag-etats-unis","14":"tag-fr","15":"tag-france","16":"tag-influenceur","17":"tag-instagram","18":"tag-jeunesse","19":"tag-maladie","20":"tag-people","21":"tag-video","22":"tag-wisconsin"},"share_on_mastodon":{"url":"https:\/\/pubeurope.com\/@fr\/115265946618038920","error":""},"_links":{"self":[{"href":"https:\/\/www.europesays.com\/fr\/wp-json\/wp\/v2\/posts\/416926","targetHints":{"allow":["GET"]}}],"collection":[{"href":"https:\/\/www.europesays.com\/fr\/wp-json\/wp\/v2\/posts"}],"about":[{"href":"https:\/\/www.europesays.com\/fr\/wp-json\/wp\/v2\/types\/post"}],"author":[{"embeddable":true,"href":"https:\/\/www.europesays.com\/fr\/wp-json\/wp\/v2\/users\/2"}],"replies":[{"embeddable":true,"href":"https:\/\/www.europesays.com\/fr\/wp-json\/wp\/v2\/comments?post=416926"}],"version-history":[{"count":0,"href":"https:\/\/www.europesays.com\/fr\/wp-json\/wp\/v2\/posts\/416926\/revisions"}],"wp:featuredmedia":[{"embeddable":true,"href":"https:\/\/www.europesays.com\/fr\/wp-json\/wp\/v2\/media\/416927"}],"wp:attachment":[{"href":"https:\/\/www.europesays.com\/fr\/wp-json\/wp\/v2\/media?parent=416926"}],"wp:term":[{"taxonomy":"category","embeddable":true,"href":"https:\/\/www.europesays.com\/fr\/wp-json\/wp\/v2\/categories?post=416926"},{"taxonomy":"post_tag","embeddable":true,"href":"https:\/\/www.europesays.com\/fr\/wp-json\/wp\/v2\/tags?post=416926"}],"curies":[{"name":"wp","href":"https:\/\/api.w.org\/{rel}","templated":true}]}}