{"id":416928,"date":"2025-09-25T16:45:12","date_gmt":"2025-09-25T16:45:12","guid":{"rendered":"https:\/\/www.europesays.com\/fr\/416928\/"},"modified":"2025-09-25T16:45:12","modified_gmt":"2025-09-25T16:45:12","slug":"comment-georges-de-la-tour-a-ete-sauve-de-loubli-par-un-historien-de-lart-allemand-en-1915","status":"publish","type":"post","link":"https:\/\/www.europesays.com\/fr\/416928\/","title":{"rendered":"Comment Georges de La\u00a0Tour a \u00e9t\u00e9 sauv\u00e9 de l\u2019oubli par un historien de l\u2019art allemand en 1915"},"content":{"rendered":"<p data-module=\"standfirst-editorial-episode\" data-context=\"@media (min-width:48em)\"><strong>R\u00c9CIT &#8211;<\/strong> C\u2019est \u00e0 la sagacit\u00e9 du jeune Hermann Voss que l\u2019on doit la red\u00e9couverte du peintre, deux si\u00e8cles et demi apr\u00e8s sa mort.<\/p>\n<p class=\"fig-paragraph fig-paragraph--dropped\">Cet article est issu du Figaro hors-s\u00e9rie \u00ab Georges de La Tour, Ombres et lumi\u00e8res\u00a0\u00bb. Plongez dans le myst\u00e8re La Tour et\u00a0<a href=\"https:\/\/boutique.lefigaro.fr\/produit\/140822-georges-de-la-tour-l-enigmatique\" target=\"_blank\" rel=\"noopener\" data-gtm-custom-categorie=\"navigation\" data-gtm-custom-action=\"crossclick\" data-gtm-custom-label=\"Contextuel\" data-gtm-event=\"customEventSPE\">la compr\u00e9hension de son \u0153uvre en 160 pages<\/a> , magnifiquement illustr\u00e9es.<\/p>\n<p>    \u00ab Georges de La Tour, Ombres et lumi\u00e8res\u00a0\u00bb.<br \/>\n                Le Figaro hors-s\u00e9rie<\/p>\n<p class=\"fig-paragraph fig-paragraph--dropped fig-paragraph--dropped-small\">Quel r\u00e9gal que ce voyage en France\u00a0! En gravissant les marches du\u00a0<a href=\"http:\/\/www.lefigaro.fr\/arts-expositions\/exposition-a-nantes-les-fees-de-l-art-abstrait-a-l-epreuve-des-machines-20250415\" target=\"_blank\" data-fig-type=\"NewsFlash\" rel=\"noopener\" data-gtm-custom-categorie=\"navigation\" data-gtm-custom-action=\"crossclick\" data-gtm-custom-label=\"Contextuel\" data-gtm-event=\"customEventSPE\" data-fig-domain=\"LEFIGARO\">Mus\u00e9e des Beaux-Arts de Nantes<\/a>, le jeune homme, raie nette et lunettes rondes, songe combien ses p\u00e9r\u00e9grinations dans les mus\u00e9es fran\u00e7ais affinent l\u2019\u0153il mieux que cent heures de cours d\u2019histoire de l\u2019art \u00e0 Heidelberg. En cette ann\u00e9e 1912, Hermann Voss est d\u00e9j\u00e0, \u00e0 28\u00a0ans, l\u2019auteur d\u2019une th\u00e8se sur Wolf\u00a0Huber, un peintre autrichien de l\u2019\u00e9cole du Danube, publi\u00e9e cinq ans plus t\u00f4t\u00a0<a href=\"http:\/\/www.lefigaro.fr\/voyages\/l-energie-folle-de-leipzig-gagne-a-l-est-20241105\" target=\"_blank\" data-fig-type=\"Article\" rel=\"noopener\" data-gtm-custom-categorie=\"navigation\" data-gtm-custom-action=\"crossclick\" data-gtm-custom-label=\"Contextuel\" data-gtm-event=\"customEventSPE\" data-fig-domain=\"LEFIGARO\">\u00e0 Leipzig<\/a>.<\/p>\n<p class=\"fig-paragraph fig-paragraph--dropped\">Depuis, il ne cesse de poursuivre ses \u00e9tudes, ses recherches, avec la m\u00eame passion. Nantes ne le d\u00e9\u00e7oit pas. Deux tableaux en particulier retiennent son attention, deux nocturnes, un Reniement de saint Pierre et un Ange apparaissant \u00e0 saint Joseph. Quelles beaut\u00e9s\u00a0! Tous deux sont sign\u00e9s\u00a0: G. de La Tour, \u00ab\u00a0peintre du XVIIe\u00a0si\u00e8cle sur\u2026<\/p>\n<p class=\"fig-premium-paywall__infos\">\n        Cet article est r\u00e9serv\u00e9 aux abonn\u00e9s.        Il vous reste 80% \u00e0 d\u00e9couvrir.\n    <\/p>\n<p>                <img  data- alt=\"Le Figaro\" class=\"fig-img--complete fig-img\"\/><\/p>\n<p class=\"fig-premium-paywall__title\">Vous avez envie de lire la suite ?<\/p>\n<p class=\"fig-premium-paywall__subtitle\">D\u00e9bloquez tous les articles imm\u00e9diatement.<\/p>\n<p class=\"fig-premium-paywall__connect\">\n                D\u00e9j\u00e0 abonn\u00e9\u00a0?                <a class=\"fig-premium-paywall__connect-link\" href=\"https:\/\/connect.lefigaro.fr\/login?client=horizon_web&amp;type=main&amp;redirect_uri=https%3A%2F%2Fwww.lefigaro.fr%2Farts-expositions%2F1915-georges-de-la-tour-sauve-de-l-oubli-par-un-historien-de-l-art-20250925\" data-js-gtm=\"{&quot;customCategorie&quot;: &quot;conversion&quot;, &quot;customAction&quot;: &quot;before_Landing_Connexion_paywall_auto&quot;, &quot;customLabel&quot;: &quot;bGVmaWdhcm8uZnJfXzFmMDk3YjdmLWRhZTAtNjczOC04ZTk4LTE3ZDFiMjkxZWFiZl9fQXJ0aWNsZQ==_Comment Georges de La\u00a0Tour a \u00e9t\u00e9 sauv\u00e9 de l\u2019oubli par un historien de l\u2019art allemand en 1915_344&quot;, &quot;customIDSPE&quot;: &quot;bGVmaWdhcm8uZnJfXzFmMDk3YjdmLWRhZTAtNjczOC04ZTk4LTE3ZDFiMjkxZWFiZl9fQXJ0aWNsZQ==&quot;, &quot;event&quot;: &quot;customEventSPE&quot;}\" target=\"_blank\" rel=\"noopener\"><br \/>\n                    Connectez-vous<br \/>\n                <\/a>\n            <\/p>\n","protected":false},"excerpt":{"rendered":"R\u00c9CIT &#8211; C\u2019est \u00e0 la sagacit\u00e9 du jeune Hermann Voss que l\u2019on doit la red\u00e9couverte du peintre, deux&hellip;\n","protected":false},"author":2,"featured_media":416929,"comment_status":"","ping_status":"","sticky":false,"template":"","format":"standard","meta":{"footnotes":""},"categories":[1358],"tags":[1348,1384,1385,1386,58,59,1011,27,51539,1585],"class_list":{"0":"post-416928","1":"post","2":"type-post","3":"status-publish","4":"format-standard","5":"has-post-thumbnail","7":"category-arts-et-design","8":"tag-arts","9":"tag-arts-and-design","10":"tag-arts-et-design","11":"tag-design","12":"tag-divertissement","13":"tag-entertainment","14":"tag-fr","15":"tag-france","16":"tag-georges-de-la-tour","17":"tag-peinture"},"share_on_mastodon":{"url":"https:\/\/pubeurope.com\/@fr\/115265950415882387","error":""},"_links":{"self":[{"href":"https:\/\/www.europesays.com\/fr\/wp-json\/wp\/v2\/posts\/416928","targetHints":{"allow":["GET"]}}],"collection":[{"href":"https:\/\/www.europesays.com\/fr\/wp-json\/wp\/v2\/posts"}],"about":[{"href":"https:\/\/www.europesays.com\/fr\/wp-json\/wp\/v2\/types\/post"}],"author":[{"embeddable":true,"href":"https:\/\/www.europesays.com\/fr\/wp-json\/wp\/v2\/users\/2"}],"replies":[{"embeddable":true,"href":"https:\/\/www.europesays.com\/fr\/wp-json\/wp\/v2\/comments?post=416928"}],"version-history":[{"count":0,"href":"https:\/\/www.europesays.com\/fr\/wp-json\/wp\/v2\/posts\/416928\/revisions"}],"wp:featuredmedia":[{"embeddable":true,"href":"https:\/\/www.europesays.com\/fr\/wp-json\/wp\/v2\/media\/416929"}],"wp:attachment":[{"href":"https:\/\/www.europesays.com\/fr\/wp-json\/wp\/v2\/media?parent=416928"}],"wp:term":[{"taxonomy":"category","embeddable":true,"href":"https:\/\/www.europesays.com\/fr\/wp-json\/wp\/v2\/categories?post=416928"},{"taxonomy":"post_tag","embeddable":true,"href":"https:\/\/www.europesays.com\/fr\/wp-json\/wp\/v2\/tags?post=416928"}],"curies":[{"name":"wp","href":"https:\/\/api.w.org\/{rel}","templated":true}]}}