{"id":416932,"date":"2025-09-25T16:47:18","date_gmt":"2025-09-25T16:47:18","guid":{"rendered":"https:\/\/www.europesays.com\/fr\/416932\/"},"modified":"2025-09-25T16:47:18","modified_gmt":"2025-09-25T16:47:18","slug":"jlc-family-seule-saison-08-episode-07-du-25-septembre-2025-jlc-family","status":"publish","type":"post","link":"https:\/\/www.europesays.com\/fr\/416932\/","title":{"rendered":"JLC Family : Seule &#8211; Saison 08 Episode 07 du 25 septembre 2025 &#8211; JLC Family"},"content":{"rendered":"<p id=\"descriptionPanel\" class=\"text-secondary mr-2 line-clamp-2 pr-2.5 overflow-visible\">Direction Saint-Tropez pour la JLC Family ! Emine a tout pr\u00e9vu pour que Jazz l\u00e2che prise avec ses amis pendant quelques jours. Eddy est aussi de la partie, pour son plus grand bonheur. Avec la villa, Emine a clairement vis\u00e9 dans le mille ! C&rsquo;est tout ce qu&rsquo;elle aime. Par le plus grand des hasards, elle re\u00e7oit un coup de fil de Ma\u00efssane qui est aussi \u00e0 Saint-Tropez. Elle pr\u00e9voit donc de la croiser en ville en faisant semblant de ne pas \u00eatre au courant de sa pr\u00e9sence ici. Mais quelle sera la r\u00e9action d&rsquo;Emine ? L&rsquo;ambiance risque de se g\u00e2ter ! JLC Family : Seule Saison 08 Episode 07<br \/>En savoir plus sur <a class=\"text-white hover:text-blue-500\" href=\"https:\/\/www.tf1.fr\/dossier\/maissane-aghioul-61458410\" target=\"_blank\" rel=\"noopener\">Maissane Aghioul<\/a>, <a class=\"text-white hover:text-blue-500\" href=\"https:\/\/www.tf1.fr\/dossier\/mathilde-jlc-70329831\" target=\"_blank\" rel=\"noopener\">Mathilde <\/a>, <a class=\"text-white hover:text-blue-500\" href=\"https:\/\/www.tf1.fr\/dossier\/giovanni-prat-47518092\" target=\"_blank\" rel=\"noopener\">Giovanni Prat<\/a>, <a class=\"text-white hover:text-blue-500\" href=\"https:\/\/www.tf1.fr\/dossier\/eddy-ben-youssef-19727907\" target=\"_blank\" rel=\"noopener\">Eddy<\/a> ou <a class=\"text-white hover:text-blue-500\" href=\"https:\/\/www.tf1.fr\/dossier\/jazz-lcvb-2\" target=\"_blank\" rel=\"noopener\">Jazz Correia<\/a><\/p>\n<p>Afficher la version longue du r\u00e9sum\u00e9<a class=\"shrink-0\" href=\"https:\/\/www.tf1.fr\/tfx\/jlc-family-lincroyable-ete-de-jazz-et-laurent\" target=\"_blank\" rel=\"noopener\"><img decoding=\"async\" src=\"https:\/\/www.europesays.com\/fr\/wp-content\/uploads\/2025\/09\/program-card-portrait-1-jlc-family-seule-480f5c-52e2e6-0@1x.jpg\" width=\"138\" height=\"184\" alt=\"\" loading=\"eager\" fetchpriority=\"auto\" class=\"rounded-3px aspect-[3\/4] h-24 w-auto\" aria-hidden=\"true\"\/><\/a><img alt=\"Sous-Titrage T\u00e9l\u00e9texte\" loading=\"lazy\" width=\"27\" height=\"20\" decoding=\"async\" data-nimg=\"1\" style=\"color:transparent\" src=\"https:\/\/www.tf1.fr\/public\/_next\/static\/media\/sme.b8f879c0.svg\"\/><\/p>\n<p>45m<\/p>\n<p>25 sept. 2025 \u00e0 16:21<\/p>\n","protected":false},"excerpt":{"rendered":"Direction Saint-Tropez pour la JLC Family ! Emine a tout pr\u00e9vu pour que Jazz l\u00e2che prise avec ses&hellip;\n","protected":false},"author":2,"featured_media":412365,"comment_status":"","ping_status":"","sticky":false,"template":"","format":"standard","meta":{"footnotes":""},"categories":[1356],"tags":[58,59,1365,12264,52013,43632,1011,27,12266,12265,52014,52019,52023,52012,52020,52024,52017,52016,52021,52022,12268,52018,252,1364,12267,52015],"class_list":{"0":"post-416932","1":"post","2":"type-post","3":"status-publish","4":"format-standard","5":"has-post-thumbnail","7":"category-television","8":"tag-divertissement","9":"tag-entertainment","10":"tag-episode","11":"tag-episode-jlc-family","12":"tag-episode-jlc-family-tfx","13":"tag-episode-tfx","14":"tag-fr","15":"tag-france","16":"tag-jlc-family","17":"tag-jlc-family-episode","18":"tag-jlc-family-episode-tfx","19":"tag-jlc-family-streaming","20":"tag-jlc-family-streaming-gratuit","21":"tag-jlc-family-tfx","22":"tag-jlc-family-tfx-streaming","23":"tag-jlc-family-tfx-streaming-gratuit","24":"tag-jlc-family-tfx-video","25":"tag-jlc-family-video","26":"tag-streaming-gratuit-jlc-family","27":"tag-streaming-gratuit-jlc-family-tfx","28":"tag-streaming-jlc-family","29":"tag-streaming-jlc-family-tfx","30":"tag-television","31":"tag-tv","32":"tag-video-jlc-family","33":"tag-video-jlc-family-tfx"},"share_on_mastodon":{"url":"","error":"Validation failed: Text character limit of 500 exceeded"},"_links":{"self":[{"href":"https:\/\/www.europesays.com\/fr\/wp-json\/wp\/v2\/posts\/416932","targetHints":{"allow":["GET"]}}],"collection":[{"href":"https:\/\/www.europesays.com\/fr\/wp-json\/wp\/v2\/posts"}],"about":[{"href":"https:\/\/www.europesays.com\/fr\/wp-json\/wp\/v2\/types\/post"}],"author":[{"embeddable":true,"href":"https:\/\/www.europesays.com\/fr\/wp-json\/wp\/v2\/users\/2"}],"replies":[{"embeddable":true,"href":"https:\/\/www.europesays.com\/fr\/wp-json\/wp\/v2\/comments?post=416932"}],"version-history":[{"count":0,"href":"https:\/\/www.europesays.com\/fr\/wp-json\/wp\/v2\/posts\/416932\/revisions"}],"wp:featuredmedia":[{"embeddable":true,"href":"https:\/\/www.europesays.com\/fr\/wp-json\/wp\/v2\/media\/412365"}],"wp:attachment":[{"href":"https:\/\/www.europesays.com\/fr\/wp-json\/wp\/v2\/media?parent=416932"}],"wp:term":[{"taxonomy":"category","embeddable":true,"href":"https:\/\/www.europesays.com\/fr\/wp-json\/wp\/v2\/categories?post=416932"},{"taxonomy":"post_tag","embeddable":true,"href":"https:\/\/www.europesays.com\/fr\/wp-json\/wp\/v2\/tags?post=416932"}],"curies":[{"name":"wp","href":"https:\/\/api.w.org\/{rel}","templated":true}]}}