{"id":416939,"date":"2025-09-25T16:51:11","date_gmt":"2025-09-25T16:51:11","guid":{"rendered":"https:\/\/www.europesays.com\/fr\/416939\/"},"modified":"2025-09-25T16:51:11","modified_gmt":"2025-09-25T16:51:11","slug":"luefa-prendra-une-decision-la-semaine-prochaine-pour-une-possible-suspension-disrael-international-israel","status":"publish","type":"post","link":"https:\/\/www.europesays.com\/fr\/416939\/","title":{"rendered":"L\u2019UEFA prendra une d\u00e9cision la semaine prochaine pour une possible suspension d\u2019Isra\u00ebl &#8211; International &#8211; Isra\u00ebl"},"content":{"rendered":"<p>Il suffisait de demander.<\/p>\n<p>Apr\u00e8s la demande <a target=\"_blank\" href=\"https:\/\/www.sofoot.com\/breves\/des-experts-de-lonu-demandent-a-la-fifa-et-luefa-de-suspendre-israel\" rel=\"nofollow noopener\">d\u2019un groupe d\u2019experts ind\u00e9pendants de l\u2019ONU de suspendre Isra\u00ebl de toutes les comp\u00e9titions ce mardi,<\/a> l\u2019UEFA ne devrait pas tarder \u00e0 rendre son verdict.\u00a0Selon le<a target=\"_blank\" href=\"https:\/\/www.thetimes.com\/article\/11e9dd43-da58-47d5-84e8-23cefe184dd9?shareToken=017972e0589e3345c946970471a493b3\" rel=\"nofollow noopener\">\u00a0Times<\/a>, les membres de l\u2019instance europ\u00e9enne de football devraient <strong>donner une r\u00e9ponse la semaine prochaine,<\/strong> face aux plaintes du panel des conseillers des Nations unies, qui accuse Isra\u00ebl \u00ab\u00a0de commettre un g\u00e9nocide \u00e0 Gaza\u00a0\u00bb.<\/p>\n<p>Une tendance \u00e0 la suspension ?<\/p>\n<p>Selon le m\u00e9dia britannique, une grande majorit\u00e9 des membres ex\u00e9cutifs et des f\u00e9d\u00e9rations de l\u2019UEFA <strong>seraient en faveur de la suspension d\u2019Isra\u00ebl,<\/strong> rappelant <a target=\"_blank\" href=\"https:\/\/www.sofoot.com\/breves\/la-fifa-et-luefa-excluent-russie-de-coupe-du-monde-2022-mondial\" rel=\"nofollow noopener\">celle de la Russie par l\u2019UEFA elle-m\u00eame en 2022,<\/a> lorsque le pays avait envahi l\u2019Ukraine. La suspension d\u2019Isra\u00ebl pourrait mettre une pression \u00e9norme sur la FIFA, tant son pr\u00e9sident, Gianni Infantino, entretient une bonne relation avec Donald Trump, qui s\u2019appr\u00eate \u00e0 accueillir <strong>le prochain Mondial pour partie aux \u00c9tats-Unis.<\/strong><\/p>\n<p>Rendez-vous la semaine prochaine.<\/p>\n<p>\t\t\t\t\t\t\t\t\t\t<a class=\"lien-connexe\" href=\"https:\/\/www.sofoot.com\/breves\/des-experts-de-lonu-demandent-a-la-fifa-et-luefa-de-suspendre-israel\" rel=\"nofollow noopener\" target=\"_blank\">Des experts de l\u2019ONU demandent \u00e0 la FIFA et \u00e0 l\u2019UEFA de suspendre Isra\u00ebl<\/a>\t\t\t\t\t<\/p>\n","protected":false},"excerpt":{"rendered":"Il suffisait de demander. Apr\u00e8s la demande d\u2019un groupe d\u2019experts ind\u00e9pendants de l\u2019ONU de suspendre Isra\u00ebl de toutes&hellip;\n","protected":false},"author":2,"featured_media":416940,"comment_status":"","ping_status":"","sticky":false,"template":"","format":"standard","meta":{"footnotes":""},"categories":[9],"tags":[47,61,69,65,64,63,1011,27,68,66,62,70,67,60],"class_list":{"0":"post-416939","1":"post","2":"type-post","3":"status-publish","4":"format-standard","5":"has-post-thumbnail","7":"category-sports","8":"tag-actualite","9":"tag-actus-football","10":"tag-bundesliga","11":"tag-championnats-europeens","12":"tag-equipe-de-france","13":"tag-football","14":"tag-fr","15":"tag-france","16":"tag-ligua","17":"tag-ligue-1","18":"tag-news-foot","19":"tag-premier-league","20":"tag-serie-a","21":"tag-sports"},"share_on_mastodon":{"url":"","error":""},"_links":{"self":[{"href":"https:\/\/www.europesays.com\/fr\/wp-json\/wp\/v2\/posts\/416939","targetHints":{"allow":["GET"]}}],"collection":[{"href":"https:\/\/www.europesays.com\/fr\/wp-json\/wp\/v2\/posts"}],"about":[{"href":"https:\/\/www.europesays.com\/fr\/wp-json\/wp\/v2\/types\/post"}],"author":[{"embeddable":true,"href":"https:\/\/www.europesays.com\/fr\/wp-json\/wp\/v2\/users\/2"}],"replies":[{"embeddable":true,"href":"https:\/\/www.europesays.com\/fr\/wp-json\/wp\/v2\/comments?post=416939"}],"version-history":[{"count":0,"href":"https:\/\/www.europesays.com\/fr\/wp-json\/wp\/v2\/posts\/416939\/revisions"}],"wp:featuredmedia":[{"embeddable":true,"href":"https:\/\/www.europesays.com\/fr\/wp-json\/wp\/v2\/media\/416940"}],"wp:attachment":[{"href":"https:\/\/www.europesays.com\/fr\/wp-json\/wp\/v2\/media?parent=416939"}],"wp:term":[{"taxonomy":"category","embeddable":true,"href":"https:\/\/www.europesays.com\/fr\/wp-json\/wp\/v2\/categories?post=416939"},{"taxonomy":"post_tag","embeddable":true,"href":"https:\/\/www.europesays.com\/fr\/wp-json\/wp\/v2\/tags?post=416939"}],"curies":[{"name":"wp","href":"https:\/\/api.w.org\/{rel}","templated":true}]}}