{"id":41694,"date":"2025-04-21T14:31:22","date_gmt":"2025-04-21T14:31:22","guid":{"rendered":"https:\/\/www.europesays.com\/fr\/41694\/"},"modified":"2025-04-21T14:31:22","modified_gmt":"2025-04-21T14:31:22","slug":"communique-des-north-gate-bordeaux-le-fcgb-doit-etre-libere-de-cette-emprise-toxique","status":"publish","type":"post","link":"https:\/\/www.europesays.com\/fr\/41694\/","title":{"rendered":"Communiqu\u00e9 des North Gate Bordeaux : \u00ab\u00a0Le FCGB doit \u00eatre lib\u00e9r\u00e9 de cette emprise toxique\u00a0\u00bb"},"content":{"rendered":"<p><img decoding=\"async\" src=\"https:\/\/www.europesays.com\/fr\/wp-content\/uploads\/2025\/04\/671_2bc5c6247bff436fbaa2d10486415364.jpg\" alt=\"Communiqu\u00e9 des North Gate Bordeaux : &quot;Le FCGB doit \u00eatre lib\u00e9r\u00e9 de cette emprise toxique&quot;\" class=\"img-responsive mt-3\"\/><\/p>\n<p class=\"text-center mb-3\" style=\"font-size: 14px\">\u00a9 Iconsport<\/p>\n<p style=\"text-align: justify;\">Les <a href=\"https:\/\/www.webgirondins.com\/actualite-girondins-communique-des-north-gate-bordeaux-qui-acceptent-le-pacte-de-non-agression-127445\" target=\"_blank\" rel=\"noopener\">North Gate Bordeaux<\/a> positionn\u00e9s dans le virage Nord du stade sont clairs. Morceaux choisis et communiqu\u00e9 int\u00e9gral \u00e0 lire en bas de cette page.<\/p>\n<p><strong>G\u00e9rard Lopez responsable de la situation actuelle du club<\/strong><\/p>\n<p style=\"text-align: justify;\">\u00ab\u00a0Avec G\u00e9rard Lopez rien n&rsquo;est impossible : il poss\u00e8de cette capacit\u00e9 rare de toujours repousser les limites de la m\u00e9diocrit\u00e9. Quand on pense qu&rsquo;il nous affadit \u00e0 toucher le fond, il arrive \u00e0 creuser encore plus loin !\u00a0\u00bb <\/p>\n<p>\u00ab\u00a0Notre naufrage n&rsquo;est malheureusement pas une surprise : il est la cons\u00e9quence directe de cette gestion calamiteuse de son propri\u00e9taire et de sa garde rapproch\u00e9e.\u00a0\u00bb<\/p>\n<p><strong>\u00ab\u00a0Le FCGB doit \u00eatre lib\u00e9r\u00e9 de cette emprise toxique\u00a0\u00bb<\/strong><\/p>\n<p style=\"text-align: justify;\">Appel au tribunal de commerce : \u00ab\u00a0Le FCGB doit \u00eatre lib\u00e9r\u00e9 de cette emprise toxique\u00a0\u00bb.<\/p>\n<p style=\"text-align: justify;\">\u00ab\u00a0Il est imp\u00e9ratif que le tribunal de commerce agisse, en assumant son r\u00f4le et mette un terme \u00e0 la gestion catastrophique de G\u00e9rard Lopez. Nous vous implorons de prendre vos responsabilit\u00e9s et d&rsquo;ouvrir le dialogue avec tout nouvel interlocuteur digne de confiance.\u00a0\u00bb<\/p>\n<p style=\"text-align: justify;\">\u00ab\u00a0Trop, c&rsquo;est trop ! le FCGB doit \u00eatre lib\u00e9r\u00e9 de cette emprise toxique : peu importe la division, seule compte sa destitution !\u00a0\u00bb<\/p>\n<p><strong>Appel aux pouvoirs publics et au maire de Bordeaux<\/strong><\/p>\n<p style=\"text-align: justify;\">\u00ab\u00a0Nous demandons aussi aux pouvoirs publics de prendre officiellement position contre G\u00e9rard Lopez.\u00a0\u00bb<\/p>\n<p style=\"text-align: justify;\">Pierre Hurmic, maire de Bordeaux est interpell\u00e9 : \u00ab\u00a0Aujourd&rsquo;hui plus que jamais, nous avons besoin de votre voix pour sortir de cette crise sportive, \u00e9conomique et institutionnelle. Votre soutien peut jouer un r\u00f4le cl\u00e9 pour faciliter l&rsquo;arriv\u00e9e d&rsquo;un nouveau propri\u00e9taire et peser dans les discussions \u00e0 venir.\u00a0\u00bb<\/p>\n<p>Le communiqu\u00e9 de deux pages \u00e0 lire ci-dessous :<\/p>\n<p style=\"text-align: justify;\"><img decoding=\"async\" src=\"https:\/\/www.europesays.com\/fr\/wp-content\/uploads\/2025\/04\/Capture d\u2019e\u0301cran 2025-04-21 a\u0300 15.20.31.png\" alt=\"Capture d\u2019e\u0301cran 2025-04-21 a\u0300 15.20.31.png (6.63 MB)\" style=\"width:700px;max-width:100%;\"\/><\/p>\n<p style=\"text-align: justify;\"><img decoding=\"async\" src=\"https:\/\/www.europesays.com\/fr\/wp-content\/uploads\/2025\/04\/Capture d\u2019e\u0301cran 2025-04-21 a\u0300 15.21.16.png\" alt=\"Capture d\u2019e\u0301cran 2025-04-21 a\u0300 15.21.16.png (4.42 MB)\" style=\"width:700px;max-width:100%;\"\/><\/p>\n<p style=\"text-align: justify;\">\u00c0 lire &gt;&gt; <strong><a href=\"https:\/\/www.webgirondins.com\/actualite-girondins-reactions-le-ras-le-bol-des-supporters-girondins-apres-ce-nouvel-echec-a-bordeaux-128797\" target=\"_blank\" rel=\"noopener\">R\u00e9actions : le ras-le-bol des supporters girondins apr\u00e8s ce nouvel \u00e9chec \u00e0 Bordeaux<\/a><\/strong><\/p>\n<p style=\"text-align: justify;\">\u00a0<\/p>\n<p>\u00a0<\/p>\n","protected":false},"excerpt":{"rendered":"\u00a9 Iconsport Les North Gate Bordeaux positionn\u00e9s dans le virage Nord du stade sont clairs. Morceaux choisis et&hellip;\n","protected":false},"author":2,"featured_media":41695,"comment_status":"","ping_status":"","sticky":false,"template":"","format":"standard","meta":{"footnotes":""},"categories":[2817],"tags":[1111,11,4077,3270,1997,3477,6951,5404,8840,1086,1777,674,12696,1011,27,12695,12699,12697,9865,12,12694,2219,11755,25,10221,12698,2336],"class_list":{"0":"post-41694","1":"post","2":"type-post","3":"status-publish","4":"format-standard","5":"has-post-thumbnail","7":"category-bordeaux","8":"tag-actu","9":"tag-actualites","10":"tag-association","11":"tag-avril","12":"tag-bordeaux","13":"tag-cette","14":"tag-communique","15":"tag-doit","16":"tag-emprise","17":"tag-etre","18":"tag-eu","19":"tag-europe","20":"tag-fcgb","21":"tag-fr","22":"tag-france","23":"tag-gate","24":"tag-important","25":"tag-libere","26":"tag-lundi","27":"tag-news","28":"tag-north","29":"tag-nouvelle-aquitaine","30":"tag-publie","31":"tag-republique-francaise","32":"tag-supporters","33":"tag-toxique","34":"tag-ultras"},"share_on_mastodon":{"url":"https:\/\/pubeurope.com\/@fr\/114376440835778019","error":""},"_links":{"self":[{"href":"https:\/\/www.europesays.com\/fr\/wp-json\/wp\/v2\/posts\/41694","targetHints":{"allow":["GET"]}}],"collection":[{"href":"https:\/\/www.europesays.com\/fr\/wp-json\/wp\/v2\/posts"}],"about":[{"href":"https:\/\/www.europesays.com\/fr\/wp-json\/wp\/v2\/types\/post"}],"author":[{"embeddable":true,"href":"https:\/\/www.europesays.com\/fr\/wp-json\/wp\/v2\/users\/2"}],"replies":[{"embeddable":true,"href":"https:\/\/www.europesays.com\/fr\/wp-json\/wp\/v2\/comments?post=41694"}],"version-history":[{"count":0,"href":"https:\/\/www.europesays.com\/fr\/wp-json\/wp\/v2\/posts\/41694\/revisions"}],"wp:featuredmedia":[{"embeddable":true,"href":"https:\/\/www.europesays.com\/fr\/wp-json\/wp\/v2\/media\/41695"}],"wp:attachment":[{"href":"https:\/\/www.europesays.com\/fr\/wp-json\/wp\/v2\/media?parent=41694"}],"wp:term":[{"taxonomy":"category","embeddable":true,"href":"https:\/\/www.europesays.com\/fr\/wp-json\/wp\/v2\/categories?post=41694"},{"taxonomy":"post_tag","embeddable":true,"href":"https:\/\/www.europesays.com\/fr\/wp-json\/wp\/v2\/tags?post=41694"}],"curies":[{"name":"wp","href":"https:\/\/api.w.org\/{rel}","templated":true}]}}