{"id":416943,"date":"2025-09-25T16:53:33","date_gmt":"2025-09-25T16:53:33","guid":{"rendered":"https:\/\/www.europesays.com\/fr\/416943\/"},"modified":"2025-09-25T16:53:33","modified_gmt":"2025-09-25T16:53:33","slug":"les-11-offres-qui-meritent-votre-attention-lors-des-french-days","status":"publish","type":"post","link":"https:\/\/www.europesays.com\/fr\/416943\/","title":{"rendered":"les 11 offres qui m\u00e9ritent votre attention lors des French Days"},"content":{"rendered":"<p>Les French Days sont aussi arriv\u00e9s chez Carrefour et pour le premier jour, l\u2019enseigne fran\u00e7aise de la grande distribution baisse le prix de r\u00e9cents produits Tech : des TV, des smartphones, des \u00e9couteurs\u2026\u00a0 Retrouvez notre s\u00e9lection des meilleures offres.\u00a0<\/p>\n<p><a href=\"https:\/\/images.frandroid.com\/wp-content\/uploads\/2025\/09\/carrefour-french-days-2025.jpg\" target=\"_blank\" class=\"article-content__figure\" rel=\"noopener\"><img fetchpriority=\"high\" decoding=\"async\" loading=\"eager\" width=\"1200\" height=\"675\" src=\"https:\/\/www.europesays.com\/fr\/wp-content\/uploads\/2025\/09\/carrefour-french-days-2025.jpg\" alt=\"\" class=\"wp-image-2807307 wp-image wp-image\"  \/><\/a><\/p>\n<p>Le coup d\u2019envoi des <a href=\"https:\/\/www.frandroid.com\/bons-plans\/2805055_french-days-2025-meilleures-offres-en-direct-sur-amazon-fnac-darty-boulanger-etc\" target=\"_blank\" rel=\"noopener\">French Days<\/a> a \u00e9t\u00e9 officiellement donn\u00e9 le 24 septembre 2025. Comme beaucoup d\u2019autres e-marchands, l\u2019enseigne Carrefour se lance dans la course aux promotions et de notre c\u00f4t\u00e9, on a d\u00e9nich\u00e9 quelques p\u00e9pites dans son catalogue. <a href=\"https:\/\/www.frandroid.com\/guide-dachat\/smartphones\/332196_10-smartphones-attendus-debut-2016\" target=\"_blank\" rel=\"noopener\">Smartphones<\/a>,\u00a0<a href=\"https:\/\/www.frandroid.com\/guide-dachat\/508152_quelle-television-4k-choisir-la-selection-de-la-redaction\" target=\"_blank\" rel=\"noopener\">TV<\/a>, <a href=\"https:\/\/www.frandroid.com\/guide-dachat\/guide-tablettes\/320702_guide-dachat-tablette-choisir-noel\" target=\"_blank\" rel=\"noopener\">tablettes<\/a>\u2026 Nous avons regroup\u00e9 pour vous celles qui m\u00e9ritent votre argent.<\/p>\n<p>Quels sont les offres \u00e0 retenir chez Carrefour pendant les French Days ? <\/p>\n<p>LG 65QNED85A<\/p>\n<p>Avec <a href=\"https:\/\/www.frandroid.com\/marques\/2576385_lg-frappe-fort-des-tv-qned-evo-mini-led-sans-fil-et-jusqua-100-pouces-en-2025\" target=\"_blank\" rel=\"noopener\">ce mod\u00e8le QNED85A de 2025<\/a>, LG fait le plein de nouveaut\u00e9s pour le gaming, mais aussi le cin\u00e9ma, de meilleures couleurs, bien entendu, et l\u2019int\u00e9gration de l\u2019IA pour optimiser les images. Si vous \u00eates int\u00e9ress\u00e9s, sachez que sa version 65 pouces co\u00fbte 400 euros de moins. <\/p>\n<p><a target=\"_blank\" href=\"https:\/\/images.frandroid.com\/wp-content\/uploads\/2025\/09\/lg-65qned85a-french-days.jpg\" class=\"article-content__figure\" rel=\"noopener\"><img loading=\"lazy\" decoding=\"async\" width=\"1200\" height=\"675\" src=\"https:\/\/www.europesays.com\/fr\/wp-content\/uploads\/2025\/09\/lg-65qned85a-french-days-1200x675.jpg\" alt=\"\" class=\"wp-image-2808753 wp-image\"  \/><\/a><\/p>\n<p>Les atouts de la LG 65QNED85A<\/p>\n<ul class=\"wp-block-list\">\n<li>La qualit\u00e9 de la dalle QNED sur 65 pouces<\/li>\n<li>La fr\u00e9quence de rafra\u00eechissement qui monte jusqu\u2019\u00e0 144 Hz<\/li>\n<li>La compatibilit\u00e9 HDR10 et Dolby Vision<\/li>\n<\/ul>\n<p>De base \u00e0 1 249 euros, le t\u00e9l\u00e9viseur LG 65QNED85A est en ce moment <a href=\"https:\/\/shop.frandroid.com\/lnedcpt5\" target=\"_blank\" rel=\"noreferrer noopener affiliate nofollow\" data-gtm=\"{&quot;event&quot;:&quot;afficlic&quot;,&quot;nom_marchand&quot;:&quot;carrefour&quot;,&quot;nom_produit&quot;:&quot;inconnu&quot;,&quot;categorie_produit&quot;:&quot;inconnu&quot;,&quot;module_produit&quot;:&quot;editolink&quot;,&quot;position_marchand&quot;:0,&quot;texte&quot;:&quot;remise-a-899-euros-chez-carrefour&quot;,&quot;offer_url&quot;:&quot;https:\/\/shop.frandroid.com\/lnedcpt5&quot;,&quot;zone&quot;:&quot;contenu-page&quot;}\">remis\u00e9 \u00e0 849 euros chez Carrefour.<\/a><\/p>\n<p>Navee GT3 <\/p>\n<p>Si vous \u00eates \u00e0 la recherche d\u2019une trottinette \u00e9lectrique performante et abordable, la <a href=\"https:\/\/www.frandroid.com\/survoltes\/trottinette-electrique\/2332680_xiaomi-et-segway-ont-du-souci-a-se-faire-avec-larrivee-de-ces-5-nouvelles-trottinettes-electriques-navee-tres-prometteuses\" target=\"_blank\" rel=\"noopener\">Navee GT3<\/a> pr\u00e9sente de bons arguments pour vous faire craquer.\u00a0<\/p>\n<p><a href=\"https:\/\/images.frandroid.com\/wp-content\/uploads\/2025\/09\/navee-gt3-french-days.jpg\" target=\"_blank\" class=\"article-content__figure\" rel=\"noopener\"><img loading=\"lazy\" decoding=\"async\" width=\"1200\" height=\"675\" src=\"https:\/\/www.europesays.com\/fr\/wp-content\/uploads\/2025\/09\/navee-gt3-french-days-1200x675.jpg\" alt=\"\" class=\"wp-image-2808127 wp-image\"  \/><\/a><\/p>\n<p>Ce qui pla\u00eet sur la Navee GT3 <\/p>\n<ul class=\"wp-block-list\">\n<li>Une trottinette confortable avec un guidon rotatif<\/li>\n<li>Un moteur puissant pour gravir les pentes jusqu\u2019\u00e0 18 % d\u2019inclinaison<\/li>\n<li>Son autonomie solide : jusqu\u2019\u00e0 50 km<\/li>\n<\/ul>\n<p>De base \u00e0 499 euros, puis r\u00e9duit \u00e0 399 euros, la trottinette \u00e9lectrique Navee GT3 se n\u00e9gocie en ce moment <a href=\"https:\/\/shop.frandroid.com\/71yeus18\" target=\"_blank\" rel=\"noreferrer noopener affiliate nofollow\" data-gtm=\"{&quot;event&quot;:&quot;afficlic&quot;,&quot;nom_marchand&quot;:&quot;carrefour&quot;,&quot;nom_produit&quot;:&quot;inconnu&quot;,&quot;categorie_produit&quot;:&quot;inconnu&quot;,&quot;module_produit&quot;:&quot;editolink&quot;,&quot;position_marchand&quot;:0,&quot;texte&quot;:&quot;a-329-euros-chez-carrefour&quot;,&quot;offer_url&quot;:&quot;https:\/\/shop.frandroid.com\/71yeus18&quot;,&quot;zone&quot;:&quot;contenu-page&quot;}\">\u00e0 329 euros chez Carrefour.<\/a><\/p>\n<p>Google Pixel 9 : un bon photophone toujours recommandable<\/p>\n<p>\u00a0Le\u00a0<a href=\"https:\/\/www.frandroid.com\/marques\/google\/2314040_test-du-google-pixel-9-un-7-10-qui-ne-demande-qua-devenir-un-8-10#batterie\" target=\"_blank\" rel=\"noopener\">Pixel 9 not\u00e9 7\/10 par la r\u00e9daction<\/a>, devient une bonne affaire pour ceux qui veulent de la photo, de l\u2019intelligence artificielle et du Android pur, sans vendre un rein pour s\u2019\u00e9quiper.\u00a0Le voil\u00e0 \u00e0 moins de 600 euros \u00e0 l\u2019occasion des French Days. <\/p>\n<p><a href=\"https:\/\/images.frandroid.com\/wp-content\/uploads\/2025\/09\/google-pixel-9-french-days.jpg\" target=\"_blank\" class=\"article-content__figure\" rel=\"noopener\"><img loading=\"lazy\" decoding=\"async\" width=\"1200\" height=\"675\" src=\"https:\/\/www.europesays.com\/fr\/wp-content\/uploads\/2025\/09\/google-pixel-9-french-days-1200x675.jpg\" alt=\"\" class=\"wp-image-2808121 wp-image\"  \/><\/a><\/p>\n<p>Ce qu\u2019il faut retenir \u00e0 Google Pixel 9<\/p>\n<ul class=\"wp-block-list\">\n<li>Un capteur photo qui humilie encore la concurrence<\/li>\n<li>La puissance de Google Tensor G3 sous le capot<\/li>\n<li>Des mises \u00e0 jour Android servies chaudes pendant des ann\u00e9es<\/li>\n<\/ul>\n<p>De base \u00e0 899 euros, le Google Pixel 9 est\u00a0aujourd\u2019hui disponible <a href=\"https:\/\/shop.frandroid.com\/0pqvpkk8\" target=\"_blank\" rel=\"noreferrer noopener affiliate nofollow\" data-gtm=\"{&quot;event&quot;:&quot;afficlic&quot;,&quot;nom_marchand&quot;:&quot;carrefour&quot;,&quot;nom_produit&quot;:&quot;inconnu&quot;,&quot;categorie_produit&quot;:&quot;inconnu&quot;,&quot;module_produit&quot;:&quot;editolink&quot;,&quot;position_marchand&quot;:0,&quot;texte&quot;:&quot;en-promotion-a-599-euros-sur-carrefour&quot;,&quot;offer_url&quot;:&quot;https:\/\/shop.frandroid.com\/0pqvpkk8&quot;,&quot;zone&quot;:&quot;contenu-page&quot;}\">en promotion \u00e0 599 euros sur Carrefour<\/a>.<\/p>\n<p>Xiaomi Redmi 15 5G : un smartphone pas cher avec une batterie XXL<\/p>\n<p>En attendant <a href=\"https:\/\/www.frandroid.com\/marques\/xiaomi\/2767397_nouveaux-redmi-note-15-xiaomi-mise-tout-sur-la-durabilite-decouvrez-les-trois-modeles\" target=\"_blank\" rel=\"noopener\">sa gamme Redmi Note<\/a>, Xiaomi a lev\u00e9 le voile sur de nouveaux smartphones entr\u00e9e de gamme : <a href=\"https:\/\/www.frandroid.com\/marques\/xiaomi\/2776031_attention-batteries-geantes-xiaomi-lance-ses-redmi-15-et-redmi-15c-en-france\" target=\"_blank\" rel=\"noopener\">le Redmi 15C et le Redmi 15<\/a>. Ce dernier a beau \u00eatre propos\u00e9 \u00e0 moins de 250 euros, il embarque une fiche technique all\u00e9chante entre sa grosse batterie de 7 000 mAh et son \u00e9cran rafra\u00eechi \u00e0 144 Hz. Sa version 5G b\u00e9n\u00e9ficie d\u2019une belle remise lors des French Days. <\/p>\n<p><a href=\"https:\/\/images.frandroid.com\/wp-content\/uploads\/2025\/09\/xiaomi-redmi-15-5g-xiaomi-redmi-15-5g.jpg\" target=\"_blank\" class=\"article-content__figure\" rel=\"noopener\"><img loading=\"lazy\" decoding=\"async\" width=\"1200\" height=\"675\" src=\"https:\/\/www.europesays.com\/fr\/wp-content\/uploads\/2025\/09\/xiaomi-redmi-15-5g-xiaomi-redmi-15-5g-1200x675.jpg\" alt=\"\" class=\"wp-image-2807129 wp-image\"  \/><\/a><\/p>\n<p>Ce qu\u2019il faut retenir du Xiaomi Redmi 15 5G <\/p>\n<ul class=\"wp-block-list\">\n<li>Un \u00e9cran Full HD+ jusqu\u2019\u00e0 144 Hz<\/li>\n<li>Des fonctionnalit\u00e9s IA<\/li>\n<li>Une grande batterie de 7 000 mAh\u00a0<\/li>\n<\/ul>\n<p>Disponible au lancement \u00e0 249 euros, le Xiaomi Redmi 15 5G est en ce moment <a href=\"https:\/\/shop.frandroid.com\/ny2spjqn\" target=\"_blank\" rel=\"noreferrer noopener affiliate nofollow\" data-gtm=\"{&quot;event&quot;:&quot;afficlic&quot;,&quot;nom_marchand&quot;:&quot;carrefour&quot;,&quot;nom_produit&quot;:&quot;inconnu&quot;,&quot;categorie_produit&quot;:&quot;inconnu&quot;,&quot;module_produit&quot;:&quot;editolink&quot;,&quot;position_marchand&quot;:0,&quot;texte&quot;:&quot;reduit-a-224-euros-sur-le-site-carrefour&quot;,&quot;offer_url&quot;:&quot;https:\/\/shop.frandroid.com\/ny2spjqn&quot;,&quot;zone&quot;:&quot;contenu-page&quot;}\">r\u00e9duit \u00e0 224 euros sur le site Carrefour<\/a>. <\/p>\n<p>TCL 50T69C : du QLED avec un tarif attractif<\/p>\n<p>La marque <a href=\"https:\/\/www.frandroid.com\/guide-dachat\/1610991_quelles-sont-les-meilleures-tv-tcl-disponibles\" target=\"_blank\" rel=\"noopener\">TCL propose de tr\u00e8s bons TV<\/a> et sa gamme de 2025 ne fait pas exception \u00e0 la r\u00e8gle. Le mod\u00e8le T69C de 50 pouces est \u00e0 un excellent rapport qualit\u00e9 prix et passe de 499 euros \u00e0 349 euros durant les French Days.<\/p>\n<p><a href=\"https:\/\/images.frandroid.com\/wp-content\/uploads\/2025\/09\/tcl-50t69c-french-days-2025.jpg\" target=\"_blank\" class=\"article-content__figure\" rel=\"noopener\"><img loading=\"lazy\" decoding=\"async\" width=\"1200\" height=\"675\" src=\"https:\/\/www.europesays.com\/fr\/wp-content\/uploads\/2025\/09\/tcl-50t69c-french-days-2025-1200x675.jpg\" alt=\"\" class=\"wp-image-2807149 wp-image\"  \/><\/a><\/p>\n<p>Les points forts du TCL 50T69C<\/p>\n<ul class=\"wp-block-list\">\n<li>Du QLED sur une dalle 4K de 50 pouces<\/li>\n<li>Compatible HDR, HDR10+, Dolby Vision et Atmos<\/li>\n<li>L\u2019interface Google TV<\/li>\n<\/ul>\n<p>Au lieu d\u2019un prix barr\u00e9 \u00e0 499,99 euros, le t\u00e9l\u00e9viseur TCL 50T69C se n\u00e9gocie <a href=\"https:\/\/shop.frandroid.com\/2pe66fmj\" target=\"_blank\" rel=\"noreferrer noopener affiliate nofollow\" data-gtm=\"{&quot;event&quot;:&quot;afficlic&quot;,&quot;nom_marchand&quot;:&quot;carrefour&quot;,&quot;nom_produit&quot;:&quot;inconnu&quot;,&quot;categorie_produit&quot;:&quot;inconnu&quot;,&quot;module_produit&quot;:&quot;editolink&quot;,&quot;position_marchand&quot;:0,&quot;texte&quot;:&quot;en-ce-moment-a-349-99-euros-chez-carrefour&quot;,&quot;offer_url&quot;:&quot;https:\/\/shop.frandroid.com\/2pe66fmj&quot;,&quot;zone&quot;:&quot;contenu-page&quot;}\">en ce moment \u00e0 349,99 euros chez Carrefour<\/a>. <\/p>\n<p>Xiaomi Scooter 5 Pro : une trottinette bien \u00e9quip\u00e9e pour les trajets urbains<\/p>\n<p>La <a href=\"https:\/\/www.frandroid.com\/produits\/trottinette-electrique\/xiaomi\/2521787-xiaomi-electric-scooter-5-pro\" target=\"_blank\" rel=\"noopener\">Xiaomi Scooter 5 Pro<\/a> a de bons arguments pour convaincre : elle mise sur un moteur puissant et une autonomie muscl\u00e9e, mais aussi de doubles amortisseurs pour renforcer le confort en route. Une <a href=\"https:\/\/www.frandroid.com\/guide-dachat\/guides-dachat-survoltes\/guides-dachat-trottinettes-electriques\/617520_quelle-trottinette-electrique-acheter\" target=\"_blank\" rel=\"noopener\">bonne trottinette<\/a> que l\u2019on retrouve avec 40 euros de moins. <\/p>\n<p><a href=\"https:\/\/images.frandroid.com\/wp-content\/uploads\/2025\/09\/xiaomi-scooter-5-pro-french-days-2025.jpg\" target=\"_blank\" class=\"article-content__figure\" rel=\"noopener\"><img loading=\"lazy\" decoding=\"async\" width=\"1200\" height=\"675\" src=\"https:\/\/www.europesays.com\/fr\/wp-content\/uploads\/2025\/09\/xiaomi-scooter-5-pro-french-days-2025-1200x675.jpg\" alt=\"\" class=\"wp-image-2807173 wp-image\"  \/><\/a><\/p>\n<p>Les forces de la Xiaomi Scooter 5 Pro<\/p>\n<ul class=\"wp-block-list\">\n<li>Robuste et confortable<\/li>\n<li>Un moteur puissant<\/li>\n<li>Une autonomie de 60 km <\/li>\n<\/ul>\n<p>Au d\u00e9part \u00e0 509,99 euros, la trottinette Xiaomi Scooter 5 Pro se trouve aujourd\u2019hui <a href=\"https:\/\/shop.frandroid.com\/da7yzdqo\" target=\"_blank\" rel=\"noreferrer noopener affiliate nofollow\" data-gtm=\"{&quot;event&quot;:&quot;afficlic&quot;,&quot;nom_marchand&quot;:&quot;carrefour&quot;,&quot;nom_produit&quot;:&quot;inconnu&quot;,&quot;categorie_produit&quot;:&quot;inconnu&quot;,&quot;module_produit&quot;:&quot;editolink&quot;,&quot;position_marchand&quot;:0,&quot;texte&quot;:&quot;remisee-a-469-99-euros-sur-carrefour&quot;,&quot;offer_url&quot;:&quot;https:\/\/shop.frandroid.com\/da7yzdqo&quot;,&quot;zone&quot;:&quot;contenu-page&quot;}\">remis\u00e9e \u00e0 469,99 euros sur Carrefour.<\/a><\/p>\n<p>AirPods 4 : des \u00e9couteurs ouverts avec ANC convaincants <\/p>\n<p>Les <a href=\"https:\/\/www.frandroid.com\/produits\/audio-casques-ecouteurs\/apple\/2331458-apple-airpods-4\" target=\"_blank\" rel=\"noopener\">AirPods 4<\/a> signent le retour des fameux <a href=\"https:\/\/www.frandroid.com\/guide-dachat\/2643597_quels-sont-les-meilleurs-ecouteurs-ouverts\" target=\"_blank\" rel=\"noopener\">\u00e9couteurs ouverts<\/a>\u00a0d\u2019Apple. Ils sont dot\u00e9s d\u2019une fonction de r\u00e9duction de bruit active plut\u00f4t convaincante et passent de 199 euros \u00e0 179 euros gr\u00e2ce aux French Days. <\/p>\n<p><a href=\"https:\/\/images.frandroid.com\/wp-content\/uploads\/2025\/09\/airpods-4-avec-anc-french-days-2025.jpg\" target=\"_blank\" class=\"article-content__figure\" rel=\"noopener\"><img loading=\"lazy\" decoding=\"async\" width=\"1200\" height=\"675\" src=\"https:\/\/www.europesays.com\/fr\/wp-content\/uploads\/2025\/09\/airpods-4-avec-anc-french-days-2025-1200x675.jpg\" alt=\"\" class=\"wp-image-2807211 wp-image\"  \/><\/a><\/p>\n<p>Ce qu\u2019on appr\u00e9cie des AirPods 4 <\/p>\n<ul class=\"wp-block-list\">\n<li>Un bon confort de port<\/li>\n<li>De bonnes performances acoustiques<\/li>\n<li>L\u2019ANC est efficace pour des \u00e9couteurs ouverts<\/li>\n<\/ul>\n<p>Les Apple AirPods 4 avec ANC sont disponibles \u00e0 199 euros, mais sur le site Carrefour, ils sont actuellement <a href=\"https:\/\/shop.frandroid.com\/s1k7r78z\" target=\"_blank\" rel=\"noreferrer noopener affiliate nofollow\" data-gtm=\"{&quot;event&quot;:&quot;afficlic&quot;,&quot;nom_marchand&quot;:&quot;carrefour&quot;,&quot;nom_produit&quot;:&quot;inconnu&quot;,&quot;categorie_produit&quot;:&quot;inconnu&quot;,&quot;module_produit&quot;:&quot;editolink&quot;,&quot;position_marchand&quot;:0,&quot;texte&quot;:&quot;en-promotion-a-179-euros&quot;,&quot;offer_url&quot;:&quot;https:\/\/shop.frandroid.com\/s1k7r78z&quot;,&quot;zone&quot;:&quot;contenu-page&quot;}\">en promotion \u00e0 179 euros.<\/a><\/p>\n<p>Samsung 65QN70F : l\u2019entr\u00e9e de gamme en Mini-LED<\/p>\n<p>Parmi les r\u00e9cents <a href=\"https:\/\/www.frandroid.com\/guide-dachat\/guides-dachat-tv\/1173005_quelle-est-la-meilleure-tv-samsung-a-acheter\" target=\"_blank\" rel=\"noopener\">t\u00e9l\u00e9viseurs 2025 de Samsung<\/a>, la s\u00e9rie <a href=\"https:\/\/www.frandroid.com\/marques\/samsung\/2564957_samsung-qn90f-et-qn70f-tous-les-prix-des-tv-mini-led-ultra-hd-avec-ou-sans-traitement-antireflet\" target=\"_blank\" rel=\"noopener\">QN70F<\/a> se positionne comme l\u2019entr\u00e9e de gamme de la technologie Neo QLED. Ce mod\u00e8le est tout aussi int\u00e9ressant que les autres versions plus premium et \u00e0 l\u2019avantage de co\u00fbter moins de 1 000 euros lors des French Days. <\/p>\n<p><a href=\"https:\/\/images.frandroid.com\/wp-content\/uploads\/2025\/09\/samsung-65qn70f-french-days-2025.jpg\" target=\"_blank\" class=\"article-content__figure\" rel=\"noopener\"><img loading=\"lazy\" decoding=\"async\" width=\"1200\" height=\"675\" src=\"https:\/\/www.europesays.com\/fr\/wp-content\/uploads\/2025\/09\/samsung-65qn70f-french-days-2025-1200x675.jpg\" alt=\"\" class=\"wp-image-2807219 wp-image\"  \/><\/a><\/p>\n<p>Les atouts du Samsung 65QN70F<\/p>\n<ul class=\"wp-block-list\">\n<li>Une dalle 4K Mini LED de 65 pouces<\/li>\n<li>Prend en charge les formats\u00a0<a href=\"https:\/\/www.frandroid.com\/comment-faire\/563762_hdr10-hdr10-hlg-et-dolby-vision-quelles-differences-entre-les-standards-hdr\" target=\"_blank\" rel=\"noopener\">HDR10 et HDR10+<\/a><\/li>\n<li>HDMI 2.1 jusqu\u2019\u00e0 144 Hz, VRR et ALLM <\/li>\n<\/ul>\n<p>Avec un prix barr\u00e9 \u00e0 1 199,99 euros, le Samsung 65QN70F se trouve en ce moment <a href=\"https:\/\/shop.frandroid.com\/4tfk7x3i\" target=\"_blank\" rel=\"noreferrer noopener affiliate nofollow\" data-gtm=\"{&quot;event&quot;:&quot;afficlic&quot;,&quot;nom_marchand&quot;:&quot;carrefour&quot;,&quot;nom_produit&quot;:&quot;inconnu&quot;,&quot;categorie_produit&quot;:&quot;inconnu&quot;,&quot;module_produit&quot;:&quot;editolink&quot;,&quot;position_marchand&quot;:0,&quot;texte&quot;:&quot;remise-a-999-99-euros-chez-carrefour&quot;,&quot;offer_url&quot;:&quot;https:\/\/shop.frandroid.com\/4tfk7x3i&quot;,&quot;zone&quot;:&quot;contenu-page&quot;}\">remis\u00e9 \u00e0 999,99 euros chez Carrefour.<\/a> <\/p>\n<p>Realme 14 Pro 5G : un smartphone atypique bien complet <\/p>\n<p>Avec le Realme 14 Pro, la marque fait une proposition originale : un smartphone avec un dos nacr\u00e9 dont\u00a0<a href=\"https:\/\/www.frandroid.com\/marques\/realme\/2450820_realme-14-pro-les-smartphones-peuvent-changer-de-couleur-quand-il-fait-froid\" target=\"_blank\" rel=\"noreferrer noopener\">la couleur varie<\/a>\u00a0en fonction de la temp\u00e9rature. Un design unique, mais qui ne fait pas tout. Ce smartphone propose en effet une fiche technique solide\u00a0pour un prix accessible, surtout suite \u00e0 cette promotion.<\/p>\n<p><a href=\"https:\/\/images.frandroid.com\/wp-content\/uploads\/2025\/09\/realme-14-pro-5g.jpg\" target=\"_blank\" class=\"article-content__figure\" rel=\"noopener\"><img loading=\"lazy\" decoding=\"async\" width=\"1200\" height=\"675\" src=\"https:\/\/www.europesays.com\/fr\/wp-content\/uploads\/2025\/09\/realme-14-pro-5g-1200x675.jpg\" alt=\"\" class=\"wp-image-2807243 wp-image\"  \/><\/a><\/p>\n<p>Les avantages du Realme 14 Pro 5G<\/p>\n<ul class=\"wp-block-list\">\n<li>La batterie de 5 260 mAh compatible charge rapide 45 W<\/li>\n<li>Le capteur photo Sony OIS 50 Mpx fait de belles photos<\/li>\n<li>L\u2019\u00e9cran Amoled et le design incurv\u00e9<\/li>\n<\/ul>\n<p>Le Realme 14 Pro 5G est en ce moment <a href=\"https:\/\/shop.frandroid.com\/l04lneec\" target=\"_blank\" rel=\"noreferrer noopener affiliate nofollow\" data-gtm=\"{&quot;event&quot;:&quot;afficlic&quot;,&quot;nom_marchand&quot;:&quot;carrefour&quot;,&quot;nom_produit&quot;:&quot;inconnu&quot;,&quot;categorie_produit&quot;:&quot;inconnu&quot;,&quot;module_produit&quot;:&quot;editolink&quot;,&quot;position_marchand&quot;:0,&quot;texte&quot;:&quot;remise-a-379-99-euros-chez-carrefour&quot;,&quot;offer_url&quot;:&quot;https:\/\/shop.frandroid.com\/l04lneec&quot;,&quot;zone&quot;:&quot;contenu-page&quot;}\">remis\u00e9 \u00e0 379,99 euros chez Carrefour<\/a>, au lieu de 479,99 euros initialement. <\/p>\n<p>Xiaomi Redmi Pad SE : une tablette fluide avec de petites performances <\/p>\n<p>La <a href=\"https:\/\/www.frandroid.com\/marques\/xiaomi\/1769249_xiaomi-redmi-pad-se-officialisation-france\" target=\"_blank\" rel=\"noopener\">Xiaomi Redmi Pad SE<\/a> est une <a href=\"https:\/\/www.frandroid.com\/guide-dachat\/guide-tablettes\/1311703_quelles-sont-les-meilleures-tablettes-pas-cheres\" target=\"_blank\" rel=\"noopener\">tablette<\/a> qui conviendra avant tout aux familles qui recherchent une tablette suffisamment efficace pour des t\u00e2ches simples. En ce moment, on la trouve \u00e0 moins de 180 euros. <\/p>\n<p><a href=\"https:\/\/images.frandroid.com\/wp-content\/uploads\/2025\/09\/xiaomi-redmi-pad-se.jpg\" target=\"_blank\" class=\"article-content__figure\" rel=\"noopener\"><img loading=\"lazy\" decoding=\"async\" width=\"1200\" height=\"675\" src=\"https:\/\/www.europesays.com\/fr\/wp-content\/uploads\/2025\/09\/xiaomi-redmi-pad-se-1200x675.jpg\" alt=\"\" class=\"wp-image-2807253 wp-image\"  \/><\/a><\/p>\n<p>Les points positifs de la Xiaomi Redmi Pad SE <\/p>\n<ul class=\"wp-block-list\">\n<li>Un design soign\u00e9<\/li>\n<li>Un \u00e9cran Full HD+ de 11 pouces \u00e0 90 Hz<\/li>\n<li>Avec Dolby Atmos en prime<\/li>\n<\/ul>\n<p>Habituellement \u00e0 229 euros, la Xiaomi Redmi Pad SE est en ce moment <a href=\"https:\/\/shop.frandroid.com\/7wv2xfjt\" target=\"_blank\" rel=\"noreferrer noopener affiliate nofollow\" data-gtm=\"{&quot;event&quot;:&quot;afficlic&quot;,&quot;nom_marchand&quot;:&quot;carrefour&quot;,&quot;nom_produit&quot;:&quot;inconnu&quot;,&quot;categorie_produit&quot;:&quot;inconnu&quot;,&quot;module_produit&quot;:&quot;editolink&quot;,&quot;position_marchand&quot;:0,&quot;texte&quot;:&quot;remisee-a-179-euros-sur-le-site-carrefour&quot;,&quot;offer_url&quot;:&quot;https:\/\/shop.frandroid.com\/7wv2xfjt&quot;,&quot;zone&quot;:&quot;contenu-page&quot;}\">remis\u00e9e \u00e0 179 euros sur le site Carrefour.<\/a><\/p>\n<p>Motorola Moto G54 : un smartphone id\u00e9al pour les petits budgets<\/p>\n<p>Le <a href=\"https:\/\/www.frandroid.com\/marques\/motorola\/1793969_de-180-a-300-euros-ces-trois-smartphones-motorola-qui-veulent-simposer-en-france\" target=\"_blank\" rel=\"noopener\">Motorola Moto G54<\/a> est un <a href=\"https:\/\/www.frandroid.com\/guide-dachat\/smartphones\/275349_quel-smartphone-choisir-moins-de-200-euros\" target=\"_blank\" rel=\"noopener\">t\u00e9l\u00e9phone accessible<\/a>, mais qui fait tout de m\u00eame de jolies propositions, comme son \u00e9cran 120 Hz ou encore son espace de stockage extensible ! Mais ce qui est encore plus cool, c\u2019est qu\u2019il se trouve \u00e0 moins de 200 euros lors des French Days. <\/p>\n<p><a href=\"https:\/\/images.frandroid.com\/wp-content\/uploads\/2025\/09\/motorola-moto-g54.jpg\" target=\"_blank\" class=\"article-content__figure\" rel=\"noopener\"><img loading=\"lazy\" decoding=\"async\" width=\"1200\" height=\"675\" src=\"https:\/\/www.europesays.com\/fr\/wp-content\/uploads\/2025\/09\/motorola-moto-g54-1200x675.jpg\" alt=\"\" class=\"wp-image-2807279 wp-image\"  \/><\/a><\/p>\n<p>Quels sont les points forts du Motorola Moto G54 <\/p>\n<ul class=\"wp-block-list\">\n<li>Un \u00e9cran LCD 120 Hz de 6,5 pouces<\/li>\n<li>Un SoC Mediatek Dimensity 7020, coupl\u00e9 \u00e0 12 Go de RAM\u00a0<\/li>\n<li>Un stockage extensible !<\/li>\n<\/ul>\n<p>Le Motorola Moto G54 voit son prix <a href=\"https:\/\/shop.frandroid.com\/e2b1qbo8\" target=\"_blank\" rel=\"noreferrer noopener affiliate nofollow\" data-gtm=\"{&quot;event&quot;:&quot;afficlic&quot;,&quot;nom_marchand&quot;:&quot;carrefour&quot;,&quot;nom_produit&quot;:&quot;inconnu&quot;,&quot;categorie_produit&quot;:&quot;inconnu&quot;,&quot;module_produit&quot;:&quot;editolink&quot;,&quot;position_marchand&quot;:0,&quot;texte&quot;:&quot;passer-de-229-euros-a-199-euros-chez-carrefour&quot;,&quot;offer_url&quot;:&quot;https:\/\/shop.frandroid.com\/e2b1qbo8&quot;,&quot;zone&quot;:&quot;contenu-page&quot;}\">passer de 229 euros \u00e0 199 euros chez Carrefour.<\/a><\/p>\n<p>French Days 2025 : ne ratez aucun bon plan avec Frandroid <\/p>\n<p>Les <a href=\"https:\/\/www.frandroid.com\/bons-plans\/2805055_french-days-2025-meilleures-offres-en-direct-sur-amazon-fnac-darty-boulanger-etc\" target=\"_blank\" rel=\"noreferrer noopener\">French Days<\/a> reviennent en 2025 pour une deuxi\u00e8me \u00e9dition jusqu\u2019au 30 septembre prochain. Afin d\u2019y voir plus clair sur les diff\u00e9rentes offres Tech que nous recommandons chaudement lors de cette p\u00e9riode, voici quelques s\u00e9lections de produits :<\/p>\n<p>Et, pour ne rien louper des bons plans que nous partageons, voici quelques tips et liens utiles :<\/p>\n<ul class=\"wp-block-list\">\n<li>Suivez notre compte X\u00a0<a href=\"https:\/\/twitter.com\/FrandroidPromos\" target=\"_blank\" rel=\"noreferrer noopener\">@FrandroidPromos<\/a> uniquement d\u00e9di\u00e9 aux bons plans (pensez \u00e0 activer la cloche pour recevoir les notifications en temps r\u00e9el)<\/li>\n<li><a href=\"https:\/\/whatsapp.com\/channel\/0029VabYxm5LI8YhSlD8xc05\" target=\"_blank\" rel=\"noreferrer noopener\">Rejoignez notre canal WhatsApp<\/a> pour recevoir une fois par jour un condens\u00e9 des meilleures offres<\/li>\n<li>T\u00e9l\u00e9chargez notre <a href=\"https:\/\/www.frandroid.com\/telecharger\/apps\/frandroid\" target=\"_blank\" rel=\"noreferrer noopener\">application Frandroid<\/a> (disponible sur iOS et Android) pour activer les notifications de la cat\u00e9gorie \u00ab Bons Plans \u00bb et ainsi recevoir en temps r\u00e9el les nouveaux articles li\u00e9s aux French Days<\/li>\n<li>Abonnez-vous \u00e0 notre newsletter pour \u00eatre s\u00fbr de recevoir les offres en avant-premi\u00e8re (pas plus d\u2019un mail par jour, d\u00e9sinscription en 1 clic, aucune diffusion \u00e0 des tiers) :<\/li>\n<\/ul>\n<p class=\"newsletter-form__title is-size-6 is-size-7-mobile is-uppercase has-text-good-deals has-text-weight-semibold mb-4 px-5\">Frandroid Bons plans<\/p>\n<p class=\"has-text-centered-tablet newsletter-form__subtitle is-size-4 has-text-weight-bold has-text-primary column is-9-tablet is-10-mobile\">\n                C\u2019est enregistr\u00e9 ! Surveillez votre bo\u00eete aux lettres, vous allez entendre parler de nous\u00a0!\n            <\/p>\n<p class=\"newsletter-form__subtitle is-size-4 has-text-weight-bold has-text-gradient-pink\">Ne manquez aucun bon plan avec notre newsletter<\/p>\n<p class=\"is-size-7\">\n                Les donn\u00e9es transmises par le biais de ce formulaire sont destin\u00e9es \u00e0 Humanoid,<br \/>\n                soci\u00e9t\u00e9 \u00e9ditrice du site Frandroid en sa qualit\u00e9 de responsable de traitement.<br \/>\n                Elles ne seront en aucun cas c\u00e9d\u00e9es \u00e0 des tiers. Ces donn\u00e9es sont trait\u00e9es sous r\u00e9serve d\u2019obtention de<br \/>\n                votre consentement pour vous envoyer par e-mail des actualit\u00e9s et informations relatives aux contenus<br \/>\n                \u00e9ditoriaux publi\u00e9s sur Frandroid. Vous pouvez vous opposer \u00e0 tout moment \u00e0 ces e-mails<br \/>\n                en cliquant sur les liens de d\u00e9sinscriptions pr\u00e9sents dans chacun d\u2019eux. Pour plus d\u2019informations, vous<br \/>\n                pouvez consulter l\u2019int\u00e9gralit\u00e9 de notre <a href=\"https:\/\/www.frandroid.com\/politique-donnees-personnelles\" target=\"_blank\" rel=\"noopener\"><br \/>\n                politique de traitement de vos donn\u00e9es personnelles<\/a>.<br \/>\n                Vous disposez d\u2019un droit d\u2019acc\u00e8s, de rectification, d\u2019effacement, de limitation, de portabilit\u00e9 et<br \/>\n                d\u2019opposition pour motif l\u00e9gitime aux donn\u00e9es personnelles vous concernant. Pour exercer l\u2019un de ces droits,<br \/>\n                merci d\u2019effectuer votre demande via notre <a href=\"https:\/\/www.frandroid.com\/contact\/#RGPD\" target=\"_blank\" rel=\"noopener\">formulaire<br \/>\n                de demandes d\u2019exercices de droits d\u00e9di\u00e9<\/a>.\n            <\/p>\n<p>            <script async src=\"https:\/\/platform.twitter.com\/widgets.js\" charset=\"utf-8\"><\/script><\/p>\n","protected":false},"excerpt":{"rendered":"Les French Days sont aussi arriv\u00e9s chez Carrefour et pour le premier jour, l\u2019enseigne fran\u00e7aise de la grande&hellip;\n","protected":false},"author":2,"featured_media":416944,"comment_status":"","ping_status":"","sticky":false,"template":"","format":"standard","meta":{"footnotes":""},"categories":[7],"tags":[1044,1011,27,16300,43,40,41,39,42,44],"class_list":{"0":"post-416943","1":"post","2":"type-post","3":"status-publish","4":"format-standard","5":"has-post-thumbnail","7":"category-sciences-et-technologies","8":"tag-bons-plans-carrefour","9":"tag-fr","10":"tag-france","11":"tag-french-days-2025","12":"tag-science","13":"tag-science-and-technology","14":"tag-sciences","15":"tag-sciences-et-technologies","16":"tag-technologies","17":"tag-technology"},"share_on_mastodon":{"url":"https:\/\/pubeurope.com\/@fr\/115265982299052382","error":""},"_links":{"self":[{"href":"https:\/\/www.europesays.com\/fr\/wp-json\/wp\/v2\/posts\/416943","targetHints":{"allow":["GET"]}}],"collection":[{"href":"https:\/\/www.europesays.com\/fr\/wp-json\/wp\/v2\/posts"}],"about":[{"href":"https:\/\/www.europesays.com\/fr\/wp-json\/wp\/v2\/types\/post"}],"author":[{"embeddable":true,"href":"https:\/\/www.europesays.com\/fr\/wp-json\/wp\/v2\/users\/2"}],"replies":[{"embeddable":true,"href":"https:\/\/www.europesays.com\/fr\/wp-json\/wp\/v2\/comments?post=416943"}],"version-history":[{"count":0,"href":"https:\/\/www.europesays.com\/fr\/wp-json\/wp\/v2\/posts\/416943\/revisions"}],"wp:featuredmedia":[{"embeddable":true,"href":"https:\/\/www.europesays.com\/fr\/wp-json\/wp\/v2\/media\/416944"}],"wp:attachment":[{"href":"https:\/\/www.europesays.com\/fr\/wp-json\/wp\/v2\/media?parent=416943"}],"wp:term":[{"taxonomy":"category","embeddable":true,"href":"https:\/\/www.europesays.com\/fr\/wp-json\/wp\/v2\/categories?post=416943"},{"taxonomy":"post_tag","embeddable":true,"href":"https:\/\/www.europesays.com\/fr\/wp-json\/wp\/v2\/tags?post=416943"}],"curies":[{"name":"wp","href":"https:\/\/api.w.org\/{rel}","templated":true}]}}