{"id":416949,"date":"2025-09-25T16:56:11","date_gmt":"2025-09-25T16:56:11","guid":{"rendered":"https:\/\/www.europesays.com\/fr\/416949\/"},"modified":"2025-09-25T16:56:11","modified_gmt":"2025-09-25T16:56:11","slug":"lalerte-enlevement-declenchee-dans-lorne-prend-fin-lenfant-de-12-ans-retrouve","status":"publish","type":"post","link":"https:\/\/www.europesays.com\/fr\/416949\/","title":{"rendered":"L\u2019alerte enl\u00e8vement d\u00e9clench\u00e9e dans l\u2019Orne prend fin, l\u2019enfant de 12\u00a0ans retrouv\u00e9"},"content":{"rendered":"<p>        <img decoding=\"async\" loading=\"lazy\" src=\"https:\/\/www.europesays.com\/fr\/wp-content\/uploads\/2025\/09\/7d8a38e_sirius-fs-upload-1-7mmnehr0osur-1737398734868-capture-d-a-cran-2025-01-20-194525.png\"  width=\"728\" height=\"410\" alt=\"Alerte enl\u00e8vement d\u00e9clench\u00e9e dans l\u2019Orne pour une adolescente, un suspect de 34\u00a0ans recherch\u00e9\"\/>  <\/p>\n<p>minist\u00e8re de la Justice<\/p>\n<p>Alerte enl\u00e8vement d\u00e9clench\u00e9e dans l\u2019Orne pour une adolescente, un suspect de 34\u00a0ans recherch\u00e9<\/p>\n<p class=\"asset asset-text\">FRANCE &#8211; Le dispositif \u00ab\u00a0Alerte enl\u00e8vement\u00a0\u00bb, d\u00e9clench\u00e9 dans l\u2019Orne pour une adolescente de 12\u00a0ans, ce jeudi 25\u00a0septembre en d\u00e9but d\u2019apr\u00e8s-midi, a pris fin quelques heures plus tard. L\u2019adolescente de 12\u00a0ans qui avait disparu depuis la veille au soir, a \u00e9t\u00e9 retrouv\u00e9e en Loire-Atlantique. Un homme a \u00e9t\u00e9 interpell\u00e9.<\/p>\n<p> La lecture de ce contenu est susceptible d\u2019entra\u00eener un d\u00e9p\u00f4t de cookies de la part de l\u2019op\u00e9rateur tiers qui l\u2019h\u00e9berge. Compte-tenu des choix que vous avez exprim\u00e9s en mati\u00e8re de d\u00e9p\u00f4t de cookies, nous avons bloqu\u00e9 l\u2019affichage de ce contenu. Si vous souhaitez y acc\u00e9der, vous devez accepter la cat\u00e9gorie de cookies \u201cContenus tiers\u201d en cliquant sur le bouton ci-dessous. <\/p>\n<p> Lire la Vid\u00e9o        <\/p>\n<p class=\"asset asset-text\">\u00ab\u00a0Sur d\u00e9cision du parquet d\u2019Argentan, il est mis fin \u00e0 l\u2019alerte enl\u00e8vement. L\u2019enfant a \u00e9t\u00e9 retrouv\u00e9e. Merci pour votre aide\u00a0\u00bb, \u00e9crit le minist\u00e8re de la Justice sur les r\u00e9seaux sociaux. Un peu plus t\u00f4t, cette m\u00eame source \u00e9voquait le suspect comme un homme de 34\u00a0ans, de type caucasien. D\u00e8s mercredi soir, une \u00e9quipe cynophile a \u00e9t\u00e9 d\u00e9p\u00each\u00e9e pour des recherches aux abords du domicile de la jeune fille, a indiqu\u00e9 \u00e0 l\u2019AFP la gendarmerie nationale.<\/p>\n<p class=\"asset asset-text\">Plus d\u2019informations \u00e0 venir\u2026<\/p>\n","protected":false},"excerpt":{"rendered":"minist\u00e8re de la Justice Alerte enl\u00e8vement d\u00e9clench\u00e9e dans l\u2019Orne pour une adolescente, un suspect de 34\u00a0ans recherch\u00e9 FRANCE&hellip;\n","protected":false},"author":2,"featured_media":416950,"comment_status":"","ping_status":"","sticky":false,"template":"","format":"standard","meta":{"footnotes":""},"categories":[4],"tags":[11,54683,118,1011,27,12,25],"class_list":{"0":"post-416949","1":"post","2":"type-post","3":"status-publish","4":"format-standard","5":"has-post-thumbnail","7":"category-france","8":"tag-actualites","9":"tag-alerte-enlevement","10":"tag-faits-divers","11":"tag-fr","12":"tag-france","13":"tag-news","14":"tag-republique-francaise"},"share_on_mastodon":{"url":"https:\/\/pubeurope.com\/@fr\/115265994264259859","error":""},"_links":{"self":[{"href":"https:\/\/www.europesays.com\/fr\/wp-json\/wp\/v2\/posts\/416949","targetHints":{"allow":["GET"]}}],"collection":[{"href":"https:\/\/www.europesays.com\/fr\/wp-json\/wp\/v2\/posts"}],"about":[{"href":"https:\/\/www.europesays.com\/fr\/wp-json\/wp\/v2\/types\/post"}],"author":[{"embeddable":true,"href":"https:\/\/www.europesays.com\/fr\/wp-json\/wp\/v2\/users\/2"}],"replies":[{"embeddable":true,"href":"https:\/\/www.europesays.com\/fr\/wp-json\/wp\/v2\/comments?post=416949"}],"version-history":[{"count":0,"href":"https:\/\/www.europesays.com\/fr\/wp-json\/wp\/v2\/posts\/416949\/revisions"}],"wp:featuredmedia":[{"embeddable":true,"href":"https:\/\/www.europesays.com\/fr\/wp-json\/wp\/v2\/media\/416950"}],"wp:attachment":[{"href":"https:\/\/www.europesays.com\/fr\/wp-json\/wp\/v2\/media?parent=416949"}],"wp:term":[{"taxonomy":"category","embeddable":true,"href":"https:\/\/www.europesays.com\/fr\/wp-json\/wp\/v2\/categories?post=416949"},{"taxonomy":"post_tag","embeddable":true,"href":"https:\/\/www.europesays.com\/fr\/wp-json\/wp\/v2\/tags?post=416949"}],"curies":[{"name":"wp","href":"https:\/\/api.w.org\/{rel}","templated":true}]}}