{"id":416955,"date":"2025-09-25T16:59:11","date_gmt":"2025-09-25T16:59:11","guid":{"rendered":"https:\/\/www.europesays.com\/fr\/416955\/"},"modified":"2025-09-25T16:59:11","modified_gmt":"2025-09-25T16:59:11","slug":"proces-perdriau-chantage-association-de-malfaiteurs-detournement-de-fonds-quont-reconnu-les-prevenus","status":"publish","type":"post","link":"https:\/\/www.europesays.com\/fr\/416955\/","title":{"rendered":"Proc\u00e8s Perdriau. Chantage, association de malfaiteurs, d\u00e9tournement de fonds\u2026 Qu\u2019ont reconnu les pr\u00e9venus ?"},"content":{"rendered":"<p>Apr\u00e8s trois jours d\u2019un proc\u00e8s qui en durera finalement sept, les quatre principaux pr\u00e9venus \u2013<a href=\"https:\/\/www.leprogres.fr\/p\/gilles-rossary-lenglet\" target=\"_blank\" rel=\"noopener\">Gilles Rossary-Lenglet<\/a>, <a href=\"https:\/\/www.leprogres.fr\/p\/samy-kefi-jerome\" target=\"_blank\" rel=\"noopener\">Samy K\u00e9fi-J\u00e9r\u00f4me<\/a>, <a href=\"https:\/\/www.leprogres.fr\/p\/pierre-gauttieri\" target=\"_blank\" rel=\"noopener\">Pierre Gauttieri<\/a> et <a href=\"https:\/\/www.leprogres.fr\/p\/gael-perdriau\" target=\"_blank\" rel=\"noopener\">Ga\u00ebl Perdriau<\/a>\u2013 ont \u00e9t\u00e9 entendus et ont tent\u00e9 de se d\u00e9fendre.<\/p>\n<p>Alors que la strat\u00e9gie de d\u00e9fense de certains des pr\u00e9venus a sensiblement \u00e9volu\u00e9 depuis ao\u00fbt\u00a02022, le maire st\u00e9phanois reste camp\u00e9 sur ses d\u00e9n\u00e9gations.<\/p>\n<p>  Samy Kefi-J\u00e9r\u00f4me<\/p>\n<p><a href=\"https:\/\/www.leprogres.fr\/videos\/episode-3-samy-kefi-jerome-l-ambitieux-au-coeur-de-l-affaire-de-la-sextape-qvrxrl5\" target=\"_blank\" rel=\"noopener\">Samy Kefi-J\u00e9r\u00f4me<\/a> est le premier des pr\u00e9venus \u00e0 avoir \u00e9t\u00e9 interrog\u00e9 \u00e0 la barre du tribunal correctionnel de Lyon dans le proc\u00e8s du \u00ab chantage \u00e0 la mairie de Saint-\u00c9tienne\u00a0\u00bb.<\/p>\n<p>Arriv\u00e9 lundi matin au palais de justice en compagnie de son avocat, Mathias Chichportich, l\u2019ancien enseignant n\u2019a pas fait myst\u00e8re de sa participation \u00e0 l\u2019association de malfaiteurs en vue de la pr\u00e9paration d\u2019un d\u00e9lit.<\/p>\n<p>S\u2019adressant \u00e0 la pr\u00e9sidente du tribunal, il a notamment expliqu\u00e9 que \u00ab\u00a0la vid\u00e9o, c\u2019est une commande de Pierre Gauttieri\u00a0\u00bb ou affirm\u00e9 \u00ab\u00a0je ne suis pas un expert de ce type d\u2019action (la vid\u00e9o), je suis rest\u00e9 pour \u00eatre s\u00fbr que le champ de la cam\u00e9ra ne serait pas obstru\u00e9 \u00bb.<\/p>\n<p>L\u2019ancien compagnon de Gilles Rossary-Lenglet n\u2019a pas non plus tent\u00e9 de nier le chantage. \u00c0 la barre, il reconna\u00eet ce chantage et l\u2019atteinte \u00e0 l\u2019intimit\u00e9 de la vie priv\u00e9e par fixation, enregistrement ou transmission de l\u2019image d\u2019une personne pr\u00e9sentant un caract\u00e8re sexuel. Avant de d\u00e9tailler\u00a0: \u00ab\u00a0J\u2019ai honte. Personne ne devrait voir sa vie priv\u00e9e utilis\u00e9e de la sorte. C\u2019est ignoble. \u00bb<\/p>\n<p>S\u2019il affirme ne jamais avoir montr\u00e9 la vid\u00e9o \u00e0 Ga\u00ebl Perdriau, Samy Kefi-J\u00e9r\u00f4me est pourtant poursuivi pour le chef de recel de bien obtenu \u00e0 l\u2019aide d\u2019un d\u00e9tournement de fonds. Un chef de pr\u00e9vention que conteste fermement celui qui touche toujours ses indemnit\u00e9s en tant que conseiller r\u00e9gional.<\/p>\n<p>En effet, interrog\u00e9 sur la question, ce dernier pr\u00e9tend\u00a0: \u00ab\u00a0Je n\u2019ai jamais d\u00e9tourn\u00e9 de fonds publics, ni recel\u00e9. Quand j\u2019ai vu \u00e7a dans la presse, je me suis dit que Gilles Rossary-Lenglet voulait \u00e9toffer son dossier sur le plan financier. \u00bb<\/p>\n<p>  Gilles Rossary-Lenglet<\/p>\n<p><a href=\"https:\/\/www.leprogres.fr\/videos\/episode-2-gilles-rossary-lenglet-le-barbouze-a-l-origine-des-revelations-qvr00mq\" target=\"_blank\" rel=\"noopener\">Gilles Rossary-Lenglet<\/a> affirme haut et fort depuis le d\u00e9but de l\u2019affaire, en ao\u00fbt\u00a02022, que c\u2019est lui qui est \u00e0 l\u2019origine des r\u00e9v\u00e9lations de Mediapart et que c\u2019est lui qui a construit le pi\u00e8ge qui s\u2019est referm\u00e9 sur l\u2019ancien premier adjoint au maire, <a href=\"https:\/\/www.leprogres.fr\/p\/gilles-artigues\" target=\"_blank\" rel=\"noopener\">Gilles Artigues<\/a>.<\/p>\n<p>D\u00e8s lors, impossible pour le quinquag\u00e9naire de nier sa participation \u00e0 une association de malfaiteurs en vue de la pr\u00e9paration d\u2019un d\u00e9lit.<\/p>\n<p>Celui qui se pr\u00e9sente comme un \u00ab\u00a0barbouzeur\u00a0\u00bb est aussi accus\u00e9 de complicit\u00e9 de chantage, utilisation, conservation ou divulgation d\u2019un document ou enregistrement portant sur des paroles ou images \u00e0 caract\u00e8re sexuel et obtenu par une atteinte \u00e0 l\u2019intimit\u00e9 de la vie priv\u00e9e d\u2019autrui.<\/p>\n<p>Bouscul\u00e9 par la juge, Gilles Rossary-Lenglet, d&rsquo;ailleurs, le confesse\u00a0: \u00ab\u00a0Je vais attrister mon avocate, mais oui, je suis complice\u2026\u00a0\u00bb<\/p>\n<p>Enfin, Gilles Rossary-Lenglet est poursuivi pour recel de bien obtenu \u00e0 l\u2019aide d\u2019un d\u00e9tournement de fonds. Contrairement \u00e0 Samy Kefi-J\u00e9r\u00f4me, il n\u2019a pas \u00e9t\u00e9 questionn\u00e9 sur le sujet au cours des d\u00e9bats.<\/p>\n<p>Mais il ne faut pas oublier cette s\u00e9quence de la pr\u00e9sidente du tribunal, s\u2019adressant \u00e0 lui\u00a0: \u00ab\u00a0Je ne sais pas quoi penser de vous. Vous reconnaissez tout, mais pour mieux accuser les autres.\u00a0\u00bb<\/p>\n<p>  Pierre Gauttieri<\/p>\n<p>L\u2019\u00e9minence grise qui \u00ab fonctionne comme un criminel \u00bb, selon ses propres mots entendus dans un enregistrement, qui \u00e9tait craint pour son \u00ab management brutal \u00bb, a perdu de sa superbe.<\/p>\n<p>Arriv\u00e9 au tribunal \u00e0 l\u2019aide d\u2019une canne, sans avocat, <a href=\"https:\/\/www.leprogres.fr\/videos\/episode-4-pierre-gauttieri-l-eminence-grise-qui-fonctionne-comme-un-criminel-qvrxvfq\" target=\"_blank\" rel=\"noopener\">Pierre Gauttieri<\/a>, ancien directeur de cabinet de Ga\u00ebl Perdriau, n\u2019a pas ni\u00e9 l\u2019accusation d\u2019utilisation, de conservation ou divulgation d\u2019un document ou enregistrement portant sur des paroles ou images \u00e0 caract\u00e8re sexuel et obtenu par une atteinte \u00e0 l\u2019intimit\u00e9 de la vie priv\u00e9e d\u2019autrui.<\/p>\n<p>\u00ab Sans pouvoir, en politique, vous n&rsquo;\u00eates rien. La vid\u00e9o fait partie des choses sales du pouvoir \u00bb, a-t-il assum\u00e9 devant la pr\u00e9sidente du tribunal mardi apr\u00e8s-midi.<\/p>\n<p>Pas d\u2019h\u00e9sitation de sa part, non plus, quand cette derni\u00e8re lui a demand\u00e9 s\u2019il reconnaissait les faits de chantage : \u00ab\u00a0Difficile de les nier dans les enregistrements.\u00a0\u00bb<\/p>\n<p>Le quinquag\u00e9naire a affirm\u00e9 avoir \u00e9t\u00e9 mis au courant du projet de kompromat visant Gilles Artigues par Samy K\u00e9fi-J\u00e9r\u00f4me et en avoir, ensuite, parl\u00e9 au maire de Saint-Etienne qui lui aurait donn\u00e9 son accord.<\/p>\n<p>\u00c0 la question de la pr\u00e9sidente : \u00ab Mais vous saviez que ce que vous envisagiez \u00e9tait ill\u00e9gal ? \u00bb, l\u2019ancien directeur de cabinet r\u00e9pond par l\u2019affirmative. Ce qui revient \u00e0 reconna\u00eetre l\u2019association de malfaiteurs.<\/p>\n<p>En revanche, en ce qui concerne le chef de pr\u00e9vention de complicit\u00e9 de d\u00e9tournement de fonds publics pour financer l\u2019op\u00e9ration, Pierre Gauttieri nie son implication devant les juges : \u00ab Le maire m\u2019a dit qu\u2019il s\u2019en occupait [\u2026] Je n\u2019avais pas la main sur les finances. C\u2019est quand j\u2019ai vu passer ces deux subventions de 20 000 euros chacune [\u2026] que j\u2019ai compris.\u00a0\u00bb<\/p>\n<p>  Ga\u00ebl Perdriau<\/p>\n<p>\u00ab Je conteste fermement toute notion de chantage\u00a0\u00bb, avait d\u00e9clar\u00e9 le maire de Saint-Etienne le 27 ao\u00fbt 2022, au lendemain de la r\u00e9v\u00e9lation par Mediapart de l\u2019affaire qui secoue Saint-\u00c9tienne depuis trois ans.<\/p>\n<p>La position de <a href=\"https:\/\/www.leprogres.fr\/videos\/episode-5-gael-perdriau-le-prince-compromis-par-l-affaire-de-la-sextape-qvzlv0k\" target=\"_blank\" rel=\"noopener\">Ga\u00ebl Perdriau<\/a>, premier magistrat de la cit\u00e9 st\u00e9phanoise depuis 2014, n\u2019a pas vari\u00e9 depuis : il a toujours ni\u00e9 une quelconque implication dans le chantage \u00e0 la vid\u00e9o intime dont aurait \u00e9t\u00e9 victime Gilles Artigues.<\/p>\n<p>\u00ab C\u2019est quelqu\u2019un que j\u2019estime \u00bb, a-t-il dit face \u00e0 la pr\u00e9sidente du tribunal mercredi apr\u00e8s-midi, en \u00e9voquant son ancien premier adjoint.<\/p>\n<p>La veille, il parlait m\u00eame d\u2019\u00ab un ami \u00bb. Un ami qu\u2019il n\u2019a \u00ab jamais cherch\u00e9 \u00e0 tenir \u00bb. \u00c0 \u00ab tenir en laisse \u00bb, r\u00e9f\u00e9rence aux propos de Samy K\u00e9fi-J\u00e9r\u00f4me prononc\u00e9s la veille en r\u00e9f\u00e9rence \u00e0 la vid\u00e9o.<\/p>\n<p>Plut\u00f4t \u00e9pargn\u00e9 par son ancien adjoint \u00e0 l\u2019\u00c9ducation, l\u00e2ch\u00e9 par son ancien directeur de cabinet, enfonc\u00e9 par Gilles Rossary-Lenglet, celui qui a vu ses ambitions politiques nationales r\u00e9duites \u00e0 n\u00e9ant quand l\u2019affaire a \u00e9clat\u00e9 reste camp\u00e9 sur sa d\u00e9fense initiale : tous mentent, sauf lui. \u00ab Je suis une victime collat\u00e9rale \u00bb, osera-t-il, m\u00eame, mardi soir.<\/p>\n<p>S\u2019il a exprim\u00e9 quelques regrets au tribunal, notamment sur des propos qu\u2019il a tenus sur Gilles Artigues, Ga\u00ebl Perdriau r\u00e9fute, donc, tous les chefs d\u2019accusation dont il est l\u2019objet (chantage, soustraction, d\u00e9tournement de fonds publics par un d\u00e9positaire de l\u2019autorit\u00e9 publique, participation \u00e0 une association de malfaiteurs en vue de la pr\u00e9paration d\u2019un d\u00e9lit puni d\u2019au moins cinq ans d\u2019emprisonnement).<\/p>\n","protected":false},"excerpt":{"rendered":"Apr\u00e8s trois jours d\u2019un proc\u00e8s qui en durera finalement sept, les quatre principaux pr\u00e9venus \u2013Gilles Rossary-Lenglet, Samy K\u00e9fi-J\u00e9r\u00f4me,&hellip;\n","protected":false},"author":2,"featured_media":416956,"comment_status":"","ping_status":"","sticky":false,"template":"","format":"standard","meta":{"footnotes":""},"categories":[9653],"tags":[1111,11,42797,2430,271,272,7539,1777,674,274,107,1011,27,3367,12,25,4001,7538,273],"class_list":{"0":"post-416955","1":"post","2":"type-post","3":"status-publish","4":"format-standard","5":"has-post-thumbnail","7":"category-saint-etienne","8":"tag-actu","9":"tag-actualites","10":"tag-affaire-perdriau","11":"tag-auvergne-rhone-alpes","12":"tag-crime","13":"tag-delit-et-contravention","14":"tag-edition-loire-sud","15":"tag-eu","16":"tag-europe","17":"tag-faits-divers-justice","18":"tag-fil-info","19":"tag-fr","20":"tag-france","21":"tag-loire","22":"tag-news","23":"tag-republique-francaise","24":"tag-saint-etienne","25":"tag-saint-etienne-ville","26":"tag-selection-de-la-redaction"},"share_on_mastodon":{"url":"https:\/\/pubeurope.com\/@fr\/115266005507058707","error":""},"_links":{"self":[{"href":"https:\/\/www.europesays.com\/fr\/wp-json\/wp\/v2\/posts\/416955","targetHints":{"allow":["GET"]}}],"collection":[{"href":"https:\/\/www.europesays.com\/fr\/wp-json\/wp\/v2\/posts"}],"about":[{"href":"https:\/\/www.europesays.com\/fr\/wp-json\/wp\/v2\/types\/post"}],"author":[{"embeddable":true,"href":"https:\/\/www.europesays.com\/fr\/wp-json\/wp\/v2\/users\/2"}],"replies":[{"embeddable":true,"href":"https:\/\/www.europesays.com\/fr\/wp-json\/wp\/v2\/comments?post=416955"}],"version-history":[{"count":0,"href":"https:\/\/www.europesays.com\/fr\/wp-json\/wp\/v2\/posts\/416955\/revisions"}],"wp:featuredmedia":[{"embeddable":true,"href":"https:\/\/www.europesays.com\/fr\/wp-json\/wp\/v2\/media\/416956"}],"wp:attachment":[{"href":"https:\/\/www.europesays.com\/fr\/wp-json\/wp\/v2\/media?parent=416955"}],"wp:term":[{"taxonomy":"category","embeddable":true,"href":"https:\/\/www.europesays.com\/fr\/wp-json\/wp\/v2\/categories?post=416955"},{"taxonomy":"post_tag","embeddable":true,"href":"https:\/\/www.europesays.com\/fr\/wp-json\/wp\/v2\/tags?post=416955"}],"curies":[{"name":"wp","href":"https:\/\/api.w.org\/{rel}","templated":true}]}}