{"id":416959,"date":"2025-09-25T17:01:13","date_gmt":"2025-09-25T17:01:13","guid":{"rendered":"https:\/\/www.europesays.com\/fr\/416959\/"},"modified":"2025-09-25T17:01:13","modified_gmt":"2025-09-25T17:01:13","slug":"nancy-le-departement-lance-sa-feuille-de-route-pour-le-patrimoine-vivant","status":"publish","type":"post","link":"https:\/\/www.europesays.com\/fr\/416959\/","title":{"rendered":"Nancy. Le d\u00e9partement lance sa feuille de route pour le patrimoine vivant"},"content":{"rendered":"<p>\u00ab\u00a0C\u2019est un grand moment personnel, mais j\u2019esp\u00e8re aussi pour le conseil d\u00e9partemental et la biodiversit\u00e9\u00a0\u00bb. Une fois la s\u00e9ance lev\u00e9e, le vice-pr\u00e9sident du conseil d\u00e9partemental d\u00e9l\u00e9gu\u00e9 \u00e0 la Transition \u00e9cologique Sylvain Mariette ne cachait pas sa satisfaction pour cette feuille de route, \u00e0 143 pages, d\u00e9velopp\u00e9e en faveur de la biodiversit\u00e9.<\/p>\n<p>Travaill\u00e9 depuis des mois, amen\u00e9 ce jeudi au d\u00e9bat, ce plan a \u00e9t\u00e9 jug\u00e9 audacieux et courageux par le comit\u00e9 scientifique invit\u00e9, et confort\u00e9 par les huit prises de paroles de tous bords politiques.<\/p>\n<p>De quoi s\u2019agit-il\u00a0? Si la r\u00e9duction des gaz \u00e0 effets de serre cristallise l\u2019enjeu \u00e9cologique sous le prisme de l\u2019\u00e9conomie et de l\u2019industrie, il s\u2019agit ici de positionner l\u2019importance de la biodiversit\u00e9 au c\u0153ur des d\u00e9cisions sur le territoire, sur les th\u00e8mes de l\u2019eau, des for\u00eats et espaces naturels.<\/p>\n<p>  Des pertes d\u2019eau \u00e0 50\u00a0%<\/p>\n<p>Sur l\u2019ensemble du d\u00e9partement, au moins 64\u00a0% des cours d\u2019eau sont en mauvais \u00e9tat chimique. Chaynesse Khirouni appuyait ce constat\u00a0: \u00ab\u00a0Le Rupt-de-Mad, qui dessert plus de 60\u00a0% de l\u2019eau potable du d\u00e9partement, est expos\u00e9 \u00e0 des pics de nitrates. De plus, dans certaines communes, les pertes d\u2019eau peuvent exc\u00e9der 50\u00a0%. Ce gaspillage d\u2019eau rend indispensable le renforcement des infrastructures de distribution\u00a0\u00bb.<\/p>\n<p>La captation de l\u2019eau implique divers acteurs et n\u00e9cessite une coordination. Ainsi la DDT, l\u2019ARS, la chambre d\u2019agriculture, et l\u2019agence de l\u2019eau se mobilisent pour le plan \u2018\u2019Captage 54\u2019\u2019 pilot\u00e9 par le d\u00e9partement. Dans un premier temps, une priorisation pour 11 des 65 captages probl\u00e9matiques du d\u00e9partement est \u00e0 l\u2019\u00e9tude\ufeff.<\/p>\n<p>Apr\u00e8s <a href=\"https:\/\/www.estrepublicain.fr\/economie\/2025\/09\/17\/plan-herbe-une-strategie-gagnant-gagnant-pour-les-eleveurs-et-la-ressource-en-eau\" target=\"_blank\" rel=\"noopener\">le \u201cPlan Herbe<\/a> \u201d r\u00e9cemment d\u00e9ploy\u00e9, la mission d\u00e9partementale sera d\u2019augmenter la ma\u00eetrise de surfaces fonci\u00e8res situ\u00e9es le long des rives avec des pr\u00eats d\u2019usage \u00e0 des exploitants. Une action multifactorielle o\u00f9 le PSE (Plan services environnementaux), mais aussi la proc\u00e9dure int\u00e9gr\u00e9e \u00e0 la PAC et \u00e0 engagement sur 5 ans, le MAEC, sont de possibles outils \u00e0 destination des agriculteurs.<\/p>\n<p>Ceux \u00e0 quoi Christopher Varin (Canton de Lun\u00e9ville 1) soulignait\u00a0: \u00ab\u00a0L\u2019ensemble du plan que vous mettez en place est essentiel [\u2026] J\u2019ajoute que nos agriculteurs ont fait des efforts, en supprimant les niveaux intrants, du c\u00f4t\u00e9 de Cr\u00e9vic par exemple. On voit aujourd\u2019hui que la qualit\u00e9 de nos sols ne va pas se r\u00e9gler en un claquement de doigts ou un mandat\u00a0\u00bb. Il fallait poser la premi\u00e8re pierre. Et ce jeudi, les conseillers l\u2019ont accomplie, via ce plan adopt\u00e9 \u00e0 l\u2019unanimit\u00e9.<\/p>\n","protected":false},"excerpt":{"rendered":"\u00ab\u00a0C\u2019est un grand moment personnel, mais j\u2019esp\u00e8re aussi pour le conseil d\u00e9partemental et la biodiversit\u00e9\u00a0\u00bb. Une fois la&hellip;\n","protected":false},"author":2,"featured_media":416960,"comment_status":"","ping_status":"","sticky":false,"template":"","format":"standard","meta":{"footnotes":""},"categories":[9635],"tags":[1111,11,1704,436,1777,674,1011,27,775,9588,3457,1702,1703,12,316,1800,5140,25,767],"class_list":{"0":"post-416959","1":"post","2":"type-post","3":"status-publish","4":"format-standard","5":"has-post-thumbnail","7":"category-nancy","8":"tag-actu","9":"tag-actualites","10":"tag-edition-nancy-et-agglomeration","11":"tag-environnement","12":"tag-eu","13":"tag-europe","14":"tag-fr","15":"tag-france","16":"tag-grand-est","17":"tag-ici-on-agit","18":"tag-meurthe-et-moselle","19":"tag-nancy","20":"tag-nancy-ville-54b","21":"tag-news","22":"tag-politique","23":"tag-pollution","24":"tag-rechauffement-climatique","25":"tag-republique-francaise","26":"tag-science-et-technologie"},"share_on_mastodon":{"url":"https:\/\/pubeurope.com\/@fr\/115266013473135339","error":""},"_links":{"self":[{"href":"https:\/\/www.europesays.com\/fr\/wp-json\/wp\/v2\/posts\/416959","targetHints":{"allow":["GET"]}}],"collection":[{"href":"https:\/\/www.europesays.com\/fr\/wp-json\/wp\/v2\/posts"}],"about":[{"href":"https:\/\/www.europesays.com\/fr\/wp-json\/wp\/v2\/types\/post"}],"author":[{"embeddable":true,"href":"https:\/\/www.europesays.com\/fr\/wp-json\/wp\/v2\/users\/2"}],"replies":[{"embeddable":true,"href":"https:\/\/www.europesays.com\/fr\/wp-json\/wp\/v2\/comments?post=416959"}],"version-history":[{"count":0,"href":"https:\/\/www.europesays.com\/fr\/wp-json\/wp\/v2\/posts\/416959\/revisions"}],"wp:featuredmedia":[{"embeddable":true,"href":"https:\/\/www.europesays.com\/fr\/wp-json\/wp\/v2\/media\/416960"}],"wp:attachment":[{"href":"https:\/\/www.europesays.com\/fr\/wp-json\/wp\/v2\/media?parent=416959"}],"wp:term":[{"taxonomy":"category","embeddable":true,"href":"https:\/\/www.europesays.com\/fr\/wp-json\/wp\/v2\/categories?post=416959"},{"taxonomy":"post_tag","embeddable":true,"href":"https:\/\/www.europesays.com\/fr\/wp-json\/wp\/v2\/tags?post=416959"}],"curies":[{"name":"wp","href":"https:\/\/api.w.org\/{rel}","templated":true}]}}