{"id":416961,"date":"2025-09-25T17:02:10","date_gmt":"2025-09-25T17:02:10","guid":{"rendered":"https:\/\/www.europesays.com\/fr\/416961\/"},"modified":"2025-09-25T17:02:10","modified_gmt":"2025-09-25T17:02:10","slug":"le-projet-de-tram-abandonne-par-la-metropole-au-profit-de-celui-des-superbus","status":"publish","type":"post","link":"https:\/\/www.europesays.com\/fr\/416961\/","title":{"rendered":"Le projet de tram abandonn\u00e9 par la m\u00e9tropole au profit de celui des \u00ab\u00a0superbus\u00a0\u00bb"},"content":{"rendered":"<p>Il ne manque plus que le feu vert du <a href=\"https:\/\/www.20minutes.fr\/dossier\/prefet\" class=\"c-link c-link--is-underlined\" target=\"_blank\" rel=\"noopener\">pr\u00e9fet<\/a> du Var pour que le projet de \u00ab\u00a0superbus\u00a0\u00bb voie le jour \u00e0 <a href=\"https:\/\/www.20minutes.fr\/dossier\/toulon\" class=\"c-link c-link--is-underlined\" target=\"_blank\" rel=\"noopener\">Toulon<\/a> (Var). Selon <a href=\"https:\/\/www.nicematin.com\/societe\/transports\/le-projet-de-superbus-dans-la-metropole-toulonnaise-n-attend-plus-que-le-feu-vert-du-prefet-du-var-10648608\" target=\"_blank\" class=\"c-link c-link--is-underlined\" rel=\"noopener\">Nice-Matin<\/a>, le chantier du BHNS (Bus \u00e0 haut niveau de service) est sur la bonne voie.<\/p>\n<p>Pourtant, le rapport du commissaire enqu\u00eateur rendu d\u00e9but ao\u00fbt laisse \u00e0 d\u00e9sirer. L\u2019opposition, notamment l\u2019\u00e9lu Amaury Navarranne, r\u00e9clame la mise en place d\u2019un tramway et charge contre ce mode de transport sur pneus.<\/p>\n<p>Le projet de tramway \u00ab\u00a0sabord\u00e9\u00a0\u00bb reste en travers de la gorge<\/p>\n<p>Annonc\u00e9 en\u00a02006, le projet de \u00ab\u00a0superbus\u00a0\u00bb devait voir le jour rapidement mais 19 ans apr\u00e8s, il n\u2019est toujours pas en place. Le <a href=\"https:\/\/www.20minutes.fr\/dossier\/president\" class=\"c-link c-link--is-underlined\" target=\"_blank\" rel=\"noopener\">pr\u00e9sident<\/a> de TPM Jean-Pierre Giran esp\u00e8re qu\u2019il ira au bout, lorsqu\u2019il sera d\u00e9clar\u00e9 d\u2019utilit\u00e9 publique. La nouvelle ne devrait pas tarder selon les derni\u00e8res informations.<\/p>\n<\/p>\n<p>Pour lui, \u00ab\u00a0le d\u00e9bat sur le mode de transport a d\u00e9j\u00e0 eu lieu deux fois, trois fois, quatre fois\u2026\u00a0\u00bb. D\u00e9sormais, il propose de r\u00e9fl\u00e9chir et d\u2019am\u00e9liorer les <a href=\"https:\/\/www.20minutes.fr\/dossier\/bus\" class=\"c-link c-link--is-underlined\" target=\"_blank\" rel=\"noopener\">bus<\/a> attendus. Mais il l\u2019affirme\u00a0: \u00ab\u00a0Il faut aller au bout.\u00a0\u00bb afin que la mobilit\u00e9 soit facilit\u00e9e sur place. En ce sens, il a d\u00e9mont\u00e9 chaque point du commissaire enqu\u00eateur qui posait probl\u00e8me lors d\u2019une d\u00e9lib\u00e9ration qui a \u00e9t\u00e9 approuv\u00e9e par l\u2019assembl\u00e9e. Le projet suit son cours.<\/p>\n","protected":false},"excerpt":{"rendered":"Il ne manque plus que le feu vert du pr\u00e9fet du Var pour que le projet de \u00ab\u00a0superbus\u00a0\u00bb&hellip;\n","protected":false},"author":2,"featured_media":416962,"comment_status":"","ping_status":"","sticky":false,"template":"","format":"standard","meta":{"footnotes":""},"categories":[9619],"tags":[1111,47,11,7048,1777,674,118,1011,27,12,883,882,25,2310,7506],"class_list":{"0":"post-416961","1":"post","2":"type-post","3":"status-publish","4":"format-standard","5":"has-post-thumbnail","7":"category-toulon","8":"tag-actu","9":"tag-actualite","10":"tag-actualites","11":"tag-bus","12":"tag-eu","13":"tag-europe","14":"tag-faits-divers","15":"tag-fr","16":"tag-france","17":"tag-news","18":"tag-paca","19":"tag-provence-alpes-cote-dazur","20":"tag-republique-francaise","21":"tag-toulon","22":"tag-var"},"share_on_mastodon":{"url":"https:\/\/pubeurope.com\/@fr\/115266017345949946","error":""},"_links":{"self":[{"href":"https:\/\/www.europesays.com\/fr\/wp-json\/wp\/v2\/posts\/416961","targetHints":{"allow":["GET"]}}],"collection":[{"href":"https:\/\/www.europesays.com\/fr\/wp-json\/wp\/v2\/posts"}],"about":[{"href":"https:\/\/www.europesays.com\/fr\/wp-json\/wp\/v2\/types\/post"}],"author":[{"embeddable":true,"href":"https:\/\/www.europesays.com\/fr\/wp-json\/wp\/v2\/users\/2"}],"replies":[{"embeddable":true,"href":"https:\/\/www.europesays.com\/fr\/wp-json\/wp\/v2\/comments?post=416961"}],"version-history":[{"count":0,"href":"https:\/\/www.europesays.com\/fr\/wp-json\/wp\/v2\/posts\/416961\/revisions"}],"wp:featuredmedia":[{"embeddable":true,"href":"https:\/\/www.europesays.com\/fr\/wp-json\/wp\/v2\/media\/416962"}],"wp:attachment":[{"href":"https:\/\/www.europesays.com\/fr\/wp-json\/wp\/v2\/media?parent=416961"}],"wp:term":[{"taxonomy":"category","embeddable":true,"href":"https:\/\/www.europesays.com\/fr\/wp-json\/wp\/v2\/categories?post=416961"},{"taxonomy":"post_tag","embeddable":true,"href":"https:\/\/www.europesays.com\/fr\/wp-json\/wp\/v2\/tags?post=416961"}],"curies":[{"name":"wp","href":"https:\/\/api.w.org\/{rel}","templated":true}]}}