{"id":416963,"date":"2025-09-25T17:03:11","date_gmt":"2025-09-25T17:03:11","guid":{"rendered":"https:\/\/www.europesays.com\/fr\/416963\/"},"modified":"2025-09-25T17:03:11","modified_gmt":"2025-09-25T17:03:11","slug":"a-toulon-poitiers-ne-doit-pas-rester-en-rade","status":"publish","type":"post","link":"https:\/\/www.europesays.com\/fr\/416963\/","title":{"rendered":"\u00e0 Toulon, Poitiers ne doit pas rester en rade"},"content":{"rendered":"<p><strong>Hy\u00e8res-Toulon\u00a0&#8211; Poitiers<\/strong><\/p>\n<p>Andy Thornton-Jones est un entra\u00eeneur philosophe. Depuis toujours, le coach du PB 86 a pour habitude de dire que les blessures font partie des al\u00e9as d\u2019une saison. Mais, apr\u00e8s une campagne de pr\u00e9paration tr\u00e8s satisfaisante, son \u00e9quipe n\u2019est pas \u00e9pargn\u00e9e depuis la reprise de la comp\u00e9tition. \u00c0 l\u2019indisponibilit\u00e9 pour quatre semaines de Marcus Hammond (cheville), <a target=\"_self\" href=\"https:\/\/www.lanouvellerepublique.fr\/poitiers\/elite-2-bubu-palo-arrive-en-joker-au-poitiers-basket-1757871413\" rel=\"noopener\">remplac\u00e9 par Bubu Palo<\/a> en qualit\u00e9 de joker, est venue s\u2019ajouter cette semaine celle d\u2019Ivan Ramljak (\u00e9paule). Deux cadres du dispositif poitevin dont les absences ont de grosses cons\u00e9quences sur l\u2019organisation de l\u2019\u00e9quipe.<\/p>\n","protected":false},"excerpt":{"rendered":"Hy\u00e8res-Toulon\u00a0&#8211; Poitiers Andy Thornton-Jones est un entra\u00eeneur philosophe. Depuis toujours, le coach du PB 86 a pour habitude&hellip;\n","protected":false},"author":2,"featured_media":416964,"comment_status":"","ping_status":"","sticky":false,"template":"","format":"standard","meta":{"footnotes":""},"categories":[9619],"tags":[1392,1111,11,1465,7944,1777,674,1011,27,12,1653,13224,882,25,60,2310,1584],"class_list":{"0":"post-416963","1":"post","2":"type-post","3":"status-publish","4":"format-standard","5":"has-post-thumbnail","7":"category-toulon","8":"tag-a-la-une-local","9":"tag-actu","10":"tag-actualites","11":"tag-basket","12":"tag-elite-2","13":"tag-eu","14":"tag-europe","15":"tag-fr","16":"tag-france","17":"tag-news","18":"tag-poitiers","19":"tag-poitiers-basket-86","20":"tag-provence-alpes-cote-dazur","21":"tag-republique-francaise","22":"tag-sports","23":"tag-toulon","24":"tag-vienne"},"share_on_mastodon":{"url":"https:\/\/pubeurope.com\/@fr\/115266021222798926","error":""},"_links":{"self":[{"href":"https:\/\/www.europesays.com\/fr\/wp-json\/wp\/v2\/posts\/416963","targetHints":{"allow":["GET"]}}],"collection":[{"href":"https:\/\/www.europesays.com\/fr\/wp-json\/wp\/v2\/posts"}],"about":[{"href":"https:\/\/www.europesays.com\/fr\/wp-json\/wp\/v2\/types\/post"}],"author":[{"embeddable":true,"href":"https:\/\/www.europesays.com\/fr\/wp-json\/wp\/v2\/users\/2"}],"replies":[{"embeddable":true,"href":"https:\/\/www.europesays.com\/fr\/wp-json\/wp\/v2\/comments?post=416963"}],"version-history":[{"count":0,"href":"https:\/\/www.europesays.com\/fr\/wp-json\/wp\/v2\/posts\/416963\/revisions"}],"wp:featuredmedia":[{"embeddable":true,"href":"https:\/\/www.europesays.com\/fr\/wp-json\/wp\/v2\/media\/416964"}],"wp:attachment":[{"href":"https:\/\/www.europesays.com\/fr\/wp-json\/wp\/v2\/media?parent=416963"}],"wp:term":[{"taxonomy":"category","embeddable":true,"href":"https:\/\/www.europesays.com\/fr\/wp-json\/wp\/v2\/categories?post=416963"},{"taxonomy":"post_tag","embeddable":true,"href":"https:\/\/www.europesays.com\/fr\/wp-json\/wp\/v2\/tags?post=416963"}],"curies":[{"name":"wp","href":"https:\/\/api.w.org\/{rel}","templated":true}]}}