{"id":416969,"date":"2025-09-25T17:06:20","date_gmt":"2025-09-25T17:06:20","guid":{"rendered":"https:\/\/www.europesays.com\/fr\/416969\/"},"modified":"2025-09-25T17:06:20","modified_gmt":"2025-09-25T17:06:20","slug":"video-des-sangliers-encore-apercus-dans-les-hauteurs-de-rouen-pourquoi-cest-un-probleme","status":"publish","type":"post","link":"https:\/\/www.europesays.com\/fr\/416969\/","title":{"rendered":"VID\u00c9O. Des sangliers (encore) aper\u00e7us dans les hauteurs de Rouen : pourquoi c&rsquo;est un probl\u00e8me"},"content":{"rendered":"<p>            Par<br \/>\n        <strong><br \/>\n            <a href=\"https:\/\/actu.fr\/auteur\/adrien-filoche\" title=\"Consulter tous les articles de Adrien Filoche\" target=\"_blank\" rel=\"noopener\">Adrien Filoche<\/a><br \/>\n        <\/strong><\/p>\n<p>        Publi\u00e9 le<\/p>\n<p>            25 sept. 2025 \u00e0 18h00        <\/p>\n<p><strong>Une petite balade en ville.<\/strong> Dans une vid\u00e9o capt\u00e9e \u00e0 <a href=\"https:\/\/actu.fr\/normandie\/rouen_76540\" target=\"_blank\" rel=\"noopener\">Rouen (Seine-Maritime)<\/a> ce jeudi 25\u00a0septembre 2025 dans la matin\u00e9e, une petite dizaine de sangliers a \u00e9t\u00e9 aper\u00e7ue en train de traverser la route au niveau de la rue Jean-Texcier, \u00e0 la fronti\u00e8re de la commune de Bihorel. La vid\u00e9o, partag\u00e9e sur la <a href=\"https:\/\/www.facebook.com\/share\/r\/19mJEfTnqe\/\" target=\"_blank\" rel=\"noopener\">page Facebook Rouen Le Mag<\/a> a suscit\u00e9 de nombreuses r\u00e9actions. Mais la pr\u00e9sence, probl\u00e9matique, de sangliers dans ce secteur n\u2019est pas une nouveaut\u00e9.<\/p>\n<p>Des sangliers r\u00e9guli\u00e8rement observ\u00e9s dans les hauteurs de Rouen<\/p>\n<p class=\" wall-content\">En 2024, des habitants des Hauts de Rouen avaient d\u00e9j\u00e0 alert\u00e9 de <a href=\"https:\/\/actu.fr\/normandie\/rouen_76540\/video-des-sangliers-au-pied-des-immeubles-des-hauts-de-rouen-on-ne-sait-plus-quoi-faire_61235581.html\" target=\"_blank\" rel=\"noopener\">la pr\u00e9sence des sangliers au pied des immeubles.<\/a> M\u00eame constat du c\u00f4t\u00e9 de <a href=\"https:\/\/actu.fr\/normandie\/rouen_76540\/video-des-sangliers-au-pied-des-immeubles-des-hauts-de-rouen-on-ne-sait-plus-quoi-faire_61235581.html\" target=\"_blank\" rel=\"noopener\">Bihorel<\/a>.\u00a0Avec les risques de collisions et d\u2019accidents avec les populations, la pr\u00e9sence de ces animaux dans les centres urbanis\u00e9s est un probl\u00e8me.<\/p>\n<p class=\" wall-content\">D\u00e9but 2024, Ezzedine, alors animateur p\u00e9riscolaire \u00e0 l\u2019\u00e9cole Cl\u00e9ment-Marot des Hauts de Rouen, racontait avoir crois\u00e9 la route des sangliers alors que le jour n\u2019\u00e9tait pas encore lev\u00e9. \u00ab\u2009Quand je les ai vus, ils ont commenc\u00e9 \u00e0 charger\u2009\u00bb, t\u00e9moigne le riverain. Poursuivi, il a pris la fuite et est parvenu \u00e0 se mettre en s\u00e9curit\u00e9. Mais il se souviendra longtemps de cette matin\u00e9e mouvement\u00e9e.<\/p>\n<blockquote class=\"ac-article-quote wall-content\">\n<p>En r\u00e8gle g\u00e9n\u00e9rale, les sangliers ne sont pas dangereux. Sauf, \u00e9videmment, s&rsquo;il s&rsquo;agit d&rsquo;une m\u00e8re qui pense qu&rsquo;on veut s&rsquo;attaquer \u00e0 ses petits. Mais globalement, le sanglier est un animal opportuniste, qui vient s&rsquo;installer dans des zones o\u00f9 il y a de l&rsquo;habitat et pour ne pas \u00eatre d\u00e9rang\u00e9.<\/p>\n<p>    <strong>Nicolas K\u00fcnkel,<\/strong><br \/>\n        Directeur de la F\u00e9d\u00e9ration d\u00e9partementale de la chasse de Seine-Maritime.    <\/p><\/blockquote>\n<p class=\" wall-content\"><strong>\u2022 Vid\u00e9o Rouen Le Mag\u2009:<\/strong><\/p>\n<p class=\" wall-content\">En f\u00e9vrier\u00a02024, Nicolas K\u00fcnkel, de la F\u00e9d\u00e9ration d\u00e9partementale des chasseurs de la Seine-Maritime, expliquait aupr\u00e8s de 76actu que \u00ab\u2009le sanglier est une esp\u00e8ce en pleine expansion, avec un d\u00e9veloppement exponentiel\u2009: une cons\u00e9quence du d\u00e9r\u00e8glement climatique\u2009\u00bb. De plus, la destruction de leur habitat naturel est \u00e9galement l\u2019une des raisons de leurs all\u00e9es et venues dans les hauteurs de Rouen.<\/p>\n<p>Quelles solutions\u2009?<\/p>\n<p class=\" wall-content\">Interrog\u00e9e d\u00e9but 2024 par la r\u00e9daction de 76actu, la mairie de Rouen, bien consciente de la probl\u00e9matique, avait expliqu\u00e9 que \u00ab\u2009plusieurs actions ont d\u00e9j\u00e0 \u00e9t\u00e9 men\u00e9es par la Ville de Rouen (pose d\u2019un grillage \u00e0 proximit\u00e9 des habitations, sensibilisation des habitants sur les bonnes pratiques \u00e0 mettre en place, etc.)\u2009\u00bb.<\/p>\n<p class=\" wall-content\">La Ville avait aussi not\u00e9 \u00e0 cette p\u00e9riode son intention d\u2019acqu\u00e9rir une \u00ab\u2009cage pi\u00e8ge\u2009\u00bb sous la gestion et la surveillance d\u2019un Lieutenant de Louveterie.<\/p>\n<p>Votre r\u00e9gion, votre actu !<\/p>\n<p>Recevez chaque jour les infos qui comptent pour vous.<\/p>\n<p>\t<a href=\"https:\/\/actu.fr\/newsletter\" class=\"ac-btn ac-btn--corner ac-btn--medium ac-btn--blue800\" target=\"_blank\" rel=\"noopener\">S&rsquo;incrire<\/a><\/p>\n<p class=\" wall-content\">Aujourd\u2019hui, ladite cage est op\u00e9rationnelle et \u00ab\u2009elle montre son efficacit\u00e9\u2009\u00bb, assure Kader Chekhemani, adjoint du maire en charge de la tranquillit\u00e9 publique, du stationnement et de la propret\u00e9. Mise en place courant 2024, elle est de nouveau utilis\u00e9e cette ann\u00e9e pour pr\u00e9lever les animaux et r\u00e9guler les populations.<\/p>\n<blockquote class=\"ac-article-quote wall-content\">\n<p>Ce n&rsquo;est pas un animal dangereux, mais quand il y a des b\u00e9b\u00e9s marcassins, il peut y avoir des accidents.<\/p>\n<p>    <strong>\u00a0Kader Chekhemani,<\/strong><br \/>\n        adjoint du maire en charge de la tranquillit\u00e9 publique, du stationnement et de la propret\u00e9.    <\/p><\/blockquote>\n<p class=\" wall-content\">\u00ab\u2009On observe ces ph\u00e9nom\u00e8nes souvent au mois de septembre et d\u2019octobre. On a une recrudescence des sangliers qui vont au pied des habitations. Il y en a trop. On ne peut pas rester sans rien faire\u2009\u00bb, souligne l\u2019\u00e9lu. Ainsi, les op\u00e9rations de pr\u00e9l\u00e8vement sont directement dirig\u00e9es par le Lieutenant de la Louveterie.<\/p>\n<p>Suivez l\u2019actualit\u00e9 de Rouen sur <a href=\"https:\/\/www.whatsapp.com\/channel\/0029VaKfnf99hXF2ddApFB1D\" target=\"_blank\" rel=\"noopener\">notre cha\u00eene WhatsApp<\/a> et sur <a href=\"https:\/\/www.tiktok.com\/@76actu.fr?lang=fr\" target=\"_blank\" rel=\"noopener\">notre compte TikTok<\/a><\/p>\n<p class=\" wall-content\">Personnalisez votre actualit\u00e9 en ajoutant vos villes et m\u00e9dias en favori avec <a href=\"https:\/\/moncompte.actu.fr\" title=\"D\u00e9couvez Mon Actu\" rel=\"nofollow noopener\" data-trk=\"{&quot;cta&quot;:{&quot;action&quot;:&quot;https:\\\/\\\/moncompte.actu.fr&quot;,&quot;category&quot;:&quot;mon compte&quot;,&quot;from&quot;:&quot;article footer&quot;,&quot;name&quot;:&quot;Mon actu&quot;,&quot;type&quot;:&quot;cta&quot;}}\" target=\"_blank\">Mon Actu<\/a>.<\/p>\n<p>                    <script async src=\"\/\/www.tiktok.com\/embed.js\"><\/script><\/p>\n","protected":false},"excerpt":{"rendered":"Par Adrien Filoche Publi\u00e9 le 25 sept. 2025 \u00e0 18h00 Une petite balade en ville. Dans une vid\u00e9o&hellip;\n","protected":false},"author":2,"featured_media":416970,"comment_status":"","ping_status":"","sticky":false,"template":"","format":"standard","meta":{"footnotes":""},"categories":[9587],"tags":[1111,11,1867,1777,674,1011,27,1757,12,5161,25,9590,104],"class_list":{"0":"post-416969","1":"post","2":"type-post","3":"status-publish","4":"format-standard","5":"has-post-thumbnail","7":"category-rouen","8":"tag-actu","9":"tag-actualites","10":"tag-animaux","11":"tag-eu","12":"tag-europe","13":"tag-fr","14":"tag-france","15":"tag-insolite","16":"tag-news","17":"tag-normandie","18":"tag-republique-francaise","19":"tag-rouen","20":"tag-societe"},"share_on_mastodon":{"url":"https:\/\/pubeurope.com\/@fr\/115266032981081443","error":""},"_links":{"self":[{"href":"https:\/\/www.europesays.com\/fr\/wp-json\/wp\/v2\/posts\/416969","targetHints":{"allow":["GET"]}}],"collection":[{"href":"https:\/\/www.europesays.com\/fr\/wp-json\/wp\/v2\/posts"}],"about":[{"href":"https:\/\/www.europesays.com\/fr\/wp-json\/wp\/v2\/types\/post"}],"author":[{"embeddable":true,"href":"https:\/\/www.europesays.com\/fr\/wp-json\/wp\/v2\/users\/2"}],"replies":[{"embeddable":true,"href":"https:\/\/www.europesays.com\/fr\/wp-json\/wp\/v2\/comments?post=416969"}],"version-history":[{"count":0,"href":"https:\/\/www.europesays.com\/fr\/wp-json\/wp\/v2\/posts\/416969\/revisions"}],"wp:featuredmedia":[{"embeddable":true,"href":"https:\/\/www.europesays.com\/fr\/wp-json\/wp\/v2\/media\/416970"}],"wp:attachment":[{"href":"https:\/\/www.europesays.com\/fr\/wp-json\/wp\/v2\/media?parent=416969"}],"wp:term":[{"taxonomy":"category","embeddable":true,"href":"https:\/\/www.europesays.com\/fr\/wp-json\/wp\/v2\/categories?post=416969"},{"taxonomy":"post_tag","embeddable":true,"href":"https:\/\/www.europesays.com\/fr\/wp-json\/wp\/v2\/tags?post=416969"}],"curies":[{"name":"wp","href":"https:\/\/api.w.org\/{rel}","templated":true}]}}