{"id":416987,"date":"2025-09-25T17:18:16","date_gmt":"2025-09-25T17:18:16","guid":{"rendered":"https:\/\/www.europesays.com\/fr\/416987\/"},"modified":"2025-09-25T17:18:16","modified_gmt":"2025-09-25T17:18:16","slug":"huit-armes-a-feu-retrouvees-chez-un-homme-qui-avait-menace-par-telephone-une-elue","status":"publish","type":"post","link":"https:\/\/www.europesays.com\/fr\/416987\/","title":{"rendered":"huit armes \u00e0 feu retrouv\u00e9es chez un homme qui avait menac\u00e9 par t\u00e9l\u00e9phone une \u00e9lue"},"content":{"rendered":"<p>En arr\u00eatant un homme qui avait \u00e9t\u00e9 mena\u00e7ant au bout du fil, les policiers sont tomb\u00e9s sur un arsenal troublant lors de la perquisition de son logement.<\/p>\n<p class=\"fig-paragraph\">En juin 2025, une \u00e9lue de la commune de\u00a0<a href=\"http:\/\/www.lefigaro.fr\/nantes\/symbole-d-une-epoque-ou-la-voiture-etait-reine-l-autopont-de-reze-porte-d-entree-de-nantes-a-ete-demoli-20250408\" target=\"_blank\" data-fig-type=\"NewsFlash\" rel=\"noopener\" data-gtm-custom-categorie=\"navigation\" data-gtm-custom-action=\"crossclick\" data-gtm-custom-label=\"Contextuel\" data-gtm-event=\"customEventSPE\" data-fig-domain=\"LEFIGARO\">Rez\u00e9<\/a>, au sud de Nantes, a \u00e9t\u00e9 menac\u00e9e via un coup de t\u00e9l\u00e9phone pass\u00e9 \u00e0 la mairie. \u00abSi \u00e7a continue, il va falloir passer au fusil\u2026\u00bb, aurait prof\u00e9r\u00e9 \u00e0 son encontre un individu, au bout du fil, selon des informations de\u00a0<a href=\"https:\/\/www.ouest-france.fr\/societe\/faits-divers\/poursuivi-en-justice-apres-des-menaces-de-mort-proferees-a-lencontre-dune-elue-pres-de-nantes-2e380a82-995e-11f0-bc84-9e08c570c0db\" target=\"_blank\" rel=\"noopener\" data-gtm-custom-categorie=\"navigation\" data-gtm-custom-action=\"crossclick\" data-gtm-custom-label=\"Contextuel\" data-gtm-event=\"customEventSPE\">Presse Oc\u00e9an<\/a>. Ces menaces et insultes ont \u00e9t\u00e9 prises tr\u00e8s au s\u00e9rieux par la municipalit\u00e9,\u00a0<a href=\"http:\/\/www.lefigaro.fr\/nantes\/suicide-du-maire-de-reze-trois-ans-plus-tard-un-homme-soupconne-d-etre-le-corbeau-a-ete-place-en-garde-a-vue-20250402\" target=\"_blank\" data-fig-type=\"NewsFlash\" rel=\"noopener\" data-gtm-custom-categorie=\"navigation\" data-gtm-custom-action=\"crossclick\" data-gtm-custom-label=\"Contextuel\" data-gtm-event=\"customEventSPE\" data-fig-domain=\"LEFIGARO\">dont l\u2019ancien maire<\/a>\u00a0s\u2019\u00e9tait donn\u00e9 la mort apr\u00e8s avoir \u00e9t\u00e9\u00a0<a href=\"http:\/\/www.lefigaro.fr\/faits-divers\/le-maire-de-reze-pres-de-nantes-met-fin-a-ses-jours-dans-des-circonstances-troublantes-20220211\" target=\"_blank\" data-fig-type=\"Article\" rel=\"noopener\" data-gtm-custom-categorie=\"navigation\" data-gtm-custom-action=\"crossclick\" data-gtm-custom-label=\"Contextuel\" data-gtm-event=\"customEventSPE\" data-fig-domain=\"LEFIGARO\">harcel\u00e9 par des courriers malveillants<\/a>\u00a0provenant d\u2019un corbeau. Une plainte a \u00e9t\u00e9 d\u00e9pos\u00e9e.<\/p>\n<p class=\"fig-paragraph\">Le service local de police judiciaire a ouvert une enqu\u00eate afin de retrouver l\u2019appelant. Mardi, apr\u00e8s avoir \u00e9t\u00e9 identifi\u00e9, ce sexag\u00e9naire a \u00e9t\u00e9 interpell\u00e9 chez lui afin d\u2019\u00eatre plac\u00e9 en garde \u00e0 vue. Comme le confirme au Figaro le procureur de la R\u00e9publique de Nantes Antoine Leroy, au moment de la perquisition de son logement, huit armes \u00e0 feu ont \u00e9t\u00e9 d\u00e9couvertes, dont il aurait h\u00e9rit\u00e9. Parmi elles, des fusils et revolvers, ainsi que 200 cartouches.<\/p>\n<p>                                    <a class=\"fig-a11y-skip a11y-hidden\" href=\"#fig-a11y-skip-main-inarticle\"><br \/>\n        Passer la publicit\u00e9<br \/>\n    <\/a><\/p>\n<p class=\"fig-paragraph\">Cet homme a \u00e9t\u00e9 plac\u00e9 sous contr\u00f4le judiciaire. Il sera jug\u00e9 le 20 janvier 2026 devant le tribunal correctionnel de Nantes pour des menaces de mort sur l\u2019\u00e9lue, pour outrage, et pour la d\u00e9tention d\u2019armes de cat\u00e9gorie B et C.<\/p>\n","protected":false},"excerpt":{"rendered":"En arr\u00eatant un homme qui avait \u00e9t\u00e9 mena\u00e7ant au bout du fil, les policiers sont tomb\u00e9s sur un&hellip;\n","protected":false},"author":2,"featured_media":416988,"comment_status":"","ping_status":"","sticky":false,"template":"","format":"standard","meta":{"footnotes":""},"categories":[2818],"tags":[1111,11,10153,1777,674,1011,27,766,12,2636,25],"class_list":{"0":"post-416987","1":"post","2":"type-post","3":"status-publish","4":"format-standard","5":"has-post-thumbnail","7":"category-nantes","8":"tag-actu","9":"tag-actualites","10":"tag-elus","11":"tag-eu","12":"tag-europe","13":"tag-fr","14":"tag-france","15":"tag-nantes","16":"tag-news","17":"tag-pays-de-la-loire","18":"tag-republique-francaise"},"share_on_mastodon":{"url":"https:\/\/pubeurope.com\/@fr\/115266080336257385","error":""},"_links":{"self":[{"href":"https:\/\/www.europesays.com\/fr\/wp-json\/wp\/v2\/posts\/416987","targetHints":{"allow":["GET"]}}],"collection":[{"href":"https:\/\/www.europesays.com\/fr\/wp-json\/wp\/v2\/posts"}],"about":[{"href":"https:\/\/www.europesays.com\/fr\/wp-json\/wp\/v2\/types\/post"}],"author":[{"embeddable":true,"href":"https:\/\/www.europesays.com\/fr\/wp-json\/wp\/v2\/users\/2"}],"replies":[{"embeddable":true,"href":"https:\/\/www.europesays.com\/fr\/wp-json\/wp\/v2\/comments?post=416987"}],"version-history":[{"count":0,"href":"https:\/\/www.europesays.com\/fr\/wp-json\/wp\/v2\/posts\/416987\/revisions"}],"wp:featuredmedia":[{"embeddable":true,"href":"https:\/\/www.europesays.com\/fr\/wp-json\/wp\/v2\/media\/416988"}],"wp:attachment":[{"href":"https:\/\/www.europesays.com\/fr\/wp-json\/wp\/v2\/media?parent=416987"}],"wp:term":[{"taxonomy":"category","embeddable":true,"href":"https:\/\/www.europesays.com\/fr\/wp-json\/wp\/v2\/categories?post=416987"},{"taxonomy":"post_tag","embeddable":true,"href":"https:\/\/www.europesays.com\/fr\/wp-json\/wp\/v2\/tags?post=416987"}],"curies":[{"name":"wp","href":"https:\/\/api.w.org\/{rel}","templated":true}]}}