{"id":417003,"date":"2025-09-25T17:26:09","date_gmt":"2025-09-25T17:26:09","guid":{"rendered":"https:\/\/www.europesays.com\/fr\/417003\/"},"modified":"2025-09-25T17:26:09","modified_gmt":"2025-09-25T17:26:09","slug":"a-marseille-les-syndicats-chauffent-leurs-troupes-avant-le-2-octobre","status":"publish","type":"post","link":"https:\/\/www.europesays.com\/fr\/417003\/","title":{"rendered":"\u00e0 Marseille, les syndicats chauffent leurs troupes avant le 2 octobre"},"content":{"rendered":"<p>Pr\u00eats \u00e0 remettre \u00e7a le 2\u00a0octobre \u00ab\u00a0et pourquoi pas le 3, le 4 ou\u2026 plus\u00a0?\u00a0\u00bb, lance un Ren\u00e9 Sale remont\u00e9 \u00e0 bloc. Pour le secr\u00e9taire g\u00e9n\u00e9ral de l\u2019union locale Force ouvri\u00e8re des Bouches-du-Rh\u00f4ne, \u00ab\u00a0ce n\u2019est pas avec des journ\u00e9es de saute-mouton que l\u2019on va s\u2019en tirer\u00a0\u00bb face \u00e0 un gouvernement \u00ab\u00a0qui cherche \u00e0 gagner du temps\u00a0\u00bb. \u00ab\u00a0Il faut ancrer la gr\u00e8ve, partout o\u00f9 c\u2019est possible\u00a0\u00bb, confirme Jessica Jad\u00e9, \u00e0 la CGT. R\u00e9forme des retraites, taxation des plus riches, pr\u00e9servation et investissement dans les services publics, d\u00e9fense de la S\u00e9curit\u00e9 sociale : ce jeudi midi du 25 septembre 2025, devant la pr\u00e9fecture, une centaine de personnes se sont rassembl\u00e9es pour acter d\u2019ores et d\u00e9j\u00e0 la mobilisation de jeudi prochain, le 2 octobre. \u00ab\u00a0Ce n\u2019est pas qu\u2019une manifestation pour le symbole, reprend Ren\u00e9 Sale, rappelant que son syndicat a d\u00e9pos\u00e9 un pr\u00e9avis de gr\u00e8ve courant jusqu\u2019au 30\u00a0novembre. \u00ab\u00a0On a des droits, des acquis\u00a0\u00bb, gronde-t-il, refusant \u00ab\u00a0ce budget d\u2019aust\u00e9rit\u00e9\u00a0\u00bb. D\u00e9sabus\u00e9e, Nathalie, agent hospitalier \u00e0 La Conception (5e) veut y croire mais a \u00ab\u00a0l\u2019impression que le gouvernement joue sur l\u2019usure. Et tout le monde ne peut pas se permettre de perdre de l\u2019argent en faisant gr\u00e8ve\u00a0\u00bb, constate-t-elle, raconta&#8230;<\/p>\n","protected":false},"excerpt":{"rendered":"Pr\u00eats \u00e0 remettre \u00e7a le 2\u00a0octobre \u00ab\u00a0et pourquoi pas le 3, le 4 ou\u2026 plus\u00a0?\u00a0\u00bb, lance un Ren\u00e9&hellip;\n","protected":false},"author":2,"featured_media":417004,"comment_status":"","ping_status":"","sticky":false,"template":"","format":"standard","meta":{"footnotes":""},"categories":[2814],"tags":[17,1111,11,27713,1777,674,8290,20017,1011,27,3707,884,12,882,5747,25,104],"class_list":{"0":"post-417003","1":"post","2":"type-post","3":"status-publish","4":"format-standard","5":"has-post-thumbnail","7":"category-marseille","8":"tag-17","9":"tag-actu","10":"tag-actualites","11":"tag-elever","12":"tag-eu","13":"tag-europe","14":"tag-faut","15":"tag-force","16":"tag-fr","17":"tag-france","18":"tag-il","19":"tag-marseille","20":"tag-news","21":"tag-provence-alpes-cote-dazur","22":"tag-rapport","23":"tag-republique-francaise","24":"tag-societe"},"share_on_mastodon":{"url":"https:\/\/pubeurope.com\/@fr\/115266111609904579","error":""},"_links":{"self":[{"href":"https:\/\/www.europesays.com\/fr\/wp-json\/wp\/v2\/posts\/417003","targetHints":{"allow":["GET"]}}],"collection":[{"href":"https:\/\/www.europesays.com\/fr\/wp-json\/wp\/v2\/posts"}],"about":[{"href":"https:\/\/www.europesays.com\/fr\/wp-json\/wp\/v2\/types\/post"}],"author":[{"embeddable":true,"href":"https:\/\/www.europesays.com\/fr\/wp-json\/wp\/v2\/users\/2"}],"replies":[{"embeddable":true,"href":"https:\/\/www.europesays.com\/fr\/wp-json\/wp\/v2\/comments?post=417003"}],"version-history":[{"count":0,"href":"https:\/\/www.europesays.com\/fr\/wp-json\/wp\/v2\/posts\/417003\/revisions"}],"wp:featuredmedia":[{"embeddable":true,"href":"https:\/\/www.europesays.com\/fr\/wp-json\/wp\/v2\/media\/417004"}],"wp:attachment":[{"href":"https:\/\/www.europesays.com\/fr\/wp-json\/wp\/v2\/media?parent=417003"}],"wp:term":[{"taxonomy":"category","embeddable":true,"href":"https:\/\/www.europesays.com\/fr\/wp-json\/wp\/v2\/categories?post=417003"},{"taxonomy":"post_tag","embeddable":true,"href":"https:\/\/www.europesays.com\/fr\/wp-json\/wp\/v2\/tags?post=417003"}],"curies":[{"name":"wp","href":"https:\/\/api.w.org\/{rel}","templated":true}]}}