{"id":417011,"date":"2025-09-25T17:30:34","date_gmt":"2025-09-25T17:30:34","guid":{"rendered":"https:\/\/www.europesays.com\/fr\/417011\/"},"modified":"2025-09-25T17:30:34","modified_gmt":"2025-09-25T17:30:34","slug":"la-region-ile-de-france-soutient-deux-operations-damenagement-a-fresnes","status":"publish","type":"post","link":"https:\/\/www.europesays.com\/fr\/417011\/","title":{"rendered":"La R\u00e9gion Ile-de-France soutient deux op\u00e9rations d\u2019am\u00e9nagement \u00e0 Fresnes"},"content":{"rendered":"<p><img loading=\"lazy\" decoding=\"async\" alt=\"\u00a9 DR - La signature du Contrat d\u2019am\u00e9nagement r\u00e9gional de la ville de Fresnes a \u00e9t\u00e9 sign\u00e9 par Jean-Philippe Dugoin-Cl\u00e9ment avec Marie Chavanon et Jessie Claude.\" data-zoom-src=\"https:\/\/www.europesays.com\/fr\/wp-content\/uploads\/2025\/09\/initial-signature-car-94.jpg\" data-zoomable=\"\" height=\"702\" src=\"https:\/\/www.europesays.com\/fr\/wp-content\/uploads\/2025\/09\/initial-signature-car-94.jpg\" width=\"1248\"\/>  <\/p>\n<p class=\"article-desc\">\u00a9 DR &#8211; La signature du Contrat d\u2019am\u00e9nagement r\u00e9gional de la ville de Fresnes a \u00e9t\u00e9 sign\u00e9 par Jean-Philippe Dugoin-Cl\u00e9ment avec Marie Chavanon et Jessie Claude. <\/p>\n<p>Le 22 septembre dernier, <a href=\"https:\/\/mesinfos.fr\/91540-mennecy\/jean-philippe-dugoin-clement-laureat-des-pierres-d-or-d-immoweek-225289.html\" rel=\"noopener\" target=\"_blank\"><strong>Jean-Philippe Dugoin-Cl\u00e9ment<\/strong><\/a>, vice-pr\u00e9sident de la <strong>R\u00e9gion \u00cele-de-France<\/strong> charg\u00e9 du Logement, de l\u2019Am\u00e9nagement durable du territoire et du SDRIF Environnemental, a r\u00e9cemment sign\u00e9 un <a href=\"https:\/\/mesinfos.fr\/ile-de-france\/jean-philippe-dugoin-clement-signe-deux-car-dans-le-val-d-oise-211626.html\" rel=\"noopener\" target=\"_blank\">contrat d\u2019am\u00e9nagement r\u00e9gional<\/a> (CAR) avec la commune de <strong>Fresnes<\/strong> (Val-de-Marne). Cette signature s&rsquo;est faite en pr\u00e9sence de <strong>Marie Chavanon<\/strong>, maire de Fresnes, et de Jessie Claude, conseill\u00e8re municipales de la commune.\u00a0 <\/p>\n<p>Celui-ci comporte <strong>deux op\u00e9rations<\/strong> soutenues par la R\u00e9gion \u00cele-de-France \u00e0 hauteur d\u2019un million d\u2019euros : la <strong>r\u00e9habilitation du groupe scolaire Pasteur Roux Blancs Bouleaux<\/strong> et <strong>l\u2019am\u00e9nagement de l\u2019esplanade Gaston Roussel.<\/strong> <\/p>\n<p>Une r\u00e9habilitation d\u2019envergure du groupe scolaire Pasteur Roux Blancs Bouleaux <\/p>\n<p>Le groupe scolaire Pasteur Roux Blancs Bouleaux comprend les \u00e9coles \u00e9l\u00e9mentaires Louis Pasteur et \u00c9mile Roux ainsi que la maternelle Blancs Bouleaux, un espace p\u00e9riscolaire, un r\u00e9fectoire et un gymnase. <\/p>\n<p>Le projet pr\u00e9voit une <strong>r\u00e9habilitation lourde<\/strong> de l\u2019ensemble incluant la d\u00e9molition et la reconstruction partielle de la maternelle ainsi que la <strong>cr\u00e9ation d\u2019une extension en ossature bois<\/strong> sur deux niveaux pour accueillir la <strong>maternelle<\/strong>, le <strong>centre de loisirs<\/strong> et un <strong>nouveau gymnase<\/strong>. Les travaux permettront de remettre l\u2019\u00e9quipement aux normes, de repenser l\u2019organisation des espaces et d\u2019am\u00e9liorer ses <strong>performances thermiques et environnementales.<\/strong><\/p>\n<p>En outre, les <a href=\"https:\/\/mesinfos.fr\/77160-provins\/provins-un-contrat-d-amenagement-regional-a-un-million-d-euros-224465.html\" rel=\"noopener\" target=\"_blank\">multiples am\u00e9nagements<\/a> int\u00e8greront des dispositifs low-tech de ventilation, 400 m\u00b2 de panneaux photovolta\u00efques sur le futur gymnase, un puits climatique g\u00e9othermique passif, et un raccordement futur au r\u00e9seau de chaleur urbain, visant une r\u00e9duction des consommations \u00e9nerg\u00e9tiques et des \u00e9missions de CO\u2082 tout en d\u00e9passant les exigences RE2020.<\/p>\n<p>Quant aux <strong>espaces ext\u00e9rieurs<\/strong>, ils seront repens\u00e9s selon le concept de \u00ab\u00a0cours oasis\u00a0\u00bb (2 000 m\u00b2 de v\u00e9g\u00e9talisation, 1 500 m\u00b2 d\u2019enrob\u00e9 drainant). La <strong>toiture<\/strong> de l\u2019extension sera <strong>v\u00e9g\u00e9talis\u00e9e<\/strong> aifn d\u2019am\u00e9liorer le confort et l\u2019int\u00e9gration<strong> environnementale du site.<\/strong><\/p>\n<p> <img decoding=\"async\" alt=\"\" class=\"img-align-center img-size-limited\" data-zoomable=\"\" height=\"965\" loading=\"lazy\" src=\"https:\/\/www.europesays.com\/fr\/wp-content\/uploads\/2025\/09\/signature-car-fresnes.jpg\" width=\"1201\"\/> \u00a9DR &#8211; Un soutien \u00e0 hauteur d&rsquo;un million d&rsquo;euros a \u00e9t\u00e9 accord\u00e9 par la R\u00e9gion IDF \u00e0 la ville de Fresnes. <\/p>\n<p>\u00a0 <\/p>\n<p>Valoriser l\u2019esplanade Gaston Roussel pour mieux accueillir son public <\/p>\n<p>Le second projet fresnois subventionn\u00e9 par la R\u00e9gion vise la <strong>requalification des abords du club-house du stade Gaston Roussel,<\/strong> \u00e0 l\u2019entr\u00e9e du parc des sports, par la cr\u00e9ation d\u2019un parvis en partie haute et d\u2019une esplanade en contrebas. Ces espaces, actuellement peu valoris\u00e9s, seront r\u00e9nov\u00e9s pour <strong>mieux accueillir le public du site.<\/strong><\/p>\n<p>Dans le d\u00e9tail, le parvis sera pav\u00e9 avec des mat\u00e9riaux perm\u00e9ables et drainants et \u00e9quip\u00e9 de bancs, <strong>d\u2019espaces verts<\/strong> ainsi que d\u2019un <strong>nouvel \u00e9clairage<\/strong>, avec des cheminements et des <strong>stationnements pour PMR et v\u00e9los<\/strong>. L\u2019esplanade en contrebas, parfaitement int\u00e9gr\u00e9e dans un <strong>environnement v\u00e9g\u00e9talis\u00e9<\/strong>, deviendra un lieu de rencontres sportives et festives, avec une terrasse ext\u00e9rieure, une rampe PMR, des dalles pav\u00e9es, des banquettes en b\u00e9ton et un sol en gravillons stabilis\u00e9s. <\/p>\n<p>Par ailleurs, une noue v\u00e9g\u00e9talis\u00e9e sera cr\u00e9\u00e9e pour <strong>favoriser l\u2019infiltration des eaux pluviales<\/strong> dans ce secteur expos\u00e9 au ruissellement.\u00a0 <\/p>\n<p>\u00a0<\/p>\n","protected":false},"excerpt":{"rendered":"\u00a9 DR &#8211; La signature du Contrat d\u2019am\u00e9nagement r\u00e9gional de la ville de Fresnes a \u00e9t\u00e9 sign\u00e9 par&hellip;\n","protected":false},"author":2,"featured_media":417012,"comment_status":"","ping_status":"","sticky":false,"template":"","format":"standard","meta":{"footnotes":""},"categories":[1592],"tags":[1111,11,8853,1777,674,1011,27,662,12,626,25],"class_list":{"0":"post-417011","1":"post","2":"type-post","3":"status-publish","4":"format-standard","5":"has-post-thumbnail","7":"category-ile-de-france","8":"tag-actu","9":"tag-actualites","10":"tag-amu00e9nagement","11":"tag-eu","12":"tag-europe","13":"tag-fr","14":"tag-france","15":"tag-ile-de-france","16":"tag-news","17":"tag-paris","18":"tag-republique-francaise"},"share_on_mastodon":{"url":"https:\/\/pubeurope.com\/@fr\/115266127919067325","error":""},"_links":{"self":[{"href":"https:\/\/www.europesays.com\/fr\/wp-json\/wp\/v2\/posts\/417011","targetHints":{"allow":["GET"]}}],"collection":[{"href":"https:\/\/www.europesays.com\/fr\/wp-json\/wp\/v2\/posts"}],"about":[{"href":"https:\/\/www.europesays.com\/fr\/wp-json\/wp\/v2\/types\/post"}],"author":[{"embeddable":true,"href":"https:\/\/www.europesays.com\/fr\/wp-json\/wp\/v2\/users\/2"}],"replies":[{"embeddable":true,"href":"https:\/\/www.europesays.com\/fr\/wp-json\/wp\/v2\/comments?post=417011"}],"version-history":[{"count":0,"href":"https:\/\/www.europesays.com\/fr\/wp-json\/wp\/v2\/posts\/417011\/revisions"}],"wp:featuredmedia":[{"embeddable":true,"href":"https:\/\/www.europesays.com\/fr\/wp-json\/wp\/v2\/media\/417012"}],"wp:attachment":[{"href":"https:\/\/www.europesays.com\/fr\/wp-json\/wp\/v2\/media?parent=417011"}],"wp:term":[{"taxonomy":"category","embeddable":true,"href":"https:\/\/www.europesays.com\/fr\/wp-json\/wp\/v2\/categories?post=417011"},{"taxonomy":"post_tag","embeddable":true,"href":"https:\/\/www.europesays.com\/fr\/wp-json\/wp\/v2\/tags?post=417011"}],"curies":[{"name":"wp","href":"https:\/\/api.w.org\/{rel}","templated":true}]}}