{"id":417015,"date":"2025-09-25T17:32:11","date_gmt":"2025-09-25T17:32:11","guid":{"rendered":"https:\/\/www.europesays.com\/fr\/417015\/"},"modified":"2025-09-25T17:32:11","modified_gmt":"2025-09-25T17:32:11","slug":"les-obseques-de-lactrice-se-tiendront-a-paris-voici-ou-et-quand","status":"publish","type":"post","link":"https:\/\/www.europesays.com\/fr\/417015\/","title":{"rendered":"les obs\u00e8ques de l&rsquo;actrice se tiendront \u00e0 Paris, voici o\u00f9 et quand"},"content":{"rendered":"<p>            Par<br \/>\n        <strong><br \/>\n            <a href=\"https:\/\/actu.fr\/auteur\/redaction-paris\" title=\"Consulter tous les articles de R\u00e9daction Paris\" rel=\"nofollow noopener\" target=\"_blank\">R\u00e9daction Paris<\/a><br \/>\n        <\/strong><\/p>\n<p>        Publi\u00e9 le<\/p>\n<p>            25 sept. 2025 \u00e0 19h16        <\/p>\n<p>Les obs\u00e8ques de l\u2019actrice franco-italienne <strong>Claudia Cardinale<\/strong>, d\u00e9c\u00e9d\u00e9e \u00e0 87 ans en r\u00e9gion parisienne, auront lieu mardi 30 septembre 2025 \u00e0 14h30 \u00e0 l\u2019\u00e9glise Saint-Roch, dans le 1er arrondissement de Paris, a indiqu\u00e9 jeudi son agent Laurent Savry \u00e0 l\u2019AFP.\u00a0Un hommage religieux lui sera \u00e9galement rendu mercredi \u00e0 <a href=\"https:\/\/actu.fr\/ile-de-france\/nemours_77333\/deces-de-claudia-cardinale-elle-etait-heureuse-ici-la-ville-de-nemours-pleure-sa-plus-illustre-habitante_63204700.html\" rel=\"nofollow noopener\" target=\"_blank\">Nemours (Seine-et-Marne), o\u00f9 elle r\u00e9sidait<\/a>. Elle sera incin\u00e9r\u00e9e \u00ab\u00a0dans la plus stricte intimit\u00e9 familiale\u00a0\u00bb, a pr\u00e9cis\u00e9 Laurent Savry. <a href=\"https:\/\/actu.fr\/ile-de-france\/paris_75056\/artistes-ouvriers-pourquoi-ces-metiers-ont-leur-eglise-a-paris_40179750.html\" rel=\"nofollow noopener\" target=\"_blank\">L\u2019\u00e9glise Saint-Roch<\/a>\u00a0est celle de l\u2019aum\u00f4nerie des artistes et accueille r\u00e9guli\u00e8rement des fun\u00e9railles de c\u00e9l\u00e9brit\u00e9s.<\/p>\n<p>\u00ab\u00a0Ni fleurs, ni souvenirs\u00a0\u00bb<\/p>\n<p class=\" wall-content\">La famille a demand\u00e9 \u00ab\u00a0ni fleurs, ni souvenirs\u00a0\u00bb, mais invite ceux qui souhaitent rendre hommage \u00e0 l\u2019actrice \u00e0 faire un don \u00e0 la Fondazione Claudia Cardinale, qu\u2019elle a cr\u00e9\u00e9e avec sa fille \u00e0 Nemours, lieu d\u2019accueil et de promotion de jeunes artistes.<\/p>\n<p class=\" wall-content\">L\u00e9gende du cin\u00e9ma italien, Claudia Cardinale a tourn\u00e9 <strong>avec les plus grands r\u00e9alisateurs<\/strong> dont Luchino Visconti, Federico Fellini, Richard Brooks, Henri Verneuil ou encore Sergio Leone. Inoubliable dans Le Gu\u00e9pard, Il \u00e9tait une fois dans l\u2019ouest ou encore Huit et demi, elle a incarn\u00e9 le renouveau italien des ann\u00e9es 60 et brill\u00e9 \u00e0 Hollywood et en France.<\/p>\n<p class=\" wall-content\">A la fin de sa vie, <strong>elle vivait de \u00ab\u00a0mani\u00e8re simple<\/strong>, humble, \u00e0 son image\u00a0\u00bb, disait mercredi sa fille Claudia Squitieri, qui habitait avec elle \u00e0 Nemours. \u00ab\u00a0Je suis tr\u00e8s heureuse d\u2019avoir pu partager ces derni\u00e8res ann\u00e9es avec elle, dans la f\u00eate et dans la vie tr\u00e8s bouillonnante de ce lieu\u00a0\u00bb, a confi\u00e9 Claudia Squitieri. \u00ab\u00a0Je pense qu\u2019elle a \u00e9t\u00e9 heureuse ici\u00a0\u00bb.<\/p>\n<p class=\" wall-content\">Avec AFP<\/p>\n<p class=\" wall-content\">Personnalisez votre actualit\u00e9 en ajoutant vos villes et m\u00e9dias en favori avec <a href=\"https:\/\/moncompte.actu.fr\" title=\"D\u00e9couvez Mon Actu\" rel=\"nofollow noopener\" data-trk=\"{&quot;cta&quot;:{&quot;action&quot;:&quot;https:\\\/\\\/moncompte.actu.fr&quot;,&quot;category&quot;:&quot;mon compte&quot;,&quot;from&quot;:&quot;article footer&quot;,&quot;name&quot;:&quot;Mon actu&quot;,&quot;type&quot;:&quot;cta&quot;}}\" target=\"_blank\">Mon Actu<\/a>.<\/p>\n","protected":false},"excerpt":{"rendered":"Par R\u00e9daction Paris Publi\u00e9 le 25 sept. 2025 \u00e0 19h16 Les obs\u00e8ques de l\u2019actrice franco-italienne Claudia Cardinale, d\u00e9c\u00e9d\u00e9e&hellip;\n","protected":false},"author":2,"featured_media":417016,"comment_status":"","ping_status":"","sticky":false,"template":"","format":"standard","meta":{"footnotes":""},"categories":[1888],"tags":[1111,1928,11,1927,650,1777,674,1011,27,1652,12,1926,626,1925,25],"class_list":{"0":"post-417015","1":"post","2":"type-post","3":"status-publish","4":"format-standard","5":"has-post-thumbnail","7":"category-paris","8":"tag-actu","9":"tag-actu-paris","10":"tag-actualites","11":"tag-actualites-paris","12":"tag-cinema","13":"tag-eu","14":"tag-europe","15":"tag-fr","16":"tag-france","17":"tag-loisirs-culture","18":"tag-news","19":"tag-news-paris","20":"tag-paris","21":"tag-paris-news","22":"tag-republique-francaise"},"share_on_mastodon":{"url":"https:\/\/pubeurope.com\/@fr\/115266135328825581","error":""},"_links":{"self":[{"href":"https:\/\/www.europesays.com\/fr\/wp-json\/wp\/v2\/posts\/417015","targetHints":{"allow":["GET"]}}],"collection":[{"href":"https:\/\/www.europesays.com\/fr\/wp-json\/wp\/v2\/posts"}],"about":[{"href":"https:\/\/www.europesays.com\/fr\/wp-json\/wp\/v2\/types\/post"}],"author":[{"embeddable":true,"href":"https:\/\/www.europesays.com\/fr\/wp-json\/wp\/v2\/users\/2"}],"replies":[{"embeddable":true,"href":"https:\/\/www.europesays.com\/fr\/wp-json\/wp\/v2\/comments?post=417015"}],"version-history":[{"count":0,"href":"https:\/\/www.europesays.com\/fr\/wp-json\/wp\/v2\/posts\/417015\/revisions"}],"wp:featuredmedia":[{"embeddable":true,"href":"https:\/\/www.europesays.com\/fr\/wp-json\/wp\/v2\/media\/417016"}],"wp:attachment":[{"href":"https:\/\/www.europesays.com\/fr\/wp-json\/wp\/v2\/media?parent=417015"}],"wp:term":[{"taxonomy":"category","embeddable":true,"href":"https:\/\/www.europesays.com\/fr\/wp-json\/wp\/v2\/categories?post=417015"},{"taxonomy":"post_tag","embeddable":true,"href":"https:\/\/www.europesays.com\/fr\/wp-json\/wp\/v2\/tags?post=417015"}],"curies":[{"name":"wp","href":"https:\/\/api.w.org\/{rel}","templated":true}]}}