{"id":417020,"date":"2025-09-25T17:35:11","date_gmt":"2025-09-25T17:35:11","guid":{"rendered":"https:\/\/www.europesays.com\/fr\/417020\/"},"modified":"2025-09-25T17:35:11","modified_gmt":"2025-09-25T17:35:11","slug":"incinerateur-ivry-paris-xiii-un-nouvel-incident-des-fumees-qui-piquent-aux-yeux-et-des-riverains-inquiets","status":"publish","type":"post","link":"https:\/\/www.europesays.com\/fr\/417020\/","title":{"rendered":"Incin\u00e9rateur Ivry-Paris XIII\u00a0: un nouvel incident, des fum\u00e9es qui \u00ab\u00a0piquent aux yeux\u00a0\u00bb et des riverains inquiets"},"content":{"rendered":"<p class=\"paragraph text_align_left lp-f-body-02\">Les deux immenses chemin\u00e9es longilignes de <a href=\"https:\/\/www.leparisien.fr\/val-de-marne-94\/ivry-sur-seine-94200\/lincinerateur-divry-sur-seine-na-pas-dimpact-sanitaire-assure-le-president-du-syctom-apres-linquietude-des-habitants-14-06-2025-P2R55SHMCREC3PHNMTY4RFY6T4.php\" target=\"_self\" rel=\"noopener\">l\u2019incin\u00e9rateur d\u2019Ivry-Paris XIII<\/a> (Val-de-Marne) crachaient de nouveau une \u00e9paisse fum\u00e9e blanche, ce jeudi matin. Comme si de rien n\u2019\u00e9tait. Mais ce mercredi soir, vers 19 heures, de nombreux riverains ont \u00e9t\u00e9 inqui\u00e9t\u00e9s par un \u00ab gros panache de fum\u00e9e qui sortait tr\u00e8s tr\u00e8s fort par le toit, t\u00e9moigne ce jeudi matin Mathilde. Il y avait \u00e9norm\u00e9ment de fum\u00e9e \u00bb.<\/p>\n<p class=\"paragraph text_align_left lp-f-body-02\">Ce nuage inhabituel, visible \u00e0 plusieurs kilom\u00e8tres \u00e0 la ronde, n\u2019est pas pass\u00e9 inaper\u00e7u. Surtout quelques heures apr\u00e8s la diffusion d\u2019une <a href=\"https:\/\/www.leparisien.fr\/val-de-marne-94\/court-on-un-risque-sanitaire-angoisse-face-aux-pfas-detectes-dans-des-ecoles-proches-de-lincinerateur-divry-24-09-2025-4G3H4LHZIJDALMILNUXQAVV7K4.php?at_variant=link&amp;at_creation=Le%20Parisien%20|%2094&amp;at_campaign=Partage%20Twitter%20CM&amp;at_medium=Social%20media\" target=\"_self\" rel=\"noopener\">\u00e9tude men\u00e9e r\u00e9cemment par la fondation Toxicowatch<\/a> relevant la pr\u00e9sence de PFAS, des polluants \u00e9ternels dangereux pour la sant\u00e9, dans les filtres d\u2019a\u00e9ration d\u2019\u00e9coles, situ\u00e9es \u00e0 proximit\u00e9 de l\u2019incin\u00e9rateur.<\/p>\n","protected":false},"excerpt":{"rendered":"Les deux immenses chemin\u00e9es longilignes de l\u2019incin\u00e9rateur d\u2019Ivry-Paris XIII (Val-de-Marne) crachaient de nouveau une \u00e9paisse fum\u00e9e blanche, ce&hellip;\n","protected":false},"author":2,"featured_media":417021,"comment_status":"","ping_status":"","sticky":false,"template":"","format":"standard","meta":{"footnotes":""},"categories":[1888],"tags":[11,1777,674,1011,27,1944,12,626,25,1125],"class_list":{"0":"post-417020","1":"post","2":"type-post","3":"status-publish","4":"format-standard","5":"has-post-thumbnail","7":"category-paris","8":"tag-actualites","9":"tag-eu","10":"tag-europe","11":"tag-fr","12":"tag-france","13":"tag-ma-ville","14":"tag-news","15":"tag-paris","16":"tag-republique-francaise","17":"tag-val-de-marne"},"share_on_mastodon":{"url":"https:\/\/pubeurope.com\/@fr\/115266147158895510","error":""},"_links":{"self":[{"href":"https:\/\/www.europesays.com\/fr\/wp-json\/wp\/v2\/posts\/417020","targetHints":{"allow":["GET"]}}],"collection":[{"href":"https:\/\/www.europesays.com\/fr\/wp-json\/wp\/v2\/posts"}],"about":[{"href":"https:\/\/www.europesays.com\/fr\/wp-json\/wp\/v2\/types\/post"}],"author":[{"embeddable":true,"href":"https:\/\/www.europesays.com\/fr\/wp-json\/wp\/v2\/users\/2"}],"replies":[{"embeddable":true,"href":"https:\/\/www.europesays.com\/fr\/wp-json\/wp\/v2\/comments?post=417020"}],"version-history":[{"count":0,"href":"https:\/\/www.europesays.com\/fr\/wp-json\/wp\/v2\/posts\/417020\/revisions"}],"wp:featuredmedia":[{"embeddable":true,"href":"https:\/\/www.europesays.com\/fr\/wp-json\/wp\/v2\/media\/417021"}],"wp:attachment":[{"href":"https:\/\/www.europesays.com\/fr\/wp-json\/wp\/v2\/media?parent=417020"}],"wp:term":[{"taxonomy":"category","embeddable":true,"href":"https:\/\/www.europesays.com\/fr\/wp-json\/wp\/v2\/categories?post=417020"},{"taxonomy":"post_tag","embeddable":true,"href":"https:\/\/www.europesays.com\/fr\/wp-json\/wp\/v2\/tags?post=417020"}],"curies":[{"name":"wp","href":"https:\/\/api.w.org\/{rel}","templated":true}]}}