{"id":417024,"date":"2025-09-25T17:37:23","date_gmt":"2025-09-25T17:37:23","guid":{"rendered":"https:\/\/www.europesays.com\/fr\/417024\/"},"modified":"2025-09-25T17:37:23","modified_gmt":"2025-09-25T17:37:23","slug":"une-quarantaine-de-personnes-affichent-leur-soutien-a-lukraine-ce-25-septembre-a-lannion","status":"publish","type":"post","link":"https:\/\/www.europesays.com\/fr\/417024\/","title":{"rendered":"Une quarantaine de personnes affichent leur soutien \u00e0 l\u2019Ukraine ce 25\u00a0septembre \u00e0 Lannion"},"content":{"rendered":"<p>Une quarantaine de personnes se sont r\u00e9unies devant la mairie de Lannion, ce jeudi 25 septembre, \u00e0 18\u00a0h dans le but de d\u2019afficher leur soutien \u00e0 l\u2019Ukraine. \u00ab\u00a0Un retrait de l\u2019Union europ\u00e9enne serait catastrophique pour l\u2019ensemble des Ukrainiens\u00a0\u00bb, ont d\u00e9clar\u00e9 les porte-parole de l\u2019association Tr\u00e9gor-Solidarit\u00e9-Ukraine, \u00e0 l\u2019origine de la manifestation. Les prises de paroles ont \u00e9t\u00e9 ponctu\u00e9es par des chants de r\u00e9sistance entonn\u00e9s par Korentin Le Davay.<\/p>\n<p><img decoding=\"async\" src=\"https:\/\/www.europesays.com\/fr\/wp-content\/uploads\/2025\/09\/68d57ba6fed49a23940af2f6.1.jpeg\" width=\"480\" height=\"300\" class=\"web_golden_m\" loading=\"lazy\" alt=\"La p\u00e9tition SkyShield a \u00e9t\u00e9 mentionn\u00e9e lors de ce rassemblement.\"\/>La p\u00e9tition SkyShield a \u00e9t\u00e9 mentionn\u00e9e lors de ce rassemblement.<\/p>\n<p>La <a href=\"https:\/\/www.change.org\/p\/skyshield-sauvons-les-civils-des-drones-russes-prot%C3%A9geons-le-ciel-de-l-ukraine\" title=\"www.change.org\" target=\"_blank\" rel=\"noopener\">p\u00e9tition SkyShield<\/a> a \u00e9galement \u00e9t\u00e9 mise en avant au cours de ce rassemblement. Elle vise \u00e0 prot\u00e9ger les civils ukrainiens des drones russes et a re\u00e7u presque 55\u00a0000 signatures \u00e0 ce jour.<\/p>\n<p>Claude Olga Pilon, b\u00e9n\u00e9vole de l\u2019association, est aussi revenue sur la journ\u00e9e de solidarit\u00e9 du 24 ao\u00fbt, jour de f\u00eate nationale ukrainienne. \u00ab\u00a070 repas ont \u00e9t\u00e9 partag\u00e9s et pr\u00e9par\u00e9s \u00e0 la salle de Buhulien par les b\u00e9n\u00e9voles ukrainiennes. Il a presque fallu \u00e9carter les murs. Les dons ont \u00e9t\u00e9 satisfaisants et nous permettent de maintenir nos actions.\u00a0\u00bb<\/p>\n","protected":false},"excerpt":{"rendered":"Une quarantaine de personnes se sont r\u00e9unies devant la mairie de Lannion, ce jeudi 25 septembre, \u00e0 18\u00a0h&hellip;\n","protected":false},"author":2,"featured_media":417025,"comment_status":"","ping_status":"","sticky":false,"template":"","format":"standard","meta":{"footnotes":""},"categories":[1590],"tags":[11,1777,674,5862,12,11880,220],"class_list":{"0":"post-417024","1":"post","2":"type-post","3":"status-publish","4":"format-standard","5":"has-post-thumbnail","7":"category-ukraine","8":"tag-actualites","9":"tag-eu","10":"tag-europe","11":"tag-lannion","12":"tag-news","13":"tag-solidarite-ukraine","14":"tag-ukraine"},"share_on_mastodon":{"url":"https:\/\/pubeurope.com\/@fr\/115266155333602574","error":""},"_links":{"self":[{"href":"https:\/\/www.europesays.com\/fr\/wp-json\/wp\/v2\/posts\/417024","targetHints":{"allow":["GET"]}}],"collection":[{"href":"https:\/\/www.europesays.com\/fr\/wp-json\/wp\/v2\/posts"}],"about":[{"href":"https:\/\/www.europesays.com\/fr\/wp-json\/wp\/v2\/types\/post"}],"author":[{"embeddable":true,"href":"https:\/\/www.europesays.com\/fr\/wp-json\/wp\/v2\/users\/2"}],"replies":[{"embeddable":true,"href":"https:\/\/www.europesays.com\/fr\/wp-json\/wp\/v2\/comments?post=417024"}],"version-history":[{"count":0,"href":"https:\/\/www.europesays.com\/fr\/wp-json\/wp\/v2\/posts\/417024\/revisions"}],"wp:featuredmedia":[{"embeddable":true,"href":"https:\/\/www.europesays.com\/fr\/wp-json\/wp\/v2\/media\/417025"}],"wp:attachment":[{"href":"https:\/\/www.europesays.com\/fr\/wp-json\/wp\/v2\/media?parent=417024"}],"wp:term":[{"taxonomy":"category","embeddable":true,"href":"https:\/\/www.europesays.com\/fr\/wp-json\/wp\/v2\/categories?post=417024"},{"taxonomy":"post_tag","embeddable":true,"href":"https:\/\/www.europesays.com\/fr\/wp-json\/wp\/v2\/tags?post=417024"}],"curies":[{"name":"wp","href":"https:\/\/api.w.org\/{rel}","templated":true}]}}