{"id":417027,"date":"2025-09-25T17:39:10","date_gmt":"2025-09-25T17:39:10","guid":{"rendered":"https:\/\/www.europesays.com\/fr\/417027\/"},"modified":"2025-09-25T17:39:10","modified_gmt":"2025-09-25T17:39:10","slug":"mark-carney-se-rend-au-royaume-uni-pour-discuter-de-commerce-et-dinvestissements","status":"publish","type":"post","link":"https:\/\/www.europesays.com\/fr\/417027\/","title":{"rendered":"Mark Carney se rend au Royaume-Uni pour discuter de commerce et d&rsquo;investissements"},"content":{"rendered":"<p>OTTAWA \u2014 Le premier ministre Mark Carney se rend \u00e0 Londres jeudi apr\u00e8s-midi en pr\u00e9vision de ses rencontres avec les dirigeants du Royaume-Uni, de l\u2019Australie, de l\u2019Islande, de l\u2019Espagne et du Danemark le lendemain.<\/p>\n<p>Il s\u2019agira de sa deuxi\u00e8me visite officielle au Royaume-Uni depuis son accession au poste de premier ministre, et de sa troisi\u00e8me rencontre en t\u00eate-\u00e0-t\u00eate avec le premier ministre britannique, Keir Starmer.<\/p>\n<p>M.\u00a0Carney a insist\u00e9 sur la n\u00e9cessit\u00e9 de renforcer les liens internationaux, alors que son gouvernement cherche \u00e0 r\u00e9duire la d\u00e9pendance commerciale du Canada envers les \u00c9tats-Unis.<\/p>\n<p>Le premier ministre participera \u00e9galement vendredi au Sommet mondial pour l\u2019action et le progr\u00e8s, un rassemblement annuel de dirigeants politiques et d\u2019entreprises de centre-gauche.<\/p>\n<p>Mark Carney avait pris la parole lors de la conf\u00e9rence qui s\u2019\u00e9tait tenue \u00e0 Montr\u00e9al l\u2019ann\u00e9e derni\u00e8re.<\/p>\n<p>Les conservateurs ont critiqu\u00e9 la fr\u00e9quence des voyages internationaux du chef du gouvernement lib\u00e9ral et l\u2019ont accus\u00e9 de privil\u00e9gier les s\u00e9ances de photos plut\u00f4t que les r\u00e9sultats concrets.<\/p>\n","protected":false},"excerpt":{"rendered":"OTTAWA \u2014 Le premier ministre Mark Carney se rend \u00e0 Londres jeudi apr\u00e8s-midi en pr\u00e9vision de ses rencontres&hellip;\n","protected":false},"author":2,"featured_media":417028,"comment_status":"","ping_status":"","sticky":false,"template":"","format":"standard","meta":{"footnotes":""},"categories":[1588],"tags":[11,1777,674,4574,17885,4575,4576,12,473,1853,1851,1850,1852],"class_list":{"0":"post-417027","1":"post","2":"type-post","3":"status-publish","4":"format-standard","5":"has-post-thumbnail","7":"category-royaume-uni","8":"tag-actualites","9":"tag-eu","10":"tag-europe","11":"tag-https-lactualite-com-sujet-affaires","12":"tag-https-lactualite-com-sujet-commerce","13":"tag-https-lactualite-com-sujet-economie","14":"tag-https-lactualite-com-sujet-politique","15":"tag-news","16":"tag-royaume-uni","17":"tag-royaume-uni-de-grande-bretagne-et-dirlande-du-nord","18":"tag-uk","19":"tag-united-kingdom","20":"tag-united-kingdom-of-great-britain-and-northern-ireland"},"share_on_mastodon":{"url":"https:\/\/pubeurope.com\/@fr\/115266162962869858","error":""},"_links":{"self":[{"href":"https:\/\/www.europesays.com\/fr\/wp-json\/wp\/v2\/posts\/417027","targetHints":{"allow":["GET"]}}],"collection":[{"href":"https:\/\/www.europesays.com\/fr\/wp-json\/wp\/v2\/posts"}],"about":[{"href":"https:\/\/www.europesays.com\/fr\/wp-json\/wp\/v2\/types\/post"}],"author":[{"embeddable":true,"href":"https:\/\/www.europesays.com\/fr\/wp-json\/wp\/v2\/users\/2"}],"replies":[{"embeddable":true,"href":"https:\/\/www.europesays.com\/fr\/wp-json\/wp\/v2\/comments?post=417027"}],"version-history":[{"count":0,"href":"https:\/\/www.europesays.com\/fr\/wp-json\/wp\/v2\/posts\/417027\/revisions"}],"wp:featuredmedia":[{"embeddable":true,"href":"https:\/\/www.europesays.com\/fr\/wp-json\/wp\/v2\/media\/417028"}],"wp:attachment":[{"href":"https:\/\/www.europesays.com\/fr\/wp-json\/wp\/v2\/media?parent=417027"}],"wp:term":[{"taxonomy":"category","embeddable":true,"href":"https:\/\/www.europesays.com\/fr\/wp-json\/wp\/v2\/categories?post=417027"},{"taxonomy":"post_tag","embeddable":true,"href":"https:\/\/www.europesays.com\/fr\/wp-json\/wp\/v2\/tags?post=417027"}],"curies":[{"name":"wp","href":"https:\/\/api.w.org\/{rel}","templated":true}]}}