{"id":417056,"date":"2025-09-25T17:56:10","date_gmt":"2025-09-25T17:56:10","guid":{"rendered":"https:\/\/www.europesays.com\/fr\/417056\/"},"modified":"2025-09-25T17:56:10","modified_gmt":"2025-09-25T17:56:10","slug":"le-marbre-est-la-vedette-de-ce-loft-new-yorkais-de-350m2","status":"publish","type":"post","link":"https:\/\/www.europesays.com\/fr\/417056\/","title":{"rendered":"Le marbre est la vedette de ce loft new-yorkais de 350m2"},"content":{"rendered":"<p>Bobby Flay s\u2019est rendu \u00e0 Jersey City pour inspecter en personne un canap\u00e9 d\u2019angle <a href=\"https:\/\/www.admagazine.fr\/article\/ikea-pieces-vintage-iconiques-acheter-ligne\" target=\"_blank\" rel=\"noopener\">vintage<\/a> DS600 de De Sede, un mod\u00e8le incontournable. \u00ab On en voit beaucoup, mais il est difficile de trouver la couleur que je voulais. \u00bb Sa forme incurv\u00e9e \u00e9tait parfaite pour ouvrir le salon sur la cuisine lorsqu\u2019il pr\u00e9pare \u00e0 manger pour ses invit\u00e9s. Il a apport\u00e9 de nombreux autres meubles de son ancienne maison \u00e0 Saratoga Springs, notamment une paire de fauteuils en velours bicolore et un canap\u00e9 de Marco Comolli en noyer. Des tables gigognes de RH Ravenna en travertin italien et un <a href=\"https:\/\/www.admagazine.fr\/article\/10-modeles-tapis-sublimer-interieur\" target=\"_blank\" rel=\"noopener\">tapis<\/a> de Stark Daisy ancrent l\u2019espace.<\/p>\n<p>Un espace de vie entre vintage et contemporain<\/p>\n<p>La subtilit\u00e9 a pr\u00e9valu dans le salon, o\u00f9 des modifications astucieuses ont am\u00e9lior\u00e9 la circulation entre la cuisine ouverte, la salle \u00e0 manger et le salon, permettant \u00e0 Bobby Flay de recevoir. \u00ab Je ne cuisine pas seulement pour gagner ma vie, je cuisine pour le plaisir. \u00bb Le duo a r\u00e9orient\u00e9 la table \u00e0 manger afin d\u2019agrandir la surface du salon, rendant l\u2019espace plus attrayant gr\u00e2ce \u00e0 une meilleure vue sur la cuisine. Ils ont \u00e9galement remplac\u00e9 un grand canap\u00e9 d\u2019angle qui coupait l\u2019espace par un canap\u00e9 vintage brun chocolat aux <a href=\"https:\/\/www.admagazine.fr\/article\/tendance-deco-courbes-salles-bains\" target=\"_blank\" rel=\"noopener\">lignes courbes<\/a>.<\/p>\n<p>Gr\u00e2ce \u00e0 son portefeuille immobilier en constante \u00e9volution (en plus de son loft new-yorkais, il poss\u00e8de un petit appartement \u00e0 Londres et une maison \u00e0 Amagansett), Bobby Flay a accumul\u00e9 au fil des ans une importante collection vintage, \u00e0 laquelle s\u2019ajoutent r\u00e9cemment des pi\u00e8ces provenant de la vente de son ancienne maison \u00e0 Saratoga Springs. \u00ab Olivia et moi, on adore faire des achats \u00bb, raconte-t-il. \u00ab On ouvre une bouteille de vin, on s\u2019assoit pendant trois heures et on commence simplement \u00e0 ench\u00e9rir. \u00bb Derni\u00e8re acquisition en date ? Un immense lustre vintage provenant des <a href=\"https:\/\/www.admagazine.fr\/article\/pays-bas-village-lego-existerait\" target=\"_blank\" rel=\"noopener\">Pays-Bas<\/a> qui a d\u00fb \u00eatre rec\u00e2bl\u00e9 \u00e0 son arriv\u00e9e avant d\u2019\u00eatre install\u00e9 dans le salon. \u00ab Cette pi\u00e8ce est tout simplement spectaculaire \u00bb, dit-il.<\/p>\n<p>L\u2019\u00e9nergie renouvel\u00e9e de l\u2019appartement n\u2019\u00e9chappe pas aux chats bien-aim\u00e9s de Bobby Flay, Canelo et Stella. \u00ab Les ma\u00eetres des lieux, ce sont eux \u00bb, plaisante le cuisinier.<\/p>\n<p>Bobby Flay dans sa cuisine de Tribeca, con\u00e7ue par Henrybuilt.<\/p>\n","protected":false},"excerpt":{"rendered":"Bobby Flay s\u2019est rendu \u00e0 Jersey City pour inspecter en personne un canap\u00e9 d\u2019angle vintage DS600 de De&hellip;\n","protected":false},"author":2,"featured_media":417057,"comment_status":"","ping_status":"","sticky":false,"template":"","format":"standard","meta":{"footnotes":""},"categories":[1358],"tags":[10588,1348,1384,1385,1386,58,59,1011,27,415],"class_list":{"0":"post-417056","1":"post","2":"type-post","3":"status-publish","4":"format-standard","5":"has-post-thumbnail","7":"category-arts-et-design","8":"tag-appartement-new-yorkais","9":"tag-arts","10":"tag-arts-and-design","11":"tag-arts-et-design","12":"tag-design","13":"tag-divertissement","14":"tag-entertainment","15":"tag-fr","16":"tag-france","17":"tag-new-york"},"share_on_mastodon":{"url":"","error":""},"_links":{"self":[{"href":"https:\/\/www.europesays.com\/fr\/wp-json\/wp\/v2\/posts\/417056","targetHints":{"allow":["GET"]}}],"collection":[{"href":"https:\/\/www.europesays.com\/fr\/wp-json\/wp\/v2\/posts"}],"about":[{"href":"https:\/\/www.europesays.com\/fr\/wp-json\/wp\/v2\/types\/post"}],"author":[{"embeddable":true,"href":"https:\/\/www.europesays.com\/fr\/wp-json\/wp\/v2\/users\/2"}],"replies":[{"embeddable":true,"href":"https:\/\/www.europesays.com\/fr\/wp-json\/wp\/v2\/comments?post=417056"}],"version-history":[{"count":0,"href":"https:\/\/www.europesays.com\/fr\/wp-json\/wp\/v2\/posts\/417056\/revisions"}],"wp:featuredmedia":[{"embeddable":true,"href":"https:\/\/www.europesays.com\/fr\/wp-json\/wp\/v2\/media\/417057"}],"wp:attachment":[{"href":"https:\/\/www.europesays.com\/fr\/wp-json\/wp\/v2\/media?parent=417056"}],"wp:term":[{"taxonomy":"category","embeddable":true,"href":"https:\/\/www.europesays.com\/fr\/wp-json\/wp\/v2\/categories?post=417056"},{"taxonomy":"post_tag","embeddable":true,"href":"https:\/\/www.europesays.com\/fr\/wp-json\/wp\/v2\/tags?post=417056"}],"curies":[{"name":"wp","href":"https:\/\/api.w.org\/{rel}","templated":true}]}}