{"id":417106,"date":"2025-09-25T18:25:00","date_gmt":"2025-09-25T18:25:00","guid":{"rendered":"https:\/\/www.europesays.com\/fr\/417106\/"},"modified":"2025-09-25T18:25:00","modified_gmt":"2025-09-25T18:25:00","slug":"pres-de-300-choristes-vont-animer-les-rues-de-strasbourg-lors-dun-grand-concert-gratuit-dimanche","status":"publish","type":"post","link":"https:\/\/www.europesays.com\/fr\/417106\/","title":{"rendered":"Pr\u00e8s de 300 choristes vont animer les rues de Strasbourg lors d&rsquo;un grand concert gratuit dimanche"},"content":{"rendered":"<p>            Par<br \/>\n        <strong><br \/>\n            <a href=\"https:\/\/actu.fr\/auteur\/ivan-capecchi\" title=\"Consulter tous les articles de Ivan CAPECCHI\" rel=\"nofollow noopener\" target=\"_blank\">Ivan CAPECCHI<\/a><br \/>\n        <\/strong><\/p>\n<p>        Publi\u00e9 le<\/p>\n<p>            25 sept. 2025 \u00e0 18h10        <\/p>\n<p>Dimanche 28\u00a0septembre 2025, <a href=\"https:\/\/actu.fr\/strasbourg\/\" rel=\"nofollow noopener\" target=\"_blank\">Strasbourg<\/a> accueillera la premi\u00e8re \u00e9dition de<strong> Cool Ch\u0153urs<\/strong>, un <strong>festival gratuit<\/strong> enti\u00e8rement d\u00e9di\u00e9 au<strong> chant choral<\/strong>, comme l\u2019ont rep\u00e9r\u00e9 nos confr\u00e8res de <a href=\"https:\/\/pokaa.fr\/2025\/09\/22\/plus-de-300-choristes-ce-dimanche-un-festival-gratuit-va-faire-chanter-strasbourg\/#:~:text=En%20effet%2C%20le%20festival%20Cool,sa%20voix%20et%20sa%20joie.\" rel=\"nofollow noopener\" target=\"_blank\">Pokaa<\/a>.<\/p>\n<p>Les choristes vont animer les rues de la Krutenau<\/p>\n<p class=\" wall-content\">De 14h \u00e0 17h15, environ 300 choristes issus de <strong>sept ensembles strasbourgeois<\/strong> (Catharsis, Catharsis Queen, Diversio, Gospel Rhymes, Plurielles, Pelicanto et Strassappella) investiront le quartier de la <a href=\"https:\/\/actu.fr\/grand-est\/strasbourg_67482\/c-est-tres-joli-a-strasbourg-les-habitants-de-la-krutenau-conquis-par-les-nouveaux-amenagements_61402987.html\" rel=\"nofollow noopener\" target=\"_blank\">Krutenau<\/a> pour une d\u00e9ambulation musicale accessible \u00e0 tous.<\/p>\n<p class=\" wall-content\"><strong>Trois sc\u00e8nes<\/strong> ext\u00e9rieures rythmeront l\u2019apr\u00e8s-midi\u2009: la <strong>terrasse des Rohan<\/strong>, l\u2019arrondi du <strong>quai des Bateliers<\/strong> et le <strong>parvis de l\u2019\u00e9glise Sainte-Madeleine<\/strong>.<\/p>\n<p class=\" wall-content\">Les chanteurs feront participer le public, peut-on lire sur la <a href=\"https:\/\/culture.strasbourg.eu\/concerts\/festival-cool-choeurs-chorales-pop-dans-les-rues-de-strasbourg-539561684\/\" rel=\"nofollow noopener\" target=\"_blank\">page de l\u2019\u00e9v\u00e9nement<\/a>.<\/p>\n<p>Festival Cool Choeurs<br \/>Dimanche 28\u00a0septembre 2025<br \/>De 14h \u00e0 17h15<br \/>Gratuit.<\/p>\n<p class=\" wall-content\">Personnalisez votre actualit\u00e9 en ajoutant vos villes et m\u00e9dias en favori avec <a href=\"https:\/\/moncompte.actu.fr\" title=\"D\u00e9couvez Mon Actu\" rel=\"nofollow noopener\" data-trk=\"{&quot;cta&quot;:{&quot;action&quot;:&quot;https:\\\/\\\/moncompte.actu.fr&quot;,&quot;category&quot;:&quot;mon compte&quot;,&quot;from&quot;:&quot;article footer&quot;,&quot;name&quot;:&quot;Mon actu&quot;,&quot;type&quot;:&quot;cta&quot;}}\" target=\"_blank\">Mon Actu<\/a>.<\/p>\n","protected":false},"excerpt":{"rendered":"Par Ivan CAPECCHI Publi\u00e9 le 25 sept. 2025 \u00e0 18h10 Dimanche 28\u00a0septembre 2025, Strasbourg accueillera la premi\u00e8re \u00e9dition&hellip;\n","protected":false},"author":2,"featured_media":417107,"comment_status":"","ping_status":"","sticky":false,"template":"","format":"standard","meta":{"footnotes":""},"categories":[2820],"tags":[1111,11,1063,1697,1777,674,1011,27,775,1652,12,25,640],"class_list":{"0":"post-417106","1":"post","2":"type-post","3":"status-publish","4":"format-standard","5":"has-post-thumbnail","7":"category-strasbourg","8":"tag-actu","9":"tag-actualites","10":"tag-animations","11":"tag-concert","12":"tag-eu","13":"tag-europe","14":"tag-fr","15":"tag-france","16":"tag-grand-est","17":"tag-loisirs-culture","18":"tag-news","19":"tag-republique-francaise","20":"tag-strasbourg"},"share_on_mastodon":{"url":"https:\/\/pubeurope.com\/@fr\/115266343704852250","error":""},"_links":{"self":[{"href":"https:\/\/www.europesays.com\/fr\/wp-json\/wp\/v2\/posts\/417106","targetHints":{"allow":["GET"]}}],"collection":[{"href":"https:\/\/www.europesays.com\/fr\/wp-json\/wp\/v2\/posts"}],"about":[{"href":"https:\/\/www.europesays.com\/fr\/wp-json\/wp\/v2\/types\/post"}],"author":[{"embeddable":true,"href":"https:\/\/www.europesays.com\/fr\/wp-json\/wp\/v2\/users\/2"}],"replies":[{"embeddable":true,"href":"https:\/\/www.europesays.com\/fr\/wp-json\/wp\/v2\/comments?post=417106"}],"version-history":[{"count":0,"href":"https:\/\/www.europesays.com\/fr\/wp-json\/wp\/v2\/posts\/417106\/revisions"}],"wp:featuredmedia":[{"embeddable":true,"href":"https:\/\/www.europesays.com\/fr\/wp-json\/wp\/v2\/media\/417107"}],"wp:attachment":[{"href":"https:\/\/www.europesays.com\/fr\/wp-json\/wp\/v2\/media?parent=417106"}],"wp:term":[{"taxonomy":"category","embeddable":true,"href":"https:\/\/www.europesays.com\/fr\/wp-json\/wp\/v2\/categories?post=417106"},{"taxonomy":"post_tag","embeddable":true,"href":"https:\/\/www.europesays.com\/fr\/wp-json\/wp\/v2\/tags?post=417106"}],"curies":[{"name":"wp","href":"https:\/\/api.w.org\/{rel}","templated":true}]}}