{"id":417118,"date":"2025-09-25T18:31:10","date_gmt":"2025-09-25T18:31:10","guid":{"rendered":"https:\/\/www.europesays.com\/fr\/417118\/"},"modified":"2025-09-25T18:31:10","modified_gmt":"2025-09-25T18:31:10","slug":"ce-bordelais-developpe-une-application-pour-securiser-les-sorties-des-femmes-en-soirees","status":"publish","type":"post","link":"https:\/\/www.europesays.com\/fr\/417118\/","title":{"rendered":"Ce Bordelais d\u00e9veloppe une application pour s\u00e9curiser les sorties des femmes en soir\u00e9es"},"content":{"rendered":"<p>Une application pour proposer aux femmes de se faire raccompagner par un agent de s\u00e9curit\u00e9, fa\u00e7on Uber pi\u00e9tonnier\u00a0? C\u2019est l\u2019id\u00e9e de S\u00e9bastien Lamour, \u00e0 force d\u2019entendre \u00ab\u00a0des t\u00e9moignages d\u2019amies qui se faisaient suivre ou harceler quand elles sortent en soir\u00e9es. \u00c7a revenait souvent, et m\u00eame de plus en plus.\u00a0\u00bb<\/p>\n<p>Apr\u00e8s des \u00e9tudes en \u00e9cole de commerce et un travail de vid\u00e9aste pour la plateforme d\u2019investissements Tudigo, le jeune homme de 28\u00a0ans, originaire de La\u00a0Rochelle mais install\u00e9 \u00e0 Bordeaux, s\u2019est rendu compte qu\u2019aucune application ne proposait ce service, hors la g\u00e9olocalisation via des services type <a href=\"https:\/\/www.bordeaux.fr\/face-au-harcelement-sexiste-et-sexuel-bordeaux-demandez-angela\" target=\"_blank\" rel=\"nofollow noopener\">Demandez Angela.<\/a> \u00ab\u00a0C\u2019est tr\u00e8s bien qu\u2019elles existent mais cela n\u2019emp\u00eache pas le harc\u00e8lement. Le plus efficace, c\u2019est de se faire raccompagner.\u00a0\u00bb<\/p>\n<p>R\u00e9actions partag\u00e9es<\/p>\n<p>Le syst\u00e8me, test\u00e9 \u00e0 la sortie de bars nocturnes bordelais, est simple. Un agent de s\u00e9curit\u00e9 est r\u00e9serv\u00e9 <a href=\"https:\/\/safly.app\/\" target=\"_blank\" rel=\"nofollow noopener\">via le site Safly,<\/a> pour un trajet de moins de 2\u00a0km et un forfait de 10\u00a0euros. \u00ab\u00a0L\u2019id\u00e9al serait d\u2019avoir une \u00ab\u00a0flotte\u00a0\u00bb d\u2019une vingtaine d\u2019agents en ville pr\u00eats \u00e0 intervenir\u00a0\u00bb, estime S\u00e9bastien Lamour.<\/p>\n<p>Pr\u00e9sent\u00e9e dans des vid\u00e9os publi\u00e9es sur les r\u00e9seaux sociaux, l\u2019id\u00e9e a re\u00e7u un accueil mitig\u00e9. \u00ab\u00a0C\u2019est du 50-50, reconna\u00eet S\u00e9bastien Lamour. Une moiti\u00e9 salue une solution simple et maline pour lutter contre le fl\u00e9au de l\u2019ins\u00e9curit\u00e9 en soir\u00e9e. L\u2019autre pointe le prix \u00e0 payer et que l\u2019agent soit un homme. Je trouve moi aussi injuste que les femmes aient \u00e0 payer pour leur s\u00e9curit\u00e9, mais c\u2019est selon moi la solution la plus efficace pour r\u00e9gler le probl\u00e8me\u00a0\u00bb, r\u00e9pond le jeune entrepreneur.<\/p>\n<p>Ces agents de s\u00e9curit\u00e9 devront tous poss\u00e9der la carte professionnelle d\u00e9livr\u00e9e par le Conseil national des activit\u00e9s priv\u00e9es de s\u00e9curit\u00e9 et pr\u00e9senter un casier judiciaire vierge. Il n\u2019exclut pas, non plus, de recruter des agentes.<\/p>\n<p>En phase de test, l\u2019application devrait \u00eatre lanc\u00e9e d\u00e9but janvier 2026 \u00e0 Bordeaux, puis \u00e9tendue \u00e0 Paris et dans d\u2019autres villes de France et d\u2019Europe, si le succ\u00e8s est au rendez-vous.<\/p>\n","protected":false},"excerpt":{"rendered":"Une application pour proposer aux femmes de se faire raccompagner par un agent de s\u00e9curit\u00e9, fa\u00e7on Uber pi\u00e9tonnier\u00a0?&hellip;\n","protected":false},"author":2,"featured_media":417119,"comment_status":"","ping_status":"","sticky":false,"template":"","format":"standard","meta":{"footnotes":""},"categories":[2817],"tags":[1111,11,1997,1777,674,1011,27,12,2219,25],"class_list":{"0":"post-417118","1":"post","2":"type-post","3":"status-publish","4":"format-standard","5":"has-post-thumbnail","7":"category-bordeaux","8":"tag-actu","9":"tag-actualites","10":"tag-bordeaux","11":"tag-eu","12":"tag-europe","13":"tag-fr","14":"tag-france","15":"tag-news","16":"tag-nouvelle-aquitaine","17":"tag-republique-francaise"},"share_on_mastodon":{"url":"https:\/\/pubeurope.com\/@fr\/115266367244471764","error":""},"_links":{"self":[{"href":"https:\/\/www.europesays.com\/fr\/wp-json\/wp\/v2\/posts\/417118","targetHints":{"allow":["GET"]}}],"collection":[{"href":"https:\/\/www.europesays.com\/fr\/wp-json\/wp\/v2\/posts"}],"about":[{"href":"https:\/\/www.europesays.com\/fr\/wp-json\/wp\/v2\/types\/post"}],"author":[{"embeddable":true,"href":"https:\/\/www.europesays.com\/fr\/wp-json\/wp\/v2\/users\/2"}],"replies":[{"embeddable":true,"href":"https:\/\/www.europesays.com\/fr\/wp-json\/wp\/v2\/comments?post=417118"}],"version-history":[{"count":0,"href":"https:\/\/www.europesays.com\/fr\/wp-json\/wp\/v2\/posts\/417118\/revisions"}],"wp:featuredmedia":[{"embeddable":true,"href":"https:\/\/www.europesays.com\/fr\/wp-json\/wp\/v2\/media\/417119"}],"wp:attachment":[{"href":"https:\/\/www.europesays.com\/fr\/wp-json\/wp\/v2\/media?parent=417118"}],"wp:term":[{"taxonomy":"category","embeddable":true,"href":"https:\/\/www.europesays.com\/fr\/wp-json\/wp\/v2\/categories?post=417118"},{"taxonomy":"post_tag","embeddable":true,"href":"https:\/\/www.europesays.com\/fr\/wp-json\/wp\/v2\/tags?post=417118"}],"curies":[{"name":"wp","href":"https:\/\/api.w.org\/{rel}","templated":true}]}}