{"id":41712,"date":"2025-04-21T14:40:32","date_gmt":"2025-04-21T14:40:32","guid":{"rendered":"https:\/\/www.europesays.com\/fr\/41712\/"},"modified":"2025-04-21T14:40:32","modified_gmt":"2025-04-21T14:40:32","slug":"les-plus-beaux-parcours-lumineux-pour-les-fetes","status":"publish","type":"post","link":"https:\/\/www.europesays.com\/fr\/41712\/","title":{"rendered":"les plus beaux parcours lumineux pour les f\u00eates"},"content":{"rendered":"<p class=\"editor-content__paragraph\">Les parcs ne s\u2019arpentent pas qu\u2019au printemps\u00a0! La preuve avec cette <strong>s\u00e9lection de parcours lumineux<\/strong>, qui prennent presque tous place entre les arbres du<strong> jardin des Plantes<\/strong>, du domaine national de Saint-Cloud, du <strong>jardin d\u2019Acclimatation<\/strong> ou encore du Parc floral.<\/p>\n<p class=\"editor-content__paragraph\">Deux font exception (et tous les deux sont gratuits)\u00a0: le festival Lueurs de Mantes, qui s\u2019empare du <strong>centre-ville de\u00a0Mantes-la-Jolie<\/strong>, et l\u2019exposition de Fanny Alli\u00e9 \u00e0 <strong>l\u2019\u00e9glise Saint-Eustache<\/strong>, dont la lumi\u00e8re \u00e9claire la g\u00e9n\u00e9rosit\u00e9 sensible.<\/p>\n<p>Au jardin des Plantes, un voyage \u00e0 travers les \u00e2ges avec \u00ab\u00a0Jurassique en voie d\u2019illumination\u00a0\u00bb<\/p>\n<p>    <img loading=\"lazy\" decoding=\"async\" class=\"image__img\" src=\"https:\/\/www.europesays.com\/fr\/wp-content\/uploads\/2025\/04\/webjurassiquemhhn_planslarges-3-964x643.jpg\" alt=\"\u00ab\u00a0Jurassique en voie d\u2019illumination\u00a0\u00bb au Jardin des Plantes, Paris\" width=\"964\" height=\"643\"\/><\/p>\n<p>\u00ab\u00a0Jurassique en voie d\u2019illumination\u00a0\u00bb au Jardin des Plantes, Paris<\/p>\n<p>    i<\/p>\n<p class=\"editor-content__paragraph\">Entre la m\u00e9nagerie, les grandes serres et les collections de fossiles du Mus\u00e9um d\u2019Histoire naturelle, s\u2019est gliss\u00e9e depuis le 20\u00a0novembre une parade des plus insolites qui nous fait remonter 200\u00a0millions d\u2019ann\u00e9es en arri\u00e8re\u00a0! Comme chaque ann\u00e9e, le jardin des Plantes h\u00e9berge \u00e0 la nuit tomb\u00e9e un <strong>parcours de sculptures lumineuses<\/strong>, qui donne vie pour cette nouvelle \u00e9dition \u00e0 une arche de No\u00e9 pr\u00e9historique. Ouverte jusqu\u2019au 19\u00a0janvier, celle-ci d\u00e9voile <strong>des dinosaures, d\u2019impressionnants oiseaux<\/strong>, des reptiles marins g\u00e9ants\u2026 Une d\u00e9couverte aussi fascinante que didactique, l\u2019ensemble ayant \u00e9t\u00e9 coordonn\u00e9 par les scientifiques du Mus\u00e9um.<\/p>\n<p>  Arrow<\/p>\n<p>Jurassique en voie d&rsquo;illumination <\/p>\n<p class=\"annexe-content__subtitle\">Du 20 novembre 2024 au 19 janvier 2025<\/p>\n<p>Pour en savoir plus, <a href=\"https:\/\/www.jardindesplantesdeparis.fr\/fr\/exposition-evenement\/jurassique-en-voie-d-illumination\" target=\"_blank\" rel=\"noopener\">consultez le site du jardin des Plantes<\/a><\/p>\n<p>        \u00c0 lire aussi :<br \/>\n        <a class=\"renvoi-explicite__link\" href=\"https:\/\/www.beauxarts.com\/lifestyle\/vacances-8-sorties-pour-semerveiller-en-famille-a-noel-et-durant-les-fetes-de-fin-dannee-2024-a-paris\/\" target=\"_blank\" rel=\"noopener\">Vacances ! 8 sorties pour s\u2019\u00e9merveiller en famille \u00e0 No\u00ebl et durant les f\u00eates de fin d\u2019ann\u00e9e 2024 \u00e0 Paris<\/a><\/p>\n<p>Au domaine national de Saint-Cloud, le charme fou de Lumi\u00e8res en Seine<\/p>\n<p>    <img loading=\"lazy\" decoding=\"async\" class=\"image__img\" src=\"https:\/\/www.europesays.com\/fr\/wp-content\/uploads\/2025\/04\/webvincentnageotte-2024-img-lumieresenseine-457-964x643.jpg\" alt=\"\u00ab\u00a0Lumi\u00e8res en Seine\u00a0\u00bb au Domaine de Saint-Cloud\" width=\"964\" height=\"643\"\/><\/p>\n<p>\u00ab\u00a0Lumi\u00e8res en Seine\u00a0\u00bb au Domaine de Saint-Cloud<\/p>\n<p>    i<\/p>\n<p class=\"editor-content__paragraph\">Il a obtenu il y a 20\u00a0ans le label \u00ab\u00a0Jardin remarquable\u00a0\u00bb\u00a0: \u00e9galement class\u00e9 \u00e0 l\u2019inventaire des monuments historiques, le domaine national de Saint-Cloud est <strong>l\u2019un des plus beaux parcs d\u2019\u00cele-de-France<\/strong>. Son histoire commence au XVIe si\u00e8cle avec Catherine de M\u00e9dicis, et se poursuit jusqu\u2019\u00e0 aujourd\u2019hui, avec le parcours Lumi\u00e8res en Seine. Ouvert tous les soirs jusqu\u2019au 12\u00a0janvier, de 17h \u00e0 23h, celui-ci comprend <strong>25\u00a0environnements immersifs \u00e9clair\u00e9s<\/strong> dans la p\u00e9nombre hivernale. N\u00e9ons de lumi\u00e8re suspendus et architectures d\u2019ampoules s\u2019encha\u00eenent sur environ deux kilom\u00e8tres. Comptez une bonne heure sur place.<\/p>\n<p class=\"annexe-content__subtitle\">Du 15 novembre 2024 au 12 janvier 2025<\/p>\n<p>Pour en savoir plus, <a href=\"https:\/\/lumieresenseine.com\/#location\" target=\"_blank\" rel=\"noopener\">consultez le site de Lumi\u00e8res en Seine<\/a><\/p>\n<p>        \u00c0 lire aussi :<br \/>\n        <a class=\"renvoi-explicite__link\" href=\"https:\/\/www.beauxarts.com\/expos\/chambord-chantilly-vaux-le-vicomte-5-merveilleux-chateaux-en-habit-de-noel-pour-passer-des-vacances-feeriques\/\" target=\"_blank\" rel=\"noopener\">Chambord, Chantilly, Vaux-le-Vicomte\u2026 5 merveilleux ch\u00e2teaux en habit de No\u00ebl pour passer des vacances f\u00e9eriques<\/a><\/p>\n<p>Au jardin d\u2019Acclimatation, encore des dinos avec le festival des Lanternes<\/p>\n<p>    <img loading=\"lazy\" decoding=\"async\" class=\"image__img\" src=\"https:\/\/www.europesays.com\/fr\/wp-content\/uploads\/2025\/04\/webfestival-des-lanternes-le-bal-des-dinosaures-jardin-dacclimatation-parissylvain-bachelot_23-964x6.jpeg\" alt=\"\u00ab\u00a0Le bal des dinosaures\u00a0\u00bb au Jardin d\u2019acclimatation de Paris\" width=\"964\" height=\"643\"\/><\/p>\n<p>\u00ab\u00a0Le bal des dinosaures\u00a0\u00bb au Jardin d\u2019acclimatation de Paris<\/p>\n<p>    i<\/p>\n<p class=\"editor-content__paragraph\">Si vous avez encore faim de dinosaures, rendez-vous dans l\u2019ouest de Paris\u00a0: au jardin d\u2019Acclimatation, le<strong> festival des Lanternes<\/strong> propose lui aussi un spectaculaire voyage dans le temps, avec des <strong>sculptures lumineuses<\/strong> donnant forme \u00e0 des <strong>tyrannosaures, des brontosaures<\/strong>, des v\u00e9lociraptors et des diplodocus\u2026 Pas moins de 40\u00a0esp\u00e8ces de l\u2019\u00e8re m\u00e9sozo\u00efque sont r\u00e9unis jusqu\u2019au 2\u00a0mars prochain, au fil d\u2019un parcours<strong> riche de plus de 2\u00a0000\u00a0lanternes<\/strong>, mais aussi d\u2019attractions, d\u2019exp\u00e9riences en r\u00e9alit\u00e9 virtuelle et de projections immersives. Spectaculaire\u00a0! PS\u00a0: les parents pourront en profiter pour rendre une derni\u00e8re visite \u00e0 <a href=\"https:\/\/www.beauxarts.com\/expos\/a-la-fondation-louis-vuitton-lamerique-pop-et-jouissive-de-tom-wesselmann-dans-un-hommage-xxl\/\" target=\"_blank\" rel=\"noopener\">l\u2019exposition autour de Tom Wesselmann \u00e0 la fondation Vuitton voisine<\/a>.<\/p>\n<p>  Arrow<\/p>\n<p>Festival des Lanternes<\/p>\n<p class=\"annexe-content__subtitle\">Du 29 novembre 2024 au 2 mars 2025<\/p>\n<p>Pour en savoir plus, <a href=\"https:\/\/www.jardindacclimatation.fr\/festival-dragons-lanternes-paris\" target=\"_blank\" rel=\"noopener\">consultez le site du jardin d\u2019Acclimatation<\/a><\/p>\n<p>        \u00c0 lire aussi :<br \/>\n        <a class=\"renvoi-explicite__link\" href=\"https:\/\/www.beauxarts.com\/grand-format\/des-fleurs-geantes-de-murakami-apparues-au-jardin-dacclimatation-a-paris\/\" target=\"_blank\" rel=\"noopener\">Des fleurs g\u00e9antes de Murakami apparues au Jardin d&rsquo;acclimatation, \u00e0 Paris<\/a><\/p>\n<p>Dans Mantes-la-Jolie, des Lueurs plus vives que jamais<\/p>\n<p>    <img loading=\"lazy\" decoding=\"async\" class=\"image__img\" src=\"https:\/\/www.europesays.com\/fr\/wp-content\/uploads\/2025\/04\/web20241212_centre-ville-inauguration-seconde-edition-lueurs-de-mantes-048_54213109372_o-964x582.jpg\" alt=\"Les \u00ab\u00a0Lueurs de Mantes\u00a0\u00bb \u00e0 Mantes la Jolie\" width=\"964\" height=\"582\"\/><\/p>\n<p>Les \u00ab\u00a0Lueurs de Mantes\u00a0\u00bb \u00e0 Mantes la Jolie<\/p>\n<p class=\"editor-content__paragraph\">Cette fois-ci, ce n\u2019est pas dans un parc que nous m\u00e8ne notre qu\u00eate de lumi\u00e8res, mais dans une ville, Mantes-la-Jolie. Qui organise, pour la deuxi\u00e8me ann\u00e9e cons\u00e9cutive, un <strong>parcours d\u2019\u0153uvres d\u2019art lumineuses et num\u00e9riques<\/strong> sign\u00e9es par une trentaine d\u2019artistes (dont Nicolas Paolozzi, Dan Acher ou Pia Vidal) dans <strong>onze lieux de son centre-ville<\/strong>, comme la place Saint-Jacques, le square Gabrielle d\u2019Estr\u00e9es, la coll\u00e9giale Notre-Dame ou encore le quai des Cordeliers. <strong>Compl\u00e8tement gratuit<\/strong>, le parcours s\u2019active de la tomb\u00e9e de la nuit jusqu\u2019\u00e0 22h, et ce jusqu\u2019au 1er f\u00e9vrier. Il permet ainsi de <strong>red\u00e9couvrir le patrimoine<\/strong> d\u2019une cit\u00e9 dynamique, engag\u00e9e pour la cr\u00e9ation contemporaine.<\/p>\n<p class=\"annexe-content__subtitle\">Du 13 d\u00e9cembre 2024 au 1er f\u00e9vrier 2025<\/p>\n<p>Pour en savoir plus, <a href=\"https:\/\/www.manteslajolie.fr\/ma-ville\/decouvrir-mantes-la-jolie-1\/lueurs-de-mantes\" target=\"_blank\" rel=\"noopener\">consultez le site de Mantes-la-Jolie<\/a><\/p>\n<p>        \u00c0 lire aussi :<br \/>\n        <a class=\"renvoi-explicite__link\" href=\"https:\/\/www.beauxarts.com\/lifestyle\/une-patinoire-au-grand-palais-la-fete-des-lumieres-a-lyon-tout-ce-quil-faut-faire-en-decembre\/\" target=\"_blank\" rel=\"noopener\">Une patinoire au Grand Palais, la F\u00eate des lumi\u00e8res \u00e0 Lyon&#8230; Tout ce qu&rsquo;il faut faire en d\u00e9cembre<\/a><\/p>\n<p>Au Parc floral, une \u00ab\u00a0Odyss\u00e9e lumineuse\u00a0\u00bb qui plaira aux petits<\/p>\n<p>    <img loading=\"lazy\" decoding=\"async\" class=\"image__img\" src=\"https:\/\/www.europesays.com\/fr\/wp-content\/uploads\/2025\/04\/webimage0-964x1285.jpg\" alt=\"\u00ab\u00a0L\u2019Odyss\u00e9e lumineuse\u00a0\u00bb au parc Floral, Paris\" width=\"964\" height=\"1285\"\/><\/p>\n<p>\u00ab\u00a0L\u2019Odyss\u00e9e lumineuse\u00a0\u00bb au parc Floral, Paris<\/p>\n<p>    i<\/p>\n<p class=\"editor-content__paragraph\">\u00c0 deux pas du ch\u00e2teau de Vincennes, cap sur le Parc floral et son <strong>\u00ab\u00a0Odyss\u00e9e lumineuse\u00a0\u00bb<\/strong>, longue de huit kilom\u00e8tres. <strong>40\u00a0artisans chinois<\/strong> ont \u00e9t\u00e9 sollicit\u00e9s pour la fabrication des lanternes, dont les motifs mettent \u00e0 l\u2019honneur les <strong>cultures traditionnels<\/strong> de pays tels que le Mexique ou la Tha\u00eflande, des personnages de contes bien connus (Hansel et Gretel, la Petite Sir\u00e8ne), le tr\u00e8s classique p\u00e8re No\u00ebl et son tra\u00eeneau\u2026 Un joli et enthousiaste bazar, qui souhaite \u00e9galement \u00ab\u00a0sensibiliser le spectateur \u00e0 notre biodiversit\u00e9 en danger\u00a0\u00bb, comme l\u2019explique le site, en r\u00e9unissant des <strong>animaux en voie d\u2019extinction <\/strong>tels que le tigre, la tortue g\u00e9ante de Gal\u00e1pagos, le tapir de Malaisie ou le singe Mandrill.<\/p>\n<p>  Arrow<\/p>\n<p>L&rsquo;Odyss\u00e9e lumineuse<\/p>\n<p class=\"annexe-content__subtitle\">Du 30 novembre 2024 au 19 janvier 2025<\/p>\n<p>Pour en savoir plus, <a href=\"https:\/\/www.1001lumieres.fr\/\" target=\"_blank\" rel=\"noopener\">consultez le site de 1001 Lumi\u00e8res<\/a><\/p>\n<p>        \u00c0 lire aussi :<br \/>\n        <a class=\"renvoi-explicite__link\" href=\"https:\/\/www.beauxarts.com\/grand-format\/quand-les-artistes-semparent-des-vitrines-de-noel-cest-magique\/\" target=\"_blank\" rel=\"noopener\">Quand les artistes s\u2019emparent des vitrines de No\u00ebl, c\u2019est magique !<\/a><\/p>\n<p>Bonus\u00a0: le travail humaniste de Fanny Alli\u00e9 \u00e0 l\u2019\u00e9glise Saint-Eustache<\/p>\n<p>    <img loading=\"lazy\" decoding=\"async\" class=\"image__img\" src=\"https:\/\/www.europesays.com\/fr\/wp-content\/uploads\/2025\/04\/web06_glowinghomeless_day_steustache73-964x640.jpg\" alt=\"Vue de l\u2019installation \u00ab\u00a0The Glowing Homeless\u00a0\u00bb de Fanny Alli\u00e9 \u00e0 l\u2019Eglise de Saint-Eustache\" width=\"964\" height=\"640\"\/><\/p>\n<p>Vue de l\u2019installation \u00ab\u00a0The Glowing Homeless\u00a0\u00bb de Fanny Alli\u00e9 \u00e0 l\u2019Eglise de Saint-Eustache<\/p>\n<p>    i<\/p>\n<p class=\"editor-content__paragraph\">Au c\u0153ur du quartier des Halles \u00e0 Paris, l\u2019\u00e9glise Saint-Eustache h\u00e9berge actuellement le d\u00e9licat travail de la plasticienne <strong>Fanny Alli\u00e9<\/strong> (n\u00e9e en 1981). Avec <strong>une frappante sculpture lumineuse<\/strong>, dont la forme s\u2019inspire de la silhouette allong\u00e9e d\u2019une personne sans domicile, endormie sur un banc. L\u2019\u0153uvre s\u2019accompagne d\u2019une <strong>installation sonore<\/strong> compos\u00e9e \u00e0 partir de t\u00e9moignages chant\u00e9s de personnes sans-abri, que l\u2019artiste a enregistr\u00e9s lors d\u2019ateliers au sein de l\u2019association La Pointe Saint-Eustache. Un travail absolument poignant.<\/p>\n<p>  Arrow<\/p>\n<p>Fanny Alli\u00e9. The Glowing Homeless<\/p>\n<p>Du 18 d\u00e9cembre 2024 au 30 mars 2025<\/p>\n<p class=\"url-expo\"><a href=\"https:\/\/www.rubismecenat.fr\/soutien-creation\/fanny-allie-the-glowing-homeless\/\" target=\"_blank\" rel=\"noopener\">www.rubismecenat.fr<\/a><\/p>\n<p class=\"annexe-content__infos\">\u00c9glise Saint-Eustache \u2022 2, rue du Jour \u2022 75001 Paris<\/p>\n<p>        \u00c0 lire aussi :<br \/>\n        <a class=\"renvoi-explicite__link\" href=\"https:\/\/www.beauxarts.com\/expos\/12-expos-immersives-et-visites-en-vr-qui-vont-vous-transporter-en-decembre\/\" target=\"_blank\" rel=\"noopener\">12 expos immersives et visites en VR qui vont vous transporter en d\u00e9cembre<\/a><\/p>\n","protected":false},"excerpt":{"rendered":"Les parcs ne s\u2019arpentent pas qu\u2019au printemps\u00a0! La preuve avec cette s\u00e9lection de parcours lumineux, qui prennent presque&hellip;\n","protected":false},"author":2,"featured_media":41713,"comment_status":"","ping_status":"","sticky":false,"template":"","format":"standard","meta":{"footnotes":""},"categories":[1592],"tags":[1111,11,12705,12704,1777,674,1011,27,662,12703,12,12706,626,25,1669],"class_list":{"0":"post-41712","1":"post","2":"type-post","3":"status-publish","4":"format-standard","5":"has-post-thumbnail","7":"category-ile-de-france","8":"tag-actu","9":"tag-actualites","10":"tag-domaine-national-de-saint-cloud","11":"tag-eglise-saint-eustache","12":"tag-eu","13":"tag-europe","14":"tag-fr","15":"tag-france","16":"tag-ile-de-france","17":"tag-jardin-des-plantes","18":"tag-news","19":"tag-parc-floral-de-paris","20":"tag-paris","21":"tag-republique-francaise","22":"tag-sorties"},"share_on_mastodon":{"url":"https:\/\/pubeurope.com\/@fr\/114376476265569103","error":""},"_links":{"self":[{"href":"https:\/\/www.europesays.com\/fr\/wp-json\/wp\/v2\/posts\/41712","targetHints":{"allow":["GET"]}}],"collection":[{"href":"https:\/\/www.europesays.com\/fr\/wp-json\/wp\/v2\/posts"}],"about":[{"href":"https:\/\/www.europesays.com\/fr\/wp-json\/wp\/v2\/types\/post"}],"author":[{"embeddable":true,"href":"https:\/\/www.europesays.com\/fr\/wp-json\/wp\/v2\/users\/2"}],"replies":[{"embeddable":true,"href":"https:\/\/www.europesays.com\/fr\/wp-json\/wp\/v2\/comments?post=41712"}],"version-history":[{"count":0,"href":"https:\/\/www.europesays.com\/fr\/wp-json\/wp\/v2\/posts\/41712\/revisions"}],"wp:featuredmedia":[{"embeddable":true,"href":"https:\/\/www.europesays.com\/fr\/wp-json\/wp\/v2\/media\/41713"}],"wp:attachment":[{"href":"https:\/\/www.europesays.com\/fr\/wp-json\/wp\/v2\/media?parent=41712"}],"wp:term":[{"taxonomy":"category","embeddable":true,"href":"https:\/\/www.europesays.com\/fr\/wp-json\/wp\/v2\/categories?post=41712"},{"taxonomy":"post_tag","embeddable":true,"href":"https:\/\/www.europesays.com\/fr\/wp-json\/wp\/v2\/tags?post=41712"}],"curies":[{"name":"wp","href":"https:\/\/api.w.org\/{rel}","templated":true}]}}