{"id":417120,"date":"2025-09-25T18:32:10","date_gmt":"2025-09-25T18:32:10","guid":{"rendered":"https:\/\/www.europesays.com\/fr\/417120\/"},"modified":"2025-09-25T18:32:10","modified_gmt":"2025-09-25T18:32:10","slug":"un-concert-en-hommage-au-photographe-sebastiao-salgado","status":"publish","type":"post","link":"https:\/\/www.europesays.com\/fr\/417120\/","title":{"rendered":"un concert en hommage au photographe Sebasti\u00e3o Salgado"},"content":{"rendered":"<p>\u00ab\u00a0Plus que jamais, je sens que la race humaine est une. Au-del\u00e0 des diff\u00e9rences de couleurs, de langues, de cultures et de possibilit\u00e9s, les sentiments et les r\u00e9actions de chacun sont identiques.\u00a0\u00bb Sebasti\u00e3o Salgado, photographe n\u00e9 au Br\u00e9sil, progressiste engag\u00e9, montreur d\u2019humanit\u00e9 aux quatre coins du globe, repr\u00e9sentant sp\u00e9cial de l\u2019Unicef, nous a quitt\u00e9s le 23\u00a0mai 2025.<\/p>\n<p>Quelques semaines plus t\u00f4t, l\u2019Op\u00e9ra national de Bordeaux proposait une soir\u00e9e consacr\u00e9e \u00e0 ses \u0153uvres, des images en noir et blanc que soulignaient les mille couleurs de l\u2019orchestre, dans une s\u00e9quence \u00ab\u00a0Brasiliade\u00a0\u00bb m\u00e9morable. L\u2019Amazonie r\u00e9v\u00e9lait alors ses tr\u00e9sors et ses drames \u00e0 la fois dans l\u2019\u0153il d\u2019un homme g\u00e9n\u00e9reux, engag\u00e9 pour la sauvegarde de notre environnement, et dans la musique de son compatriote, Heitor Villa-Lobos.<\/p>\n<p>Espace citoyen<\/p>\n<p>Alors, quand la triste nouvelle est tomb\u00e9e, l\u2019Op\u00e9ra de Bordeaux a souhait\u00e9 rendre hommage \u00e0 Sebasti\u00e3o Salgado une nouvelle fois, en remettant \u00e0 l\u2019honneur son travail, qui r\u00e9sonne avec l\u2019engagement de son directeur, Emmanuel Hondr\u00e9, de faire de l\u2019institution un espace citoyen au service du plus grand nombre. Cette volont\u00e9 d\u2019ouverture et de g\u00e9n\u00e9rosit\u00e9 affich\u00e9e \u00e0 de nombreuses reprises dans les colonnes de \u00ab\u00a0Sud Ouest\u00a0\u00bb trouve un \u00e9cho dans le travail de Sebasti\u00e3o Salgado. L\u2019engagement \u00e9cologique aussi.<\/p>\n<blockquote><p>Pour l\u2019accompagner dans ce travail quasi pictural, l\u2019Orchestre national Bordeaux Aquitaine fait appel \u00e0 une figure c\u00e9l\u00e8bre du monde classique\u00a0: le chef Jean-Claude Casadesus<\/p><\/blockquote>\n<p>En 2018, aux Rencontres de la photographie d\u2019Arles, le photographe pr\u00e9sentait son exposition \u00ab\u00a0Aqua Mater\u00a0\u00bb, consacr\u00e9e \u00e0 l\u2019eau, \u00e9l\u00e9ment fondamental de l\u2019\u00e9quilibre et de la vie sur Terre. Reprise de nombreuses fois, notamment en 2022 sur le parvis de la D\u00e9fense \u00e0 Paris, cette s\u00e9rie d\u2019images issues des voyages de Salgado va trouver une r\u00e9sonance nouvelle dans les soir\u00e9es hommage des 30 et 31\u00a0octobre, \u00e0 l\u2019auditorium de Bordeaux.<\/p>\n<p>Debussy et Beethoven <\/p>\n<p>Selon le m\u00eame proc\u00e9d\u00e9 que le concert \u00ab\u00a0Amazonia\u00a0\u00bb, les images seront projet\u00e9es sur un \u00e9cran derri\u00e8re la sc\u00e8ne, pendant que l\u2019Orchestre national Bordeaux Aquitaine jouera une \u0153uvre de circonstance\u00a0: \u00ab\u00a0La Mer\u00a0\u00bb, de Claude Debussy. Avec ses flux et ses reflux, ses ondoiements et ses couleurs, la musique de Debussy est une \u00e9vocation, elle aussi tr\u00e8s imag\u00e9e, de l\u2019eau. Une partition d\u2019une grande fluidit\u00e9 qui s\u2019ex\u00e9cute en un souffle, dans une sorte d\u2019impressionnisme sonore dont seule la musique fran\u00e7aise a le secret. <\/p>\n<p>De la m\u00eame mani\u00e8re que le noir et blanc de Salgado souligne les contrastes et fait exister la lumi\u00e8re, Debussy transforme le concret en une image po\u00e9tique \u00e0 la fragilit\u00e9 assum\u00e9e. Preuve, une fois de plus, que la musique classique a encore tellement de choses \u00e0 dire dans notre monde moderne.<\/p>\n<p>Pour l\u2019accompagner dans ce travail quasi pictural, l\u2019Orchestre national Bordeaux Aquitaine fait appel \u00e0 une figure c\u00e9l\u00e8bre du monde classique\u00a0: Jean-Claude Casadesus. Au pupitre, le chef fran\u00e7ais aura \u00e9galement \u00e0 diriger la \u00ab\u00a0Symphonie n\u00b07\u00a0\u00bb de Beethoven et son immense crescendo au deuxi\u00e8me mouvement. Un th\u00e8me poignant qui se murmure dans la p\u00e9nombre d\u2019abord, avant de trouver sa place au soleil, dans une douce lumi\u00e8re. Franchement, pouvait-on trouver mieux pour rendre hommage \u00e0 la vie de Sebasti\u00e3o Salgado\u00a0?<\/p>\n","protected":false},"excerpt":{"rendered":"\u00ab\u00a0Plus que jamais, je sens que la race humaine est une. Au-del\u00e0 des diff\u00e9rences de couleurs, de langues,&hellip;\n","protected":false},"author":2,"featured_media":417121,"comment_status":"","ping_status":"","sticky":false,"template":"","format":"standard","meta":{"footnotes":""},"categories":[2817],"tags":[1111,11,1997,1777,674,1011,27,12,2219,25],"class_list":{"0":"post-417120","1":"post","2":"type-post","3":"status-publish","4":"format-standard","5":"has-post-thumbnail","7":"category-bordeaux","8":"tag-actu","9":"tag-actualites","10":"tag-bordeaux","11":"tag-eu","12":"tag-europe","13":"tag-fr","14":"tag-france","15":"tag-news","16":"tag-nouvelle-aquitaine","17":"tag-republique-francaise"},"share_on_mastodon":{"url":"https:\/\/pubeurope.com\/@fr\/115266371191575856","error":""},"_links":{"self":[{"href":"https:\/\/www.europesays.com\/fr\/wp-json\/wp\/v2\/posts\/417120","targetHints":{"allow":["GET"]}}],"collection":[{"href":"https:\/\/www.europesays.com\/fr\/wp-json\/wp\/v2\/posts"}],"about":[{"href":"https:\/\/www.europesays.com\/fr\/wp-json\/wp\/v2\/types\/post"}],"author":[{"embeddable":true,"href":"https:\/\/www.europesays.com\/fr\/wp-json\/wp\/v2\/users\/2"}],"replies":[{"embeddable":true,"href":"https:\/\/www.europesays.com\/fr\/wp-json\/wp\/v2\/comments?post=417120"}],"version-history":[{"count":0,"href":"https:\/\/www.europesays.com\/fr\/wp-json\/wp\/v2\/posts\/417120\/revisions"}],"wp:featuredmedia":[{"embeddable":true,"href":"https:\/\/www.europesays.com\/fr\/wp-json\/wp\/v2\/media\/417121"}],"wp:attachment":[{"href":"https:\/\/www.europesays.com\/fr\/wp-json\/wp\/v2\/media?parent=417120"}],"wp:term":[{"taxonomy":"category","embeddable":true,"href":"https:\/\/www.europesays.com\/fr\/wp-json\/wp\/v2\/categories?post=417120"},{"taxonomy":"post_tag","embeddable":true,"href":"https:\/\/www.europesays.com\/fr\/wp-json\/wp\/v2\/tags?post=417120"}],"curies":[{"name":"wp","href":"https:\/\/api.w.org\/{rel}","templated":true}]}}