{"id":417129,"date":"2025-09-25T18:37:11","date_gmt":"2025-09-25T18:37:11","guid":{"rendered":"https:\/\/www.europesays.com\/fr\/417129\/"},"modified":"2025-09-25T18:37:11","modified_gmt":"2025-09-25T18:37:11","slug":"la-droite-verrouille-euromed-avec-laide-de-letat","status":"publish","type":"post","link":"https:\/\/www.europesays.com\/fr\/417129\/","title":{"rendered":"la droite verrouille Euromed avec l\u2019aide de l\u2019\u00c9tat"},"content":{"rendered":"<p>La pr\u00e9sidence tournante ne tourne plus. Si elle n\u2019est pas impos\u00e9e par des textes de loi, l\u2019alternance des collectivit\u00e9s territoriales \u00e0 la t\u00eate d\u2019Eurom\u00e9diterran\u00e9e \u00e9tait d\u2019usage depuis la cr\u00e9ation en 1995 de l\u2019Etablissement public d\u2019am\u00e9nagement (EPA) en charge de la r\u00e9novation de la fa\u00e7ade littorale nord de Marseille. Et apr\u00e8s dix ann\u00e9es de mandat de Laure-Agn\u00e8s Caradec (LR), c\u2019\u00e9tait donc au tour de la Ville de pr\u00e9sider \u00e0 sa destin\u00e9e.<\/p>\n<p>Il s\u2019av\u00e8re que, ce jeudi 25\u00a0septembre, c\u2019est <a href=\"https:\/\/www.laprovence.com\/article\/region\/1089611914119\/tous-les-ports-polluent-mais-ils-sont-aussi-vecteurs-d-emploi-isabelle-campagnola-savon-region-paca\" target=\"_blank\" rel=\"noopener\">Isabelle Campagnola-Savon<\/a>, qui a \u00e9t\u00e9 \u00e9lue pour un mandat de quatre ans qui d\u00e9butera le 22\u00a0octobre prochain. \u00ab\u00a0Je suis ravie et je remercie les personnes qui ont permis que j\u2019acc\u00e8de \u00e0 ce poste, se r\u00e9jouissait la pr\u00e9sidente de la commission entreprises, artisanat et commerce \u00e0 la R\u00e9gion Paca. Laure-Agn\u00e8s Caradec a pr\u00e9sid\u00e9 avec succ\u00e8s et je veux marcher dans ses pas, comme dans ceux de mes pr\u00e9d\u00e9cesseurs dont Renaud Muselier\u00a0\u00bb. Lequel a imm\u00e9diatement f\u00e9licit\u00e9 sa prot\u00e9g\u00e9e dans un communiqu\u00e9, pas peu fier <a href=\"https:\/\/www.laprovence.com\/article\/region\/46371791415421\/marseille-confidentiels-euromed-l-autre-bataille-politique\" target=\"_blank\" rel=\"noopener\">de son coup politique<\/a>. De sources proches du dossier, le pr\u00e9sident (Ren) de R\u00e9gion et Martine Vassal, pr\u00e9sidente (DVD) de la M\u00e9tropole et D\u00e9partement ont menac\u00e9 l\u2019Etat de retirer leurs financements si un membre de l&#8230;<\/p>\n","protected":false},"excerpt":{"rendered":"La pr\u00e9sidence tournante ne tourne plus. Si elle n\u2019est pas impos\u00e9e par des textes de loi, l\u2019alternance des&hellip;\n","protected":false},"author":2,"featured_media":417130,"comment_status":"","ping_status":"","sticky":false,"template":"","format":"standard","meta":{"footnotes":""},"categories":[2814],"tags":[17,1111,11,3396,6592,1777,27669,674,1011,27,32776,8880,884,12,882,25,104,54688],"class_list":{"0":"post-417129","1":"post","2":"type-post","3":"status-publish","4":"format-standard","5":"has-post-thumbnail","7":"category-marseille","8":"tag-17","9":"tag-actu","10":"tag-actualites","11":"tag-avec","12":"tag-droite","13":"tag-eu","14":"tag-euromed","15":"tag-europe","16":"tag-fr","17":"tag-france","18":"tag-laide","19":"tag-letat","20":"tag-marseille","21":"tag-news","22":"tag-provence-alpes-cote-dazur","23":"tag-republique-francaise","24":"tag-societe","25":"tag-verrouille"},"share_on_mastodon":{"url":"https:\/\/pubeurope.com\/@fr\/115266391185296281","error":""},"_links":{"self":[{"href":"https:\/\/www.europesays.com\/fr\/wp-json\/wp\/v2\/posts\/417129","targetHints":{"allow":["GET"]}}],"collection":[{"href":"https:\/\/www.europesays.com\/fr\/wp-json\/wp\/v2\/posts"}],"about":[{"href":"https:\/\/www.europesays.com\/fr\/wp-json\/wp\/v2\/types\/post"}],"author":[{"embeddable":true,"href":"https:\/\/www.europesays.com\/fr\/wp-json\/wp\/v2\/users\/2"}],"replies":[{"embeddable":true,"href":"https:\/\/www.europesays.com\/fr\/wp-json\/wp\/v2\/comments?post=417129"}],"version-history":[{"count":0,"href":"https:\/\/www.europesays.com\/fr\/wp-json\/wp\/v2\/posts\/417129\/revisions"}],"wp:featuredmedia":[{"embeddable":true,"href":"https:\/\/www.europesays.com\/fr\/wp-json\/wp\/v2\/media\/417130"}],"wp:attachment":[{"href":"https:\/\/www.europesays.com\/fr\/wp-json\/wp\/v2\/media?parent=417129"}],"wp:term":[{"taxonomy":"category","embeddable":true,"href":"https:\/\/www.europesays.com\/fr\/wp-json\/wp\/v2\/categories?post=417129"},{"taxonomy":"post_tag","embeddable":true,"href":"https:\/\/www.europesays.com\/fr\/wp-json\/wp\/v2\/tags?post=417129"}],"curies":[{"name":"wp","href":"https:\/\/api.w.org\/{rel}","templated":true}]}}