{"id":417131,"date":"2025-09-25T18:38:27","date_gmt":"2025-09-25T18:38:27","guid":{"rendered":"https:\/\/www.europesays.com\/fr\/417131\/"},"modified":"2025-09-25T18:38:27","modified_gmt":"2025-09-25T18:38:27","slug":"le-nouveau-president-veut-faire-preuve-de-transparence","status":"publish","type":"post","link":"https:\/\/www.europesays.com\/fr\/417131\/","title":{"rendered":"le nouveau pr\u00e9sident veut faire preuve de \u00ab\u00a0transparence\u00a0\u00bb"},"content":{"rendered":"<p>Est-ce d\u00fb au <a href=\"https:\/\/www.laprovence.com\/article\/region\/8155328446512314\/pierre-moscovici-vient-en-personne-a-marseille-debrancher-la-presidente-de-la-chambre-regionale-des-comptes\" target=\"_blank\" rel=\"noopener\">d\u00e9part pr\u00e9cipit\u00e9 de la pr\u00e9c\u00e9dente pr\u00e9sidente, Nathalie Gervais<\/a>, fin juin\u00a0? Aux conditions de ce d\u00e9part, qui ont ouvert la voie aux soup\u00e7ons de d\u00e9cision politique\u00a0? Ou \u00e0 la simple pr\u00e9sence du premier pr\u00e9sident de la Cour des comptes, <a href=\"https:\/\/www.laprovence.com\/article\/economie\/1036031480897514\/impots-on-ne-peut-pas-fermer-le-debat-fiscal-estime-pierre-moscovici-president-de-la-cour-des-comptes\" target=\"_blank\" rel=\"noopener\">Pierre Moscovici<\/a>\u00a0? Rarement, en tout cas, l\u2019installation du nouveau pr\u00e9sident de la Chambre r\u00e9gionale des comptes (CRC) Paca n\u2019aura connu une telle audience. Ce jeudi 26\u00a0septembre, la c\u00e9r\u00e9monie de <a href=\"https:\/\/www.laprovence.com\/article\/politique\/7427871777353214\/marseille-confidentiels-xavier-lefort-nouveau-president-de-la-chambre-regionale-des-comptes-paca\" target=\"_blank\" rel=\"noopener\">prise de fonction de Xavier Lefort<\/a> s\u2019est en effet d\u00e9roul\u00e9e en pr\u00e9sence de pr\u00e9fet, Georges-Fran\u00e7ois Leclerc, du pr\u00e9sident de R\u00e9gion (Ren.) Renaud Muselier, de pr\u00e9sidente (DVD) de la M\u00e9tropole et du D\u00e9partement, Martine Vassal et des maires de Nice, Christian Estrosi (Ren.), et de Marseille (DVG), Beno\u00eet Payan.<\/p>\n<p>\u00ab\u00a0La crise de gouvernance est d\u00e9sormais loin\u00a0\u00bb<\/p>\n<p>Une nomination attendue donc et le besoin pour Pierre Moscovici de pr\u00e9ciser, \u00e0 nouveau, que \u00ab\u00a0la crise de gouvernance est d\u00e9sormais loin derri\u00e8re nous\u00a0\u00bb. \u00ab\u00a0La pr\u00e9c\u00e9dente pr\u00e9sidente n\u2019a \u00e9t\u00e9 ni d\u00e9branch\u00e9e, ni destitu\u00e9e, a r\u00e9affirm\u00e9 le premier pr\u00e9sident de la Cour des comptes, pour sa cinqui\u00e8me visite \u00e0 Marseille. La Chambre r\u00e9gionale a fait face \u00e0 une p\u00e9riode de flottement, uniquement due \u00e0 des probl\u00e8mes &#8230;<\/p>\n","protected":false},"excerpt":{"rendered":"Est-ce d\u00fb au d\u00e9part pr\u00e9cipit\u00e9 de la pr\u00e9c\u00e9dente pr\u00e9sidente, Nathalie Gervais, fin juin\u00a0? Aux conditions de ce d\u00e9part,&hellip;\n","protected":false},"author":2,"featured_media":417132,"comment_status":"","ping_status":"","sticky":false,"template":"","format":"standard","meta":{"footnotes":""},"categories":[2814],"tags":[17,1111,11,15760,30749,154,33,1777,674,1011,27,884,12,4565,4919,882,17878,25],"class_list":{"0":"post-417131","1":"post","2":"type-post","3":"status-publish","4":"format-standard","5":"has-post-thumbnail","7":"category-marseille","8":"tag-17","9":"tag-actu","10":"tag-actualites","11":"tag-chambre","12":"tag-comptes","13":"tag-des","14":"tag-economie","15":"tag-eu","16":"tag-europe","17":"tag-fr","18":"tag-france","19":"tag-marseille","20":"tag-news","21":"tag-nouveau","22":"tag-president","23":"tag-provence-alpes-cote-dazur","24":"tag-regionale","25":"tag-republique-francaise"},"share_on_mastodon":{"url":"https:\/\/pubeurope.com\/@fr\/115266394824147561","error":""},"_links":{"self":[{"href":"https:\/\/www.europesays.com\/fr\/wp-json\/wp\/v2\/posts\/417131","targetHints":{"allow":["GET"]}}],"collection":[{"href":"https:\/\/www.europesays.com\/fr\/wp-json\/wp\/v2\/posts"}],"about":[{"href":"https:\/\/www.europesays.com\/fr\/wp-json\/wp\/v2\/types\/post"}],"author":[{"embeddable":true,"href":"https:\/\/www.europesays.com\/fr\/wp-json\/wp\/v2\/users\/2"}],"replies":[{"embeddable":true,"href":"https:\/\/www.europesays.com\/fr\/wp-json\/wp\/v2\/comments?post=417131"}],"version-history":[{"count":0,"href":"https:\/\/www.europesays.com\/fr\/wp-json\/wp\/v2\/posts\/417131\/revisions"}],"wp:featuredmedia":[{"embeddable":true,"href":"https:\/\/www.europesays.com\/fr\/wp-json\/wp\/v2\/media\/417132"}],"wp:attachment":[{"href":"https:\/\/www.europesays.com\/fr\/wp-json\/wp\/v2\/media?parent=417131"}],"wp:term":[{"taxonomy":"category","embeddable":true,"href":"https:\/\/www.europesays.com\/fr\/wp-json\/wp\/v2\/categories?post=417131"},{"taxonomy":"post_tag","embeddable":true,"href":"https:\/\/www.europesays.com\/fr\/wp-json\/wp\/v2\/tags?post=417131"}],"curies":[{"name":"wp","href":"https:\/\/api.w.org\/{rel}","templated":true}]}}