{"id":417135,"date":"2025-09-25T18:40:16","date_gmt":"2025-09-25T18:40:16","guid":{"rendered":"https:\/\/www.europesays.com\/fr\/417135\/"},"modified":"2025-09-25T18:40:16","modified_gmt":"2025-09-25T18:40:16","slug":"la-ville-de-lyon-retire-le-drapeau-palestinien-pour-se-conformer-a-une-decision-de-justice-liberation","status":"publish","type":"post","link":"https:\/\/www.europesays.com\/fr\/417135\/","title":{"rendered":"La ville de Lyon retire le drapeau palestinien pour se conformer \u00e0 une d\u00e9cision de justice \u2013 Lib\u00e9ration"},"content":{"rendered":"<p class=\"sc-cPiKLX AiZTS text-element\">Dans la bataille des drapeaux, Lyon a fini par c\u00e9der. La mairie \u00e9cologiste a annonc\u00e9 se \u00abconformer\u00bb \u00e0 une d\u00e9cision de justice lui ordonnant ce jeudi 25 septembre de <a href=\"https:\/\/www.liberation.fr\/politique\/drapeaux-palestiniens-sur-les-mairies-certaines-communes-cedent-dautres-resistent-a-la-methode-cavaliere-de-retailleau-20250920_YGKF64OMEBEJ7OWALKVJSBWIYA\/\" target=\"_blank\" rel=\"noopener\" title=\"https:\/\/www.liberation.fr\/politique\/drapeaux-palestiniens-sur-les-mairies-certaines-communes-cedent-dautres-resistent-a-la-methode-cavaliere-de-retailleau-20250920_YGKF64OMEBEJ7OWALKVJSBWIYA\/\">retirer les couleurs palestiniennes du fronton de son h\u00f4tel de ville<\/a>. Elles les avaient hiss\u00e9es, comme une cinquantaine d\u2019<a href=\"https:\/\/www.liberation.fr\/politique\/reconnaissance-de-la-palestine-les-drapeaux-sur-les-mairies-divisent-la-classe-politique-francaise-20250921_GG4QUJNCVRGUPD6YSV54RKFKOY\/\" target=\"_blank\" rel=\"noopener\" title=\"https:\/\/www.liberation.fr\/politique\/reconnaissance-de-la-palestine-les-drapeaux-sur-les-mairies-divisent-la-classe-politique-francaise-20250921_GG4QUJNCVRGUPD6YSV54RKFKOY\/\">autres mairies de gauche<\/a>, pour accompagner la d\u00e9cision de la France de <a href=\"https:\/\/www.liberation.fr\/international\/amerique\/le-temps-est-venu-a-lonu-macron-reconnait-letat-de-palestine-20250922_N57HMJWQJ5ESDEOG5OGGWSLEV4\/\" target=\"_blank\" rel=\"noopener\" title=\"https:\/\/www.liberation.fr\/international\/amerique\/le-temps-est-venu-a-lonu-macron-reconnait-letat-de-palestine-20250922_N57HMJWQJ5ESDEOG5OGGWSLEV4\/\">reconna\u00eetre l\u2019Etat de Palestine<\/a> \u00e0 l\u2019ouverture de l\u2019Assembl\u00e9e g\u00e9n\u00e9rale de l\u2019ONU \u00e0 New York. <\/p>\n<p class=\"sc-cPiKLX AiZTS text-element\">Mais le tribunal administratif, saisi en r\u00e9f\u00e9r\u00e9 par la pr\u00e9f\u00e8te du Rh\u00f4ne, a estim\u00e9 dans son ordonnance que le pavoisement du drapeau palestinien porte \u00abune atteinte grave \u00e0 la neutralit\u00e9 des services publics\u00bb. Il a somm\u00e9 la mairie de le retirer \u00absans d\u00e9lai\u00bb, de m\u00eame que ceux accroch\u00e9s \u00e0 des \u00abmairies annexes\u00bb. <\/p>\n<p class=\"sc-cPiKLX AiZTS text-element\">\u00abLa Ville de Lyon prend acte\u00bb de la d\u00e9cision du tribunal et \u00abs\u2019y conforme\u00bb, a indiqu\u00e9 dans un communiqu\u00e9 la municipalit\u00e9 \u00e9cologiste, et ce trois jours apr\u00e8s qu\u2019Emmanuel Macron a reconnu l\u2019existence de l\u2019Etat palestinien \u00e0 l\u2019ONU. Elle \u00abse r\u00e9serve n\u00e9anmoins le droit de faire appel de cette d\u00e9cision\u00bb. Les drapeaux palestiniens avaient d\u00e9j\u00e0 \u00e9t\u00e9 enlev\u00e9s ce jeudi, \u00abdans le cadre de la Journ\u00e9e nationale d\u2019hommage aux harkis\u00bb. Ils ne \u00abseront donc pas remis\u00bb. <\/p>\n<p class=\"sc-cPiKLX AiZTS text-element\">La querelle autour des drapeaux hiss\u00e9s par les mairies de France a commenc\u00e9 d\u00e8s la fin de semaine derni\u00e8re. Vendredi, le minist\u00e8re de l\u2019Int\u00e9rieur avait demand\u00e9 aux pr\u00e9fets de s\u2019opposer \u00e0 la pose de drapeaux palestiniens sur des mairies et autres \u00e9difices publics, et de saisir la justice administrative contre les maires r\u00e9calcitrants. Il en appelait au principe de neutralit\u00e9 du service public, de non-ing\u00e9rence dans la politique internationale de la France et du risque de \u00abtroubles graves\u00bb \u00e0 l\u2019ordre public. <\/p>\n<p class=\"sc-cPiKLX AiZTS text-element\">\u00abOn nage en plein d\u00e9lire\u00bb, avait fustig\u00e9 aupr\u00e8s de Lib\u00e9ration Jacqueline Belhomme, maire (PCF) de Malakoff. La ville communiste s\u2019est vue infliger lundi une astreinte journali\u00e8re de 150 euros jusqu\u2019au retrait du drapeau de son fronton. <\/p>\n","protected":false},"excerpt":{"rendered":"Dans la bataille des drapeaux, Lyon a fini par c\u00e9der. La mairie \u00e9cologiste a annonc\u00e9 se \u00abconformer\u00bb \u00e0&hellip;\n","protected":false},"author":2,"featured_media":417136,"comment_status":"","ping_status":"","sticky":false,"template":"","format":"standard","meta":{"footnotes":""},"categories":[1889],"tags":[1111,11,2430,1013,1777,674,1011,27,2428,12,3518,25],"class_list":{"0":"post-417135","1":"post","2":"type-post","3":"status-publish","4":"format-standard","5":"has-post-thumbnail","7":"category-lyon","8":"tag-actu","9":"tag-actualites","10":"tag-auvergne-rhone-alpes","11":"tag-bruno-retailleau","12":"tag-eu","13":"tag-europe","14":"tag-fr","15":"tag-france","16":"tag-lyon","17":"tag-news","18":"tag-palestine","19":"tag-republique-francaise"},"share_on_mastodon":{"url":"https:\/\/pubeurope.com\/@fr\/115266402734509436","error":""},"_links":{"self":[{"href":"https:\/\/www.europesays.com\/fr\/wp-json\/wp\/v2\/posts\/417135","targetHints":{"allow":["GET"]}}],"collection":[{"href":"https:\/\/www.europesays.com\/fr\/wp-json\/wp\/v2\/posts"}],"about":[{"href":"https:\/\/www.europesays.com\/fr\/wp-json\/wp\/v2\/types\/post"}],"author":[{"embeddable":true,"href":"https:\/\/www.europesays.com\/fr\/wp-json\/wp\/v2\/users\/2"}],"replies":[{"embeddable":true,"href":"https:\/\/www.europesays.com\/fr\/wp-json\/wp\/v2\/comments?post=417135"}],"version-history":[{"count":0,"href":"https:\/\/www.europesays.com\/fr\/wp-json\/wp\/v2\/posts\/417135\/revisions"}],"wp:featuredmedia":[{"embeddable":true,"href":"https:\/\/www.europesays.com\/fr\/wp-json\/wp\/v2\/media\/417136"}],"wp:attachment":[{"href":"https:\/\/www.europesays.com\/fr\/wp-json\/wp\/v2\/media?parent=417135"}],"wp:term":[{"taxonomy":"category","embeddable":true,"href":"https:\/\/www.europesays.com\/fr\/wp-json\/wp\/v2\/categories?post=417135"},{"taxonomy":"post_tag","embeddable":true,"href":"https:\/\/www.europesays.com\/fr\/wp-json\/wp\/v2\/tags?post=417135"}],"curies":[{"name":"wp","href":"https:\/\/api.w.org\/{rel}","templated":true}]}}