{"id":417143,"date":"2025-09-25T18:44:19","date_gmt":"2025-09-25T18:44:19","guid":{"rendered":"https:\/\/www.europesays.com\/fr\/417143\/"},"modified":"2025-09-25T18:44:19","modified_gmt":"2025-09-25T18:44:19","slug":"les-spectacles-et-pieces-de-theatre-a-ne-pas-manquer-ce-week-end-du-26-au-28-septembre-2025","status":"publish","type":"post","link":"https:\/\/www.europesays.com\/fr\/417143\/","title":{"rendered":"Les spectacles et pi\u00e8ces de th\u00e9\u00e2tre \u00e0 ne pas manquer ce week-end du 26 au 28 septembre 2025"},"content":{"rendered":"<p class=\"mb-4 text-lg md:leading-8 break-words\"><strong>Id\u00e9es de sorties &#8211; Vous cherchez des id\u00e9es pour sortir ce week-end \u00e0 Paris\u00a0? Que vous soyez fan de th\u00e9\u00e2tre, de danse ou de stand-up, notre s\u00e9lection des meilleurs spectacles du 26 au 28\u00a0septembre 2025 est faite pour vous. D\u00e9couvrez nos coups de c\u0153ur \u00e0 ne pas rater.<\/strong><\/p>\n<p class=\"mb-4 text-lg md:leading-8 break-words\">Envie de sortir sans exploser votre budget\u00a0? Ce week-end, Paris offre une pluie de spectacles pour tous les go\u00fbts\u00a0: th\u00e9\u00e2tre, danse, stand-up, shows immersifs\u2026 et avec <a href=\"https:\/\/www.ticketnunc.com\/?utm_source=article&amp;utm_medium=20_minutes&amp;utm_campaign=article_20minutes&amp;at_medium=RSS%20feed&amp;at_campaign=ynews&amp;utm_source=yahoo&amp;utm_medium=rss&amp;utm_campaign=news_feed&amp;utm_content=in_article_link\" rel=\"nofollow noopener\" target=\"_blank\" data-ylk=\"slk:TicketNunc;elm:context_link;itc:0;sec:content-canvas\" class=\"link \">TicketNunc<\/a>, vous pouvez profiter d\u2019offres de derni\u00e8re minute, disponibles entre 24 et 72 heures avant la repr\u00e9sentation.<\/p>\n<p class=\"mb-4 text-lg md:leading-8 break-words\">Que vous cherchiez, un One man show marquant, une com\u00e9die qui fait rire ou un spectacle de danse \u00e0 couper le souffle, notre s\u00e9lection vous garantit un week-end culturel riche et vari\u00e9, sans vous ruiner. Mais attention\u00a0: les places partent vite, alors ne tardez pas\u00a0!<\/p>\n<p>L\u2019\u00e9v\u00e9nement<img alt=\"[object Object]\" loading=\"lazy\" width=\"500\" height=\"750\" decoding=\"async\" data-nimg=\"1\" class=\"rounded-lg\" style=\"color:transparent\" src=\"https:\/\/www.europesays.com\/fr\/wp-content\/uploads\/2025\/09\/cdb1d2bfe6bc5c5f15a22ad477a1d3e7.jpeg\"\/><\/p>\n<p>[object Object]<\/p>\n<p class=\"mb-4 text-lg md:leading-8 break-words\">\u00c0 travers son propre v\u00e9cu, <a href=\"https:\/\/www.20minutes.fr\/arts-stars\/culture\/annie-ernaux\/?at_medium=RSS%20feed&amp;at_campaign=ynews&amp;utm_source=yahoo&amp;utm_medium=rss&amp;utm_campaign=news_feed&amp;utm_content=in_article_link\" rel=\"nofollow noopener\" target=\"_blank\" data-ylk=\"slk:Annie Ernaux;elm:context_link;itc:0;sec:content-canvas\" class=\"link \">Annie Ernaux<\/a> raconte le parcours d\u2019une jeune femme contrainte de cacher sa grossesse, dans une \u00e9poque o\u00f9 l\u2019avortement \u00e9tait interdit. Cinquante ans apr\u00e8s la <a href=\"https:\/\/www.20minutes.fr\/dossier\/loi?at_medium=RSS%20feed&amp;at_campaign=ynews&amp;utm_source=yahoo&amp;utm_medium=rss&amp;utm_campaign=news_feed&amp;utm_content=in_article_link\" rel=\"nofollow noopener\" target=\"_blank\" data-ylk=\"slk:loi;elm:context_link;itc:0;sec:content-canvas\" class=\"link \">loi<\/a> Veil, alors que le droit \u00e0 l\u2019<a href=\"https:\/\/www.20minutes.fr\/dossier\/ivg?at_medium=RSS%20feed&amp;at_campaign=ynews&amp;utm_source=yahoo&amp;utm_medium=rss&amp;utm_campaign=news_feed&amp;utm_content=in_article_link\" rel=\"nofollow noopener\" target=\"_blank\" data-ylk=\"slk:IVG;elm:context_link;itc:0;sec:content-canvas\" class=\"link \">IVG<\/a> est d\u00e9sormais inscrit dans la <a href=\"https:\/\/www.20minutes.fr\/dossier\/constitution?at_medium=RSS%20feed&amp;at_campaign=ynews&amp;utm_source=yahoo&amp;utm_medium=rss&amp;utm_campaign=news_feed&amp;utm_content=in_article_link\" rel=\"nofollow noopener\" target=\"_blank\" data-ylk=\"slk:Constitution;elm:context_link;itc:0;sec:content-canvas\" class=\"link \">Constitution<\/a>, Marianne Basler redonne vie \u00e0 ce texte fort dans un seule-en-sc\u00e8ne salu\u00e9 par la critique au Th\u00e9\u00e2tre de l\u2019Atelier.<\/p>\n<ul class=\"mb-4\">\n<li class=\"ml-4 list-disc\">\n<p class=\"mb-4 text-lg md:leading-8 break-words\">Lieu\u00a0: Th\u00e9\u00e2tre de l\u2019Atelier, 1 Pl. Charles Dullin, 75018 Paris<\/p>\n<\/li>\n<\/ul>\n<p><a href=\"https:\/\/www.ticketnunc.com\/spectacles\/levenement?utm_source=20_minutes&amp;utm_medium=articles&amp;utm_campaign=article_20_minutes\" rel=\"nofollow noopener\" target=\"_blank\" data-ylk=\"slk:Je prends ma place;elm:context_link;itc:0;sec:content-canvas\" class=\"link \">Je prends ma place<\/a>Madame Sarfati Comedy Club<img alt=\"[object Object]\" loading=\"lazy\" width=\"500\" height=\"889\" decoding=\"async\" data-nimg=\"1\" class=\"rounded-lg\" style=\"color:transparent\" src=\"https:\/\/www.europesays.com\/fr\/wp-content\/uploads\/2025\/09\/faa7e7828281977ac1f1e6efb0d18c75.jpeg\"\/><\/p>\n<p>[object Object]<\/p>\n<p class=\"mb-4 text-lg md:leading-8 break-words\">Ici, on ne fait pas que rire\u00a0: on boit un verre, on grignote et on d\u00e9couvre quatre humoristes lors d\u2019une session d\u2019une heure, pr\u00e9sent\u00e9e par un MC. Pens\u00e9 comme une \u0153uvre d\u2019art par Fary et l\u2019artiste <a href=\"https:\/\/www.20minutes.fr\/dossier\/jr?at_medium=RSS%20feed&amp;at_campaign=ynews&amp;utm_source=yahoo&amp;utm_medium=rss&amp;utm_campaign=news_feed&amp;utm_content=in_article_link\" rel=\"nofollow noopener\" target=\"_blank\" data-ylk=\"slk:JR;elm:context_link;itc:0;sec:content-canvas\" class=\"link \">JR<\/a>, Madame Sarfati propose une programmation qui m\u00eale talents confirm\u00e9s et nouvelle g\u00e9n\u00e9ration du stand-up fran\u00e7ais.<\/p>\n<ul class=\"mb-4\">\n<li class=\"ml-4 list-disc\">\n<p class=\"mb-4 text-lg md:leading-8 break-words\">Lieu\u00a0: Madame Sarfati, 49, rue Berger, 75001 Paris<\/p>\n<\/li>\n<\/ul>\n<p><a href=\"https:\/\/www.ticketnunc.com\/spectacles\/madame-sarfati-comedy-club?utm_source=20_minutes&amp;utm_medium=articles&amp;utm_campaign=article_20_minutes\" rel=\"nofollow noopener\" target=\"_blank\" data-ylk=\"slk:Je prends ma place;elm:context_link;itc:0;sec:content-canvas\" class=\"link \">Je prends ma place<\/a>Marius De Marcel Pagnol<img alt=\"[object Object]\" loading=\"lazy\" width=\"500\" height=\"705\" decoding=\"async\" data-nimg=\"1\" class=\"rounded-lg\" style=\"color:transparent\" src=\"https:\/\/www.europesays.com\/fr\/wp-content\/uploads\/2025\/09\/9ec5d557005dc95af6b52fe0b834787f.jpeg\"\/><\/p>\n<p>[object Object]<\/p>\n<p class=\"mb-4 text-lg md:leading-8 break-words\">\u00c0 Marseille, Marius aide son p\u00e8re C\u00e9sar au bar du port, mais r(&#8230;)<\/p>\n<p class=\"mb-4 text-lg md:leading-8 break-words\"><a href=\"https:\/\/www.20minutes.fr\/arts-stars\/loisirs\/4175067-20250925-paris-spectacles-pieces-theatre-manquer-week-end-26-28-septembre-2025?at_medium=RSS%20feed&amp;at_campaign=ynews&amp;utm_source=yahoo&amp;utm_medium=rss&amp;utm_campaign=news_feed&amp;utm_content=read_more_link&quot;\" rel=\"nofollow noopener\" target=\"_blank\" data-ylk=\"slk:Lire la suite sur 20minutes;elm:context_link;itc:0;sec:content-canvas\" class=\"link \">Lire la suite sur 20minutes<\/a><\/p>\n<p>\u00c0 lire aussi :<br \/><a href=\"https:\/\/www.20minutes.fr\/arts-stars\/television\/audiences_tv\/4174669-20250923-nouveau-jour-m6-arrete-feuilleton-quotidien-faute-audience?at_medium=RSS%20feed&amp;at_campaign=ynews&amp;utm_source=yahoo&amp;utm_medium=rss&amp;utm_campaign=news_feed&amp;utm_content=related_content_link\" rel=\"nofollow noopener\" target=\"_blank\" data-ylk=\"slk:\u00ab\u00a0Nouveau jour\u00a0\u00bb\u00a0: M6 arr\u00eate son feuilleton quotidien, faute d\u2019audience;elm:context_link;itc:0;sec:content-canvas\" class=\"link \">\u00ab\u00a0Nouveau jour\u00a0\u00bb\u00a0: M6 arr\u00eate son feuilleton quotidien, faute d\u2019audience<\/a><br \/><a href=\"https:\/\/www.20minutes.fr\/arts-stars\/television\/4174587-20250922-nrj-music-awards-2025-lady-gaga-aya-nakamura-indochine-decouvrez-casting-nommes?at_medium=RSS%20feed&amp;at_campaign=ynews&amp;utm_source=yahoo&amp;utm_medium=rss&amp;utm_campaign=news_feed&amp;utm_content=related_content_link\" rel=\"nofollow noopener\" target=\"_blank\" data-ylk=\"slk:NRJ Music Awards\u00a02025\u00a0: Lady Gaga, Aya Nakamura, Indochine\u2026 D\u00e9couvrez le casting des nomm\u00e9s;elm:context_link;itc:0;sec:content-canvas\" class=\"link \">NRJ Music Awards\u00a02025\u00a0: Lady Gaga, Aya Nakamura, Indochine\u2026 D\u00e9couvrez le casting des nomm\u00e9s<\/a><\/p>\n","protected":false},"excerpt":{"rendered":"Id\u00e9es de sorties &#8211; Vous cherchez des id\u00e9es pour sortir ce week-end \u00e0 Paris\u00a0? Que vous soyez fan&hellip;\n","protected":false},"author":2,"featured_media":417144,"comment_status":"","ping_status":"","sticky":false,"template":"","format":"standard","meta":{"footnotes":""},"categories":[1888],"tags":[1111,1928,11,1927,54690,1777,674,1011,27,26316,54689,12,1926,626,1925,25,853,15603],"class_list":{"0":"post-417143","1":"post","2":"type-post","3":"status-publish","4":"format-standard","5":"has-post-thumbnail","7":"category-paris","8":"tag-actu","9":"tag-actu-paris","10":"tag-actualites","11":"tag-actualites-paris","12":"tag-annie-ernaux","13":"tag-eu","14":"tag-europe","15":"tag-fr","16":"tag-france","17":"tag-idees-de-sorties","18":"tag-madame-sarfati","19":"tag-news","20":"tag-news-paris","21":"tag-paris","22":"tag-paris-news","23":"tag-republique-francaise","24":"tag-spectacles","25":"tag-theatre-de-latelier"},"share_on_mastodon":{"url":"https:\/\/pubeurope.com\/@fr\/115266419051429878","error":""},"_links":{"self":[{"href":"https:\/\/www.europesays.com\/fr\/wp-json\/wp\/v2\/posts\/417143","targetHints":{"allow":["GET"]}}],"collection":[{"href":"https:\/\/www.europesays.com\/fr\/wp-json\/wp\/v2\/posts"}],"about":[{"href":"https:\/\/www.europesays.com\/fr\/wp-json\/wp\/v2\/types\/post"}],"author":[{"embeddable":true,"href":"https:\/\/www.europesays.com\/fr\/wp-json\/wp\/v2\/users\/2"}],"replies":[{"embeddable":true,"href":"https:\/\/www.europesays.com\/fr\/wp-json\/wp\/v2\/comments?post=417143"}],"version-history":[{"count":0,"href":"https:\/\/www.europesays.com\/fr\/wp-json\/wp\/v2\/posts\/417143\/revisions"}],"wp:featuredmedia":[{"embeddable":true,"href":"https:\/\/www.europesays.com\/fr\/wp-json\/wp\/v2\/media\/417144"}],"wp:attachment":[{"href":"https:\/\/www.europesays.com\/fr\/wp-json\/wp\/v2\/media?parent=417143"}],"wp:term":[{"taxonomy":"category","embeddable":true,"href":"https:\/\/www.europesays.com\/fr\/wp-json\/wp\/v2\/categories?post=417143"},{"taxonomy":"post_tag","embeddable":true,"href":"https:\/\/www.europesays.com\/fr\/wp-json\/wp\/v2\/tags?post=417143"}],"curies":[{"name":"wp","href":"https:\/\/api.w.org\/{rel}","templated":true}]}}