{"id":417180,"date":"2025-09-25T19:08:12","date_gmt":"2025-09-25T19:08:12","guid":{"rendered":"https:\/\/www.europesays.com\/fr\/417180\/"},"modified":"2025-09-25T19:08:12","modified_gmt":"2025-09-25T19:08:12","slug":"critique-expo-pierre-soulages-au-musee-du-luxembourg-le-vertige-du-geste-dans-une-autre-lumiere","status":"publish","type":"post","link":"https:\/\/www.europesays.com\/fr\/417180\/","title":{"rendered":"Critique expo\u00a0: Pierre Soulages au Mus\u00e9e du Luxembourg, le vertige du geste dans \u00ab\u00a0Une autre lumi\u00e8re\u00a0\u00bb"},"content":{"rendered":"<p class=\"PopSlotParagraph qg-tx2 qg-xtra-lh svelte-1r0pyek\">Rarement mise en lumi\u00e8re \u00e0 travers des expositions d\u00e9di\u00e9es, l\u2019\u0153uvre sur papier de\u00a0<a href=\"https:\/\/museeduluxembourg.fr\/fr\/agenda\/evenement\/soulages-une-autre-lumiere\" target=\"_blank\" rel=\"noopener noreferrer nofollow\" class=\"\" data-testid=\"link\">Pierre Soulages<\/a>\u00a0r\u00e9v\u00e8le pourtant une facette essentielle de son parcours artistique. De ses premi\u00e8res exp\u00e9rimentations au brou de noix dans les ann\u00e9es 1940 aux compositions puissantes et vari\u00e9es des d\u00e9cennies suivantes, ces 130 \u0153uvres, dont 25 in\u00e9dites, t\u00e9moignent d\u2019une libert\u00e9 cr\u00e9ative constante et d\u2019une relation intime avec ce support. Gr\u00e2ce \u00e0 des pr\u00eats exceptionnels du mus\u00e9e Soulages, cette exposition invite \u00e0 red\u00e9couvrir un aspect intime et fondamental du ma\u00eetre de l\u2019abstraction.<\/p>\n<p class=\"PopSlotParagraph qg-tx2 qg-xtra-lh svelte-1r0pyek\"><strong>Les avis des critiques<\/strong><\/p>\n<p class=\"PopSlotParagraph qg-tx2 qg-xtra-lh svelte-1r0pyek\"><strong>Joseph Ghosn<\/strong>\u00a0: \u00ab\u00a0L\u2019art de Soulages m\u00eale modernisme et influences africaines. L\u2019exposition r\u00e9v\u00e8le la force et l\u2019\u00e9nergie de son geste\u00a0: d\u2019abord tr\u00e8s physique, presque comme un \u00e9nervement, puis, au fil du parcours, le spectateur devient le t\u00e9moin de quelque chose de plus int\u00e9rieur et intime qui \u00e9merge chez Pierre Soulages. On comprend mieux son travail, l\u2019exposition nous permet de p\u00e9n\u00e9trer sa pens\u00e9e et son geste et en revenant \u00e0 ses d\u00e9buts, en suivant l\u2019\u00e9volution de son trait, on traverse sa vie et son \u0153uvre de fa\u00e7on vertigineuse\u2026 j\u2019ai fini par avoir le vertige\u00a0!\u00a0\u00ab\u00a0<\/p>\n<p>  <img decoding=\"async\" class=\"Image-preview  svelte-1b9cmvl\" data-testid=\"image-preview\" src=\"data:image\/jpeg;charset=utf-8;base64, \/9j\/2wBDACgcHiMeGSgjISMtKygwPGRBPDc3PHtYXUlkkYCZlo+AjIqgtObDoKrarYqMyP\/L2u71\/\/\/\/m8H\/\/\/\/6\/+b9\/\/j\/2wBDASstLTw1PHZBQXb4pYyl+Pj4+Pj4+Pj4+Pj4+Pj4+Pj4+Pj4+Pj4+Pj4+Pj4+Pj4+Pj4+Pj4+Pj4+Pj4+Pj4+Pj\/wAARCAANACoDASIAAhEBAxEB\/8QAFwABAQEBAAAAAAAAAAAAAAAAAgMBBP\/EABcQAQEBAQAAAAAAAAAAAAAAAAABAhH\/xAAWAQEBAQAAAAAAAAAAAAAAAAABAAL\/xAAUEQEAAAAAAAAAAAAAAAAAAAAA\/9oADAMBAAIRAxEAPwDnzlSRshcZIWJbWqWykdCWhIf\/2Q==\" alt=\"\" aria-hidden=\"false\"\/>     <img decoding=\"async\" src=\"https:\/\/www.europesays.com\/fr\/wp-content\/uploads\/2025\/09\/860_sc_montage-soulages.jpg\" loading=\"lazy\" fetchpriority=\"low\" width=\"860\" height=\"277\" class=\"Image-main  svelte-1b9cmvl rounded\" data-testid=\"image-src\" alt=\"Vues des tableaux de Pierre Soulages pour l'exposition &quot;Soulages - Une autre lumi\u00e8re&quot; au Palais du Lexembourg\" aria-hidden=\"false\" onload=\"this.__e=event\" onerror=\"this.__e=event\"\/> Vues des tableaux de Pierre Soulages pour l&rsquo;exposition \u00ab\u00a0Soulages &#8211; Une autre lumi\u00e8re\u00a0\u00bb au Palais du Lexembourg  &#8211; \u00a9 Adagp, Paris, 2025 \u00a9 Photo Vincent Cunill\u00e8re <\/p>\n<p class=\"PopSlotParagraph qg-tx2 qg-xtra-lh svelte-1r0pyek\"><strong>Philippe Azoury\u00a0:<\/strong> \u00ab\u00a0C\u2019est litt\u00e9ralement g\u00e9nial\u00a0: l\u2019exposition montre un Soulages \u00e0 taille humaine. La dimension des tableaux, les rythmes qui s\u2019y inventent, tout cela est fascinant, que l\u2019on soit amateur d\u2019art ou historien souhaitant se rapprocher de l\u2019artiste. J&rsquo;ai \u00e9t\u00e9 particuli\u00e8rement frapp\u00e9 par un entretien de Soulages, une courte archive de 4 \u00e0 5 minutes qui \u00e9claire tout le reste de l\u2019exposition.\u00a0Le parcours de l&rsquo;exposition d\u00e9bute en 1946 et va jusqu\u2019en 2002. Dans les premi\u00e8res ann\u00e9es, on sent la main et le pinceau\u00a0; apr\u00e8s quarante ans de travail \u00e0 essayer qu&rsquo;on ne sente plus sa main, le trait vient naturellement se poser sans que la main ait \u00e0 intervenir. C\u2019est l\u2019aventure d\u2019une vie pour Soulages, que de peindre un tableau noir\u00a0!\u00a0\u00ab\u00a0<\/p>\n<p class=\"PopSlotParagraph qg-tx2 qg-xtra-lh svelte-1r0pyek\"><strong>Extrait sonore\u00a0:<\/strong><\/p>\n<ul>\n<li>Extrait d&rsquo;un entretien entre Pierre Soulages et Alain Seban pour le Centre Pompidou en 2010<\/li>\n<\/ul>\n<p class=\"PopSlotParagraph qg-tx2 qg-xtra-lh svelte-1r0pyek\"><strong>Plus d&rsquo;informations\u00a0:<\/strong><\/p>\n<ul>\n<li>L&rsquo;exposition\u00a0Soulages &#8211; Une autre lumi\u00e8re,\u00a0au Mus\u00e9e du Luxembourg du 17 septembre 2025 au 11 janvier 2026<\/li>\n<\/ul>\n<p class=\"BounceCard-label qg-st4 svelte-990b7w\" role=\"heading\" aria-level=\"2\">\u00c0 \u00e9couter<\/p>\n<p>      <img decoding=\"async\" src=\"https:\/\/www.europesays.com\/fr\/wp-content\/uploads\/2025\/06\/120x120_sc_horizon-les-nuits-de-france-culture.jpg\" width=\"120\" height=\"120\" alt=\"\" loading=\"lazy\" fetchpriority=\"low\" data-testid=\"image-tag\" style=\"--_image-preview:url('data:image\/jpeg;base64,\/9j\/2wBDACgcHiMeGSgjISMtKygwPGRBPDc3PHtYXUlkkYCZlo+AjIqgtObDoKrarYqMyP\/L2u71\/\/\/\/m8H\/\/\/\/6\/+b9\/\/j\/2wBDASstLTw1PHZBQXb4pYyl+Pj4+Pj4+Pj4+Pj4+Pj4+Pj4+Pj4+Pj4+Pj4+Pj4+Pj4+Pj4+Pj4+Pj4+Pj4+Pj4+Pj\/wAARCAAqACoDASIAAhEBAxEB\/8QAFwABAQEBAAAAAAAAAAAAAAAAAgEAA\/\/EABYQAQEBAAAAAAAAAAAAAAAAAAABEf\/EABYBAQEBAAAAAAAAAAAAAAAAAAEAAv\/EABQRAQAAAAAAAAAAAAAAAAAAAAD\/2gAMAwEAAhEDEQA\/AOS40XGwOJTwbEhZqxTpCgQpQlGkNSCoVEki0WDJalrIilRUJf\/Z');\" aria-hidden=\"true\" class=\"svelte-1n5zs1o ratio\" onload=\"this.__e=event\" onerror=\"this.__e=event\"\/> <\/p>\n<p class=\"BounceCard-title qg-st4 svelte-990b7w\" role=\"heading\" aria-level=\"3\">Pierre Soulages ou la lumi\u00e8re agissante<\/p>\n<p class=\"BounceCard-subtitle svelte-990b7w\">Les Nuits de France Culture<\/p>\n<p class=\"qg-visible-l-up svelte-990b7w\">\u00c9couter plus tard<\/p>\n","protected":false},"excerpt":{"rendered":"Rarement mise en lumi\u00e8re \u00e0 travers des expositions d\u00e9di\u00e9es, l\u2019\u0153uvre sur papier de\u00a0Pierre Soulages\u00a0r\u00e9v\u00e8le pourtant une facette essentielle&hellip;\n","protected":false},"author":2,"featured_media":417181,"comment_status":"","ping_status":"","sticky":false,"template":"","format":"standard","meta":{"footnotes":""},"categories":[1358],"tags":[1348,1384,1385,1386,58,59,1011,27],"class_list":{"0":"post-417180","1":"post","2":"type-post","3":"status-publish","4":"format-standard","5":"has-post-thumbnail","7":"category-arts-et-design","8":"tag-arts","9":"tag-arts-and-design","10":"tag-arts-et-design","11":"tag-design","12":"tag-divertissement","13":"tag-entertainment","14":"tag-fr","15":"tag-france"},"share_on_mastodon":{"url":"https:\/\/pubeurope.com\/@fr\/115266513336897401","error":""},"_links":{"self":[{"href":"https:\/\/www.europesays.com\/fr\/wp-json\/wp\/v2\/posts\/417180","targetHints":{"allow":["GET"]}}],"collection":[{"href":"https:\/\/www.europesays.com\/fr\/wp-json\/wp\/v2\/posts"}],"about":[{"href":"https:\/\/www.europesays.com\/fr\/wp-json\/wp\/v2\/types\/post"}],"author":[{"embeddable":true,"href":"https:\/\/www.europesays.com\/fr\/wp-json\/wp\/v2\/users\/2"}],"replies":[{"embeddable":true,"href":"https:\/\/www.europesays.com\/fr\/wp-json\/wp\/v2\/comments?post=417180"}],"version-history":[{"count":0,"href":"https:\/\/www.europesays.com\/fr\/wp-json\/wp\/v2\/posts\/417180\/revisions"}],"wp:featuredmedia":[{"embeddable":true,"href":"https:\/\/www.europesays.com\/fr\/wp-json\/wp\/v2\/media\/417181"}],"wp:attachment":[{"href":"https:\/\/www.europesays.com\/fr\/wp-json\/wp\/v2\/media?parent=417180"}],"wp:term":[{"taxonomy":"category","embeddable":true,"href":"https:\/\/www.europesays.com\/fr\/wp-json\/wp\/v2\/categories?post=417180"},{"taxonomy":"post_tag","embeddable":true,"href":"https:\/\/www.europesays.com\/fr\/wp-json\/wp\/v2\/tags?post=417180"}],"curies":[{"name":"wp","href":"https:\/\/api.w.org\/{rel}","templated":true}]}}