{"id":417185,"date":"2025-09-25T19:11:12","date_gmt":"2025-09-25T19:11:12","guid":{"rendered":"https:\/\/www.europesays.com\/fr\/417185\/"},"modified":"2025-09-25T19:11:12","modified_gmt":"2025-09-25T19:11:12","slug":"inquiete-pour-son-fils-la-mere-de-justin-bieber-demande-a-dieu-de-guerir-son-coeur-et-de-son-esprit","status":"publish","type":"post","link":"https:\/\/www.europesays.com\/fr\/417185\/","title":{"rendered":"Inqui\u00e8te pour son fils, la m\u00e8re de Justin Bieber demande \u00e0 Dieu de gu\u00e9rir \u00abson c\u0153ur et de son esprit\u00bb"},"content":{"rendered":"<p>    Justin Bieber dans les rues de Los Angeles, le 24 septembre 2025.<br \/>\n                DUTCH\/Bauer-Griffin \/ GC Images<\/p>\n<p>Ce mardi 23 septembre, Pattie Mallette, la m\u00e8re de Justin Bieber, a partag\u00e9 sur son compte Instagram une pri\u00e8re demandant la gu\u00e9rison des blessures \u00abvisibles et invisibles\u00bb du chanteur. Un message qui relance l\u2019inqui\u00e9tude de certains fans.<\/p>\n<p class=\"fig-paragraph\">\u00abNous t\u2019encourageons et prions toujours pour toi Justin.\u00bb C\u2019est par ces mots que Pattie Mallette a commenc\u00e9 un long message \u00e9crit sous forme de pri\u00e8re pour son fils,\u00a0<a href=\"https:\/\/madame.lefigaro.fr\/tag\/justin-bieber\" target=\"_blank\" data-fig-type=\"Keyword\" rel=\"sponsored noopener\" data-gtm-custom-categorie=\"navigation\" data-gtm-custom-action=\"crossclick\" data-gtm-custom-label=\"Contextuel\" data-gtm-event=\"customEventSPE\" data-fig-domain=\"MADAME\">Justin Bieber<\/a>. La quinquag\u00e9naire a accompagn\u00e9 son texte d\u2019une s\u00e9rie de photos du chanteur en noir et blanc, tir\u00e9es du shooting officiel du festival Coachella, o\u00f9 il fera son grand come-back sur sc\u00e8ne, en avril 2026.<\/p>\n<p class=\"fig-paragraph\">\u00abJe proclame que la libert\u00e9, la force, la clart\u00e9 et la gu\u00e9rison t\u2019accompagnent, Justin. Que toute cha\u00eene de peur, de confusion, de lourdeur et de douleur soit bris\u00e9e au nom de J\u00e9sus. Esprit Saint, entoure-le de v\u00e9rit\u00e9, de lumi\u00e8re et de protection. gu\u00e9ris chaque blessure dans son c\u0153ur, son esprit et son corps, visibles et invisibles, restaure ce qui a \u00e9t\u00e9 vol\u00e9, et couvre-le de pl\u00e9nitude\u00bb, poursuit la m\u00e8re de la popstar en prenant soin d\u2019\u00e9crire plusieurs mots en majuscules.<\/p>\n<p>                                    <a class=\"fig-a11y-skip a11y-hidden\" href=\"#fig-a11y-skip-main-inarticle\"><br \/>\n        Passer la publicit\u00e9<br \/>\n    <\/a><\/p>\n<p>Apaisement et paternit\u00e9<\/p>\n<p class=\"fig-paragraph\">Pourquoi Pattie Mallette a-t-elle partag\u00e9 cette pri\u00e8re, qui ressemble \u00e0 un appel \u00e0 l\u2019aide, sur les r\u00e9seaux sociaux\u00a0? Et pourquoi maintenant, alors que son fils, en proie \u00e0 de gros probl\u00e8mes de sant\u00e9 physique et mentale, semble enfin remonter la pente\u00a0? Trois ans apr\u00e8s l\u2019annulation de sa tourn\u00e9e mondiale \u00e0 cause du syndrome de Ramsay Hunt, qui avait caus\u00e9 la paralysie partielle de son visage, Justin Bieber a surpris ses fans cet \u00e9t\u00e9 en sortant deux nouveaux albums\u00a0: Swag et Swag II.\u00a0<\/p>\n<p class=\"fig-paragraph\"><a href=\"http:\/\/madame.lefigaro.fr\/celebrites\/actu-people\/justin-et-hailey-bieber-vont-etre-parents-pour-la-premiere-fois-20240510\" data-fig-type=\"Article\" data-gtm-custom-categorie=\"navigation\" data-gtm-custom-action=\"crossclick\" data-gtm-custom-label=\"Contextuel\" data-gtm-event=\"customEventSPE\" data-fig-domain=\"MADAME\" target=\"_blank\" rel=\"noopener\">Devenu p\u00e8re d\u2019un petit Jack, fruit de ses amours avec son \u00e9pouse Hailey Bieber, en ao\u00fbt 2024<\/a>, le chanteur y d\u00e9voile une autre facette de sa personnalit\u00e9, plus douce et tendre \u00e0 travers des balades comme Daisies, Mother in you, ou encore Walking Away. Pour ses fans, ses deux opus sont ceux de l\u2019apaisement et de la maturit\u00e9, la preuve que Justin Bieber, d\u00e9sormais p\u00e8re de famille a enfin trouv\u00e9 un \u00e9quilibre, apr\u00e8s des ann\u00e9es \u00e0 lutter contre ses d\u00e9mons, et ses addictions \u00e0 la drogue et l\u2019alcool.<\/p>\n<p class=\"fig-body-link&#10;    \">\n            \u00c0 lire aussi<br \/>\n        <a class=\"fig-body-link__link\" href=\"http:\/\/madame.lefigaro.fr\/celebrites\/actu-people\/faire-plus-d-efforts-ne-sert-a-rien-justin-bieber-publie-de-mysterieux-messages-sur-instagram-20250509\" data-fig-type=\"Article\" data-gtm-custom-categorie=\"navigation\" data-gtm-custom-action=\"crossclick\" data-gtm-custom-label=\"Contextuel\" data-gtm-event=\"customEventSPE\" data-fig-domain=\"MADAME\" target=\"_blank\" rel=\"noopener\">\u00abFaire plus d\u2019efforts ne sert \u00e0 rien\u00bb\u00a0: Justin Bieber publie de myst\u00e9rieux messages sur Instagram<\/a>\n<\/p>\n<p>10 millions de dollars<\/p>\n<p class=\"fig-paragraph\">Faut-il voir dans le message de Pattie Mallette un signe que le chanteur serait \u00e0 nouveau en train de sombrer, par peur de ne pas \u00eatre \u00e0 la hauteur apr\u00e8s des ann\u00e9es d\u2019absence\u00a0? Ou bien sa m\u00e8re, tr\u00e8s religieuse, a-t-elle simplement partag\u00e9 cette pri\u00e8re sans arri\u00e8re-pens\u00e9e, juste pour l\u2019encourager\u00a0? Sur les photos en noir et blanc, Justin Bieber porte un T-shirt avec l\u2019inscription \u00abPray for me (Priez pour moi, NDLR)\u00bb. Il semblerait que sa m\u00e8re ait donc tout simplement exauc\u00e9 le v\u0153u du chanteur de 31 ans, qui s\u2019est r\u00e9fugi\u00e9 dans la religion apr\u00e8s sa descente aux enfers, entre 2012 et 2014. \u00abDites amen si vous \u00eates d\u2019accord avec moi\u00bb, a-t-elle \u00e9crit en guise de conclusion, encourageant les fans de son fils \u00e0 prier pour lui.<\/p>\n<p class=\"fig-paragraph\">Dans les commentaires, certains ont fait part de leur inqui\u00e9tude pour leur idole. \u00abOn voit la douleur dans son regard, mais aussi beaucoup d\u2019amour\u00bb, souligne l\u2019un d\u2019entre eux. Justin Bieber a sept mois devant lui pour pr\u00e9parer ses shows \u00e0 Coachella, pour lesquels il touchera un cachet record d\u2019environ 10 millions de dollars. Une somme astronomique qui fait de lui l\u2019artiste le mieux pay\u00e9 de l\u2019histoire du festival, d\u00e9passant Beyonc\u00e9 qui avait per\u00e7u 8 millions de dollars en 2018. Et qui prouve que la \u00abBieber Fever\u00bb n\u2019a pas faibli, quinze ans apr\u00e8s ses d\u00e9buts.<\/p>\n","protected":false},"excerpt":{"rendered":"Justin Bieber dans les rues de Los Angeles, le 24 septembre 2025. DUTCH\/Bauer-Griffin \/ GC Images Ce mardi&hellip;\n","protected":false},"author":2,"featured_media":417186,"comment_status":"","ping_status":"","sticky":false,"template":"","format":"standard","meta":{"footnotes":""},"categories":[1355],"tags":[58,59,1011,27,7317,5875,1361,873],"class_list":{"0":"post-417185","1":"post","2":"type-post","3":"status-publish","4":"format-standard","5":"has-post-thumbnail","7":"category-musique","8":"tag-divertissement","9":"tag-entertainment","10":"tag-fr","11":"tag-france","12":"tag-justin-bieber","13":"tag-mere","14":"tag-music","15":"tag-musique"},"share_on_mastodon":{"url":"https:\/\/pubeurope.com\/@fr\/115266524587568346","error":""},"_links":{"self":[{"href":"https:\/\/www.europesays.com\/fr\/wp-json\/wp\/v2\/posts\/417185","targetHints":{"allow":["GET"]}}],"collection":[{"href":"https:\/\/www.europesays.com\/fr\/wp-json\/wp\/v2\/posts"}],"about":[{"href":"https:\/\/www.europesays.com\/fr\/wp-json\/wp\/v2\/types\/post"}],"author":[{"embeddable":true,"href":"https:\/\/www.europesays.com\/fr\/wp-json\/wp\/v2\/users\/2"}],"replies":[{"embeddable":true,"href":"https:\/\/www.europesays.com\/fr\/wp-json\/wp\/v2\/comments?post=417185"}],"version-history":[{"count":0,"href":"https:\/\/www.europesays.com\/fr\/wp-json\/wp\/v2\/posts\/417185\/revisions"}],"wp:featuredmedia":[{"embeddable":true,"href":"https:\/\/www.europesays.com\/fr\/wp-json\/wp\/v2\/media\/417186"}],"wp:attachment":[{"href":"https:\/\/www.europesays.com\/fr\/wp-json\/wp\/v2\/media?parent=417185"}],"wp:term":[{"taxonomy":"category","embeddable":true,"href":"https:\/\/www.europesays.com\/fr\/wp-json\/wp\/v2\/categories?post=417185"},{"taxonomy":"post_tag","embeddable":true,"href":"https:\/\/www.europesays.com\/fr\/wp-json\/wp\/v2\/tags?post=417185"}],"curies":[{"name":"wp","href":"https:\/\/api.w.org\/{rel}","templated":true}]}}