{"id":417195,"date":"2025-09-25T19:16:15","date_gmt":"2025-09-25T19:16:15","guid":{"rendered":"https:\/\/www.europesays.com\/fr\/417195\/"},"modified":"2025-09-25T19:16:15","modified_gmt":"2025-09-25T19:16:15","slug":"pekin-lance-son-projet-secret-qui-protege-la-terre-et-defie-la-mission-americaine","status":"publish","type":"post","link":"https:\/\/www.europesays.com\/fr\/417195\/","title":{"rendered":"P\u00e9kin lance son projet secret qui prot\u00e8ge la Terre et d\u00e9fie la mission am\u00e9ricaine"},"content":{"rendered":"<tr>\n<td><strong>EN BREF<\/strong><\/td>\n<\/tr>\n<tr>\n<td>\n<ul>\n<li>\ud83d\ude80 La Chine <strong>se pr\u00e9pare<\/strong> \u00e0 lancer une mission pour <strong>d\u00e9vier<\/strong> un ast\u00e9ro\u00efde<\/li>\n<li>\ud83d\udd2d Le projet chinois s\u2019inspire du <strong>succ\u00e8s<\/strong> de la mission am\u00e9ricaine <strong>Dart<\/strong><\/li>\n<li>\ud83c\udf0c Une conf\u00e9rence \u00e0 Hefei a r\u00e9v\u00e9l\u00e9 des d\u00e9tails sur cette <strong>initiative<\/strong><\/li>\n<li>\ud83d\udd0d La mission pourrait inclure une <strong>sonde d\u2019observation<\/strong> pour analyser l\u2019impact<\/li>\n<\/ul>\n<\/td>\n<\/tr>\n<p>La Chine s\u2019appr\u00eate \u00e0 lancer une mission ambitieuse visant \u00e0 d\u00e9vier un ast\u00e9ro\u00efde, s\u2019inspirant du succ\u00e8s de la mission Dart men\u00e9e par les Am\u00e9ricains. Bien que les d\u00e9tails soient encore peu nombreux, ce projet, bien que non secret, suscite un vif int\u00e9r\u00eat dans le monde scientifique. L\u2019initiative chinoise s\u2019inscrit dans un contexte de comp\u00e9tition internationale pour la d\u00e9fense plan\u00e9taire, o\u00f9 les grandes puissances rivalisent d\u2019ing\u00e9niosit\u00e9 pour pr\u00e9venir une \u00e9ventuelle collision d\u2019ast\u00e9ro\u00efdes mena\u00e7ant la Terre. La mission chinoise, bien qu\u2019encore sans nom, pourrait repr\u00e9senter une avanc\u00e9e significative dans le domaine de l\u2019exploration spatiale et de la protection de notre plan\u00e8te.<\/p>\n<p>Les pr\u00e9mices de la mission chinoise<\/p>\n<p>En 2021, la Chine a organis\u00e9 sa premi\u00e8re conf\u00e9rence d\u00e9di\u00e9e \u00e0 la d\u00e9fense plan\u00e9taire, un \u00e9v\u00e9nement marquant dans la strat\u00e9gie spatiale du pays. C\u2019est \u00e0 cette occasion que l\u2019id\u00e9e de lancer un impacteur pour d\u00e9vier un ast\u00e9ro\u00efde a \u00e9t\u00e9 pr\u00e9sent\u00e9e. Cette initiative a \u00e9t\u00e9 annonc\u00e9e quelques semaines avant le lancement de la mission am\u00e9ricaine Dart, qui a d\u00e9montr\u00e9 la faisabilit\u00e9 de l\u2019impact cin\u00e9tique pour modifier la trajectoire d\u2019un ast\u00e9ro\u00efde. La Chine souhaite maintenant s\u2019inscrire dans cette dynamique en r\u00e9alisant sa propre mission de d\u00e9viation.<\/p>\n<p>La mission chinoise s\u2019articule autour du concept d\u2019un d\u00e9monstrateur d\u00e9di\u00e9 \u00e0 l\u2019impact cin\u00e9tique. Il s\u2019agit d\u2019un engin spatial destin\u00e9 \u00e0 percuter un ast\u00e9ro\u00efde se trouvant \u00e0 plusieurs dizaines de millions de kilom\u00e8tres de la Terre. L\u2019objectif est de modifier sa trajectoire de trois \u00e0 cinq centim\u00e8tres, une prouesse technique qui requiert une pr\u00e9cision extr\u00eame. Cette initiative, bien que similaire \u00e0 Dart, pourrait apporter des innovations importantes dans le domaine.<\/p>\n<blockquote class=\"wp-embedded-content\" data-secret=\"KqV9Gcs7bg\">\n<p><a href=\"https:\/\/hellobiz.fr\/2025\/09\/18\/on-devient-autonome-sans-limite-cette-arme-nucleaire-flottante-francaise-qui-terrifie-leurope-et-divise-lotan\/\" rel=\"nofollow noopener\" target=\"_blank\">\u00ab\u00a0On devient autonome sans limite\u00a0\u00bb : cette arme nucl\u00e9aire flottante fran\u00e7aise qui terrifie l\u2019Europe et divise l\u2019OTAN<\/a><\/p>\n<\/blockquote>\n<p>Un projet ambitieux d\u00e9voil\u00e9 \u00e0 Hefei<\/p>\n<p>Lors d&rsquo;une conf\u00e9rence internationale sur l&rsquo;exploration spatiale tenue \u00e0 Hefei, Wu Weiren, membre de l&rsquo;acad\u00e9mie d&rsquo;ing\u00e9nierie chinoise et responsable du programme d&rsquo;exploration lunaire, a partag\u00e9 des informations cruciales sur cette mission. Selon lui, l&rsquo;objectif est de d\u00e9montrer la capacit\u00e9 de la Chine \u00e0 influencer la trajectoire d\u2019un ast\u00e9ro\u00efde par impact cin\u00e9tique, une technique qui pourrait \u00eatre essentielle pour la protection de la Terre contre les objets c\u00e9lestes potentiellement dangereux.<\/p>\n<p>Ce projet n\u2019a pas encore de nom officiel, mais il vise \u00e0 pousser plus loin le concept test\u00e9 par la mission Dart. L\u2019id\u00e9e initiale de la mission am\u00e9ricaine \u00e9tait d\u2019inclure une deuxi\u00e8me sonde d\u00e9di\u00e9e \u00e0 l\u2019observation de l\u2019impact, mais des contraintes budg\u00e9taires ont limit\u00e9 cette ambition. La Chine pourrait toutefois r\u00e9aliser cet objectif en int\u00e9grant des technologies d&rsquo;observation avanc\u00e9es dans son propre projet.<\/p>\n<blockquote class=\"wp-embedded-content\" data-secret=\"zhnaTWhA6v\">\n<p><a href=\"https:\/\/hellobiz.fr\/2025\/09\/22\/ils-mettent-6-helicos-dedans-cet-avion-monstre-americain-qui-ecrase-tous-les-autres-pays-et-change-tout\/\" rel=\"nofollow noopener\" target=\"_blank\">\u00ab Ils mettent 6 h\u00e9licos dedans \u00bb : cet avion monstre am\u00e9ricain qui \u00e9crase tous les autres pays et change tout<\/a><\/p>\n<\/blockquote>\n<p>Comparaison avec la mission Dart<\/p>\n<p>La mission Dart a marqu\u00e9 une \u00e9tape importante en d\u00e9montrant qu\u2019une collision intentionnelle avec un ast\u00e9ro\u00efde pouvait modifier sa trajectoire. Le projet chinois s\u2019inspire de cette approche, mais ambitionne de l&rsquo;am\u00e9liorer en int\u00e9grant des technologies plus avanc\u00e9es. L&rsquo;objectif est non seulement de percuter un ast\u00e9ro\u00efde, mais aussi de recueillir des donn\u00e9es pr\u00e9cises sur les effets de l\u2019impact gr\u00e2ce \u00e0 une sonde d\u00e9di\u00e9e \u00e0 l\u2019observation.<\/p>\n<p>La mission europ\u00e9enne Hera, qui suivra la mission Dart de trois ans, est un exemple de ce que la Chine pourrait accomplir en int\u00e9grant des capacit\u00e9s d&rsquo;observation dans une seule mission. L&rsquo;ajout d&rsquo;une sonde d&rsquo;observation permettrait de mieux comprendre les cons\u00e9quences d\u2019un impact, am\u00e9liorant ainsi les strat\u00e9gies de d\u00e9fense plan\u00e9taire futures.<\/p>\n<blockquote class=\"wp-embedded-content\" data-secret=\"mkf2okFHQd\">\n<p><a href=\"https:\/\/hellobiz.fr\/2025\/03\/15\/voici-comment-les-startups-explosent-leur-visibilite-sur-les-reseaux-la-methode-dacheter-des-fans-com-que-les-experts-veulent-garder-secrete\/\" rel=\"nofollow noopener\" target=\"_blank\">Voici comment les startups explosent leur visibilit\u00e9 sur les r\u00e9seaux : la m\u00e9thode d\u2019Acheter-des-Fans.com que les experts veulent garder secr\u00e8te<\/a><\/p>\n<\/blockquote>\n<p>Enjeux et perspectives pour la d\u00e9fense plan\u00e9taire<\/p>\n<p>La mission chinoise s&rsquo;inscrit dans une logique de d\u00e9fense plan\u00e9taire croissante, o\u00f9 chaque nation cherche \u00e0 d\u00e9velopper ses propres capacit\u00e9s pour pr\u00e9venir une potentielle catastrophe. Les enjeux sont consid\u00e9rables, car un impact d&rsquo;ast\u00e9ro\u00efde pourrait avoir des cons\u00e9quences d\u00e9vastatrices sur Terre. Ainsi, la Chine entend jouer un r\u00f4le de premier plan dans cette course technologique, en apportant sa propre contribution \u00e0 la s\u00e9curit\u00e9 globale.<\/p>\n<p>Ce projet refl\u00e8te \u00e9galement l&rsquo;ambition de la Chine de renforcer sa position dans le domaine spatial, en rivalisant avec d&rsquo;autres grandes puissances comme les \u00c9tats-Unis et l&rsquo;Europe. En r\u00e9ussissant cette mission, la Chine pourrait non seulement d\u00e9montrer sa ma\u00eetrise technologique, mais aussi \u00e9tablir de nouvelles normes pour les futures missions de d\u00e9fense plan\u00e9taire.<\/p>\n<p>Alors que la Chine se pr\u00e9pare \u00e0 lancer cette mission audacieuse, de nombreuses questions demeurent. Quels seront les d\u00e9fis techniques \u00e0 surmonter pour r\u00e9ussir une telle entreprise ? Comment cette mission influencera-t-elle la coop\u00e9ration internationale en mati\u00e8re de d\u00e9fense plan\u00e9taire ? La communaut\u00e9 scientifique attend avec impatience les r\u00e9sultats de cette initiative, qui pourraient bien red\u00e9finir les strat\u00e9gies de protection de notre plan\u00e8te face aux menaces c\u00e9lestes.<\/p>\n<p>Cet article s\u2019appuie sur des sources v\u00e9rifi\u00e9es et l\u2019assistance de technologies \u00e9ditoriales.<\/p>\n<p id=\"rating\">\u00c7a vous a plu ?\u00a04.4\/5 (26)<\/p>\n","protected":false},"excerpt":{"rendered":"EN BREF \ud83d\ude80 La Chine se pr\u00e9pare \u00e0 lancer une mission pour d\u00e9vier un ast\u00e9ro\u00efde \ud83d\udd2d Le projet&hellip;\n","protected":false},"author":2,"featured_media":417196,"comment_status":"","ping_status":"","sticky":false,"template":"","format":"standard","meta":{"footnotes":""},"categories":[7],"tags":[1011,27,43,40,41,39,42,44],"class_list":{"0":"post-417195","1":"post","2":"type-post","3":"status-publish","4":"format-standard","5":"has-post-thumbnail","7":"category-sciences-et-technologies","8":"tag-fr","9":"tag-france","10":"tag-science","11":"tag-science-and-technology","12":"tag-sciences","13":"tag-sciences-et-technologies","14":"tag-technologies","15":"tag-technology"},"share_on_mastodon":{"url":"https:\/\/pubeurope.com\/@fr\/115266544245369772","error":""},"_links":{"self":[{"href":"https:\/\/www.europesays.com\/fr\/wp-json\/wp\/v2\/posts\/417195","targetHints":{"allow":["GET"]}}],"collection":[{"href":"https:\/\/www.europesays.com\/fr\/wp-json\/wp\/v2\/posts"}],"about":[{"href":"https:\/\/www.europesays.com\/fr\/wp-json\/wp\/v2\/types\/post"}],"author":[{"embeddable":true,"href":"https:\/\/www.europesays.com\/fr\/wp-json\/wp\/v2\/users\/2"}],"replies":[{"embeddable":true,"href":"https:\/\/www.europesays.com\/fr\/wp-json\/wp\/v2\/comments?post=417195"}],"version-history":[{"count":0,"href":"https:\/\/www.europesays.com\/fr\/wp-json\/wp\/v2\/posts\/417195\/revisions"}],"wp:featuredmedia":[{"embeddable":true,"href":"https:\/\/www.europesays.com\/fr\/wp-json\/wp\/v2\/media\/417196"}],"wp:attachment":[{"href":"https:\/\/www.europesays.com\/fr\/wp-json\/wp\/v2\/media?parent=417195"}],"wp:term":[{"taxonomy":"category","embeddable":true,"href":"https:\/\/www.europesays.com\/fr\/wp-json\/wp\/v2\/categories?post=417195"},{"taxonomy":"post_tag","embeddable":true,"href":"https:\/\/www.europesays.com\/fr\/wp-json\/wp\/v2\/tags?post=417195"}],"curies":[{"name":"wp","href":"https:\/\/api.w.org\/{rel}","templated":true}]}}