{"id":417203,"date":"2025-09-25T19:21:12","date_gmt":"2025-09-25T19:21:12","guid":{"rendered":"https:\/\/www.europesays.com\/fr\/417203\/"},"modified":"2025-09-25T19:21:12","modified_gmt":"2025-09-25T19:21:12","slug":"valentine-mercier-conduira-la-liste-de-la-france-insoumise","status":"publish","type":"post","link":"https:\/\/www.europesays.com\/fr\/417203\/","title":{"rendered":"Valentine Mercier conduira la liste de La France insoumise"},"content":{"rendered":"<p>Elle avait d\u00e9j\u00e0 \u00e9t\u00e9 d\u00e9sign\u00e9e, en mai dernier, co-cheffe de file (avec Nicolas Preux) de La France insoumise (LFI) en vue des \u00e9lections municipales 2026. Aujourd\u2019hui, elle est officiellement la candidate du parti de Jean-Luc M\u00e9lenchon pour tenter de remporter la mairie de Saint-\u00c9tienne en mars prochain\u00a0: Valentine Mercier a \u00e9t\u00e9 d\u00e9sign\u00e9e t\u00eate de liste par un vote des militants samedi 20\u00a0septembre. \u00ab\u00a0C\u2019\u00e9tait une candidature naturelle\u00a0\u00bb, estiment ses deux directeurs de campagne, Ghislaine Jarrige et Ulysse Hammache.<\/p>\n<p>Il y aura donc une femme dans la course \u00e0 la mairie. Et une femme jeune. Certains diront que \u00e7a fait du bien dans un paysage politique souvent tr\u00e8s masculin et domin\u00e9 par de \u00ab\u00a0vieux dinosaures\u00a0\u00bb\u2026\u00a0\u00abJ\u2019ai \u00e9t\u00e9 \u00e9lue pour porter un programme, et c\u2019est \u00e7a le plus important, affirme-t-elle. Un programme de gauche et de rupture.\u00a0\u00bb<\/p>\n<p>\u00ab\u00a0Nous avons act\u00e9 nos divergences avec le PS et nous les assumons\u00a0\u00bb<\/p>\n<p>Ce programme, La France insoumise le portera peut-\u00eatre avec les Verts, les&#8230;<\/p>\n","protected":false},"excerpt":{"rendered":"Elle avait d\u00e9j\u00e0 \u00e9t\u00e9 d\u00e9sign\u00e9e, en mai dernier, co-cheffe de file (avec Nicolas Preux) de La France insoumise&hellip;\n","protected":false},"author":2,"featured_media":417204,"comment_status":"","ping_status":"","sticky":false,"template":"","format":"standard","meta":{"footnotes":""},"categories":[9653],"tags":[1111,11,2430,7539,4188,1777,674,1011,27,2338,12,316,25,4001,7538],"class_list":{"0":"post-417203","1":"post","2":"type-post","3":"status-publish","4":"format-standard","5":"has-post-thumbnail","7":"category-saint-etienne","8":"tag-actu","9":"tag-actualites","10":"tag-auvergne-rhone-alpes","11":"tag-edition-loire-sud","12":"tag-elections-municipales","13":"tag-eu","14":"tag-europe","15":"tag-fr","16":"tag-france","17":"tag-la-france-insoumise","18":"tag-news","19":"tag-politique","20":"tag-republique-francaise","21":"tag-saint-etienne","22":"tag-saint-etienne-ville"},"share_on_mastodon":{"url":"https:\/\/pubeurope.com\/@fr\/115266563898965470","error":""},"_links":{"self":[{"href":"https:\/\/www.europesays.com\/fr\/wp-json\/wp\/v2\/posts\/417203","targetHints":{"allow":["GET"]}}],"collection":[{"href":"https:\/\/www.europesays.com\/fr\/wp-json\/wp\/v2\/posts"}],"about":[{"href":"https:\/\/www.europesays.com\/fr\/wp-json\/wp\/v2\/types\/post"}],"author":[{"embeddable":true,"href":"https:\/\/www.europesays.com\/fr\/wp-json\/wp\/v2\/users\/2"}],"replies":[{"embeddable":true,"href":"https:\/\/www.europesays.com\/fr\/wp-json\/wp\/v2\/comments?post=417203"}],"version-history":[{"count":0,"href":"https:\/\/www.europesays.com\/fr\/wp-json\/wp\/v2\/posts\/417203\/revisions"}],"wp:featuredmedia":[{"embeddable":true,"href":"https:\/\/www.europesays.com\/fr\/wp-json\/wp\/v2\/media\/417204"}],"wp:attachment":[{"href":"https:\/\/www.europesays.com\/fr\/wp-json\/wp\/v2\/media?parent=417203"}],"wp:term":[{"taxonomy":"category","embeddable":true,"href":"https:\/\/www.europesays.com\/fr\/wp-json\/wp\/v2\/categories?post=417203"},{"taxonomy":"post_tag","embeddable":true,"href":"https:\/\/www.europesays.com\/fr\/wp-json\/wp\/v2\/tags?post=417203"}],"curies":[{"name":"wp","href":"https:\/\/api.w.org\/{rel}","templated":true}]}}