{"id":417224,"date":"2025-09-25T19:32:15","date_gmt":"2025-09-25T19:32:15","guid":{"rendered":"https:\/\/www.europesays.com\/fr\/417224\/"},"modified":"2025-09-25T19:32:15","modified_gmt":"2025-09-25T19:32:15","slug":"le-sc-bastia-doit-relever-la-tete-a-grenoble","status":"publish","type":"post","link":"https:\/\/www.europesays.com\/fr\/417224\/","title":{"rendered":"le SC Bastia doit relever la t\u00eate \u00e0 Grenoble"},"content":{"rendered":"<p>Ma volont\u00e9, c&rsquo;est de montrer ma sale t\u00eate sur les autres conf\u00e9rences de presse, comme \u00e7a, vous ne me poserez plus la question. Pr\u00e9parez-vous \u00e0 voir ma sale t\u00eate jusqu&rsquo;\u00e0 fin mai.\u00a0\u00bb Cela a au moins le m\u00e9rite d&rsquo;\u00eatre clair. Confirm\u00e9 dans ses fonctions par le pr\u00e9sident du Sporting Claude Ferrandi au lendemain de la d\u00e9faite du club face \u00e0 Rodez (2-3), Beno\u00eet Tavenot s&rsquo;est montr\u00e9 combatif, un brin blagueur en ironisant sur sa situation.<\/p>\n<p>S&rsquo;il y a bien une chose que l&rsquo;on ne reprochera pas au technicien insulaire, c&rsquo;est son abn\u00e9gation, lui qui avait confi\u00e9 \u00eatre \u00ab\u00a0d\u00e9truit\u00a0\u00bb, apr\u00e8s la d\u00e9faite du mardi 23 septembre. Justement, il faudra que son groupe en poss\u00e8de autant que lui s&rsquo;il veut ramener les trois points de Grenoble. Car oui, si auparavant un match nul \u00e0 l&rsquo;ext\u00e9rieur contentait les joueurs, le staff et les supporters (sachant que Bastia n&rsquo;a jamais vraiment brill\u00e9 loin de Furiani), la situation actuelle fait qu&rsquo;un point ne serait pas suffisant, alors z\u00e9ro, inutile d&rsquo;y penser.<\/p>\n<p>Attention aux coups de pied arr\u00eat\u00e9s<\/p>\n<p>Dans le rush, avec ce cinqui\u00e8me match en quinze jours, le Sporting a ax\u00e9 sa s\u00e9ance du mercredi sur sa r\u00e9cup\u00e9ration et jeudi, c&rsquo;\u00e9tait s\u00e9ance sp\u00e9ciale coups de pied arr\u00eat\u00e9s, car le club vi&#8230;<\/p>\n","protected":false},"excerpt":{"rendered":"Ma volont\u00e9, c&rsquo;est de montrer ma sale t\u00eate sur les autres conf\u00e9rences de presse, comme \u00e7a, vous ne&hellip;\n","protected":false},"author":2,"featured_media":417225,"comment_status":"","ping_status":"","sticky":false,"template":"","format":"standard","meta":{"footnotes":""},"categories":[9566],"tags":[17,1111,11,2430,5621,5404,1777,674,1011,27,2731,3022,12,19624,25,60,17643],"class_list":{"0":"post-417224","1":"post","2":"type-post","3":"status-publish","4":"format-standard","5":"has-post-thumbnail","7":"category-grenoble","8":"tag-17","9":"tag-actu","10":"tag-actualites","11":"tag-auvergne-rhone-alpes","12":"tag-bastia","13":"tag-doit","14":"tag-eu","15":"tag-europe","16":"tag-fr","17":"tag-france","18":"tag-grenoble","19":"tag-ligue","20":"tag-news","21":"tag-relever","22":"tag-republique-francaise","23":"tag-sports","24":"tag-tete"},"share_on_mastodon":{"url":"https:\/\/pubeurope.com\/@fr\/115266607192841392","error":""},"_links":{"self":[{"href":"https:\/\/www.europesays.com\/fr\/wp-json\/wp\/v2\/posts\/417224","targetHints":{"allow":["GET"]}}],"collection":[{"href":"https:\/\/www.europesays.com\/fr\/wp-json\/wp\/v2\/posts"}],"about":[{"href":"https:\/\/www.europesays.com\/fr\/wp-json\/wp\/v2\/types\/post"}],"author":[{"embeddable":true,"href":"https:\/\/www.europesays.com\/fr\/wp-json\/wp\/v2\/users\/2"}],"replies":[{"embeddable":true,"href":"https:\/\/www.europesays.com\/fr\/wp-json\/wp\/v2\/comments?post=417224"}],"version-history":[{"count":0,"href":"https:\/\/www.europesays.com\/fr\/wp-json\/wp\/v2\/posts\/417224\/revisions"}],"wp:featuredmedia":[{"embeddable":true,"href":"https:\/\/www.europesays.com\/fr\/wp-json\/wp\/v2\/media\/417225"}],"wp:attachment":[{"href":"https:\/\/www.europesays.com\/fr\/wp-json\/wp\/v2\/media?parent=417224"}],"wp:term":[{"taxonomy":"category","embeddable":true,"href":"https:\/\/www.europesays.com\/fr\/wp-json\/wp\/v2\/categories?post=417224"},{"taxonomy":"post_tag","embeddable":true,"href":"https:\/\/www.europesays.com\/fr\/wp-json\/wp\/v2\/tags?post=417224"}],"curies":[{"name":"wp","href":"https:\/\/api.w.org\/{rel}","templated":true}]}}