{"id":417228,"date":"2025-09-25T19:34:15","date_gmt":"2025-09-25T19:34:15","guid":{"rendered":"https:\/\/www.europesays.com\/fr\/417228\/"},"modified":"2025-09-25T19:34:15","modified_gmt":"2025-09-25T19:34:15","slug":"metz-rennes-le-vendredi-brest-et-lorient-le-dimanche-la-programmation-tv-de-la-14e-journee-de-ligue-1","status":"publish","type":"post","link":"https:\/\/www.europesays.com\/fr\/417228\/","title":{"rendered":"Metz &#8211; Rennes le vendredi, Brest et Lorient le dimanche\u2026 la programmation TV de la 14e journ\u00e9e de Ligue\u00a01"},"content":{"rendered":"<p>Ligue 1 (14e journ\u00e9e)<\/p>\n<p>La Ligue de football professionnel a d\u00e9voil\u00e9 ce jeudi la programmation enti\u00e8re de la 14e journ\u00e9e de Ligue 1. Le Stade Rennais ira \u00e0 Metz le vendredi 28 novembre \u00e0 20 h 45, la rencontre sera diffus\u00e9e sur Ligue 1 + 2. Le Stade Brestois affrontera Strasbourg le dimanche 30 novembre \u00e0 15 h, un match diffus\u00e9 sur Ligue 1 + 3 tandis que le FC Lorient jouera \u00e0 17 h 15 sur Ligue 1 + 5.<\/p>\n<p>Programmation TV de la 14e journ\u00e9eVendredi 28 novembre 2025 \u00e0 20 h 45 sur Ligue 1 + 2<\/p>\n<p>FC Metz \u2013 Stade Rennais FC<\/p>\n<p>Samedi 29 novembre 2025 \u00e0 17 h sur beIN SPORTS 1<\/p>\n<p>AS Monaco \u2013 Paris Saint-Germain<\/p>\n<p>19 h sur Ligue 1 +<\/p>\n<p>Paris FC \u2013 AJ Auxerre<\/p>\n<p>21 h 05 sur Ligue 1 + 2<\/p>\n<p>Olympique de Marseille \u2013 Toulouse FC<\/p>\n<p>Dimanche 30 novembre 2025 \u00e0 15 h sur Ligue 1 + 3<\/p>\n<p>RC Strasbourg Alsace \u2013 Stade Brestois 29<\/p>\n<p>17 h 15 sur Ligue 1 + 4<\/p>\n<p>Angers SCO \u2013 RC Lens<\/p>\n<p>17 h 15 sur Ligue 1 + 5<\/p>\n<p>FC Lorient \u2013 OGC Nice<\/p>\n<p>17 h 15 sur Ligue 1 + 6<\/p>\n<p>Havre AC \u2013 LOSC Lille<\/p>\n<p>20 h 45 sur Ligue 1 + 2<\/p>\n<p>Olympique Lyonnais \u2013 FC Nantes<\/p>\n","protected":false},"excerpt":{"rendered":"Ligue 1 (14e journ\u00e9e) La Ligue de football professionnel a d\u00e9voil\u00e9 ce jeudi la programmation enti\u00e8re de la&hellip;\n","protected":false},"author":2,"featured_media":417229,"comment_status":"","ping_status":"","sticky":false,"template":"","format":"standard","meta":{"footnotes":""},"categories":[2821],"tags":[1111,11,829,3166,1777,674,3317,63,1011,27,66,12,584,25,60,4449],"class_list":{"0":"post-417228","1":"post","2":"type-post","3":"status-publish","4":"format-standard","5":"has-post-thumbnail","7":"category-rennes","8":"tag-actu","9":"tag-actualites","10":"tag-bretagne","11":"tag-en-continu-sports","12":"tag-eu","13":"tag-europe","14":"tag-fc-lorient","15":"tag-football","16":"tag-fr","17":"tag-france","18":"tag-ligue-1","19":"tag-news","20":"tag-rennes","21":"tag-republique-francaise","22":"tag-sports","23":"tag-stade-brestois"},"share_on_mastodon":{"url":"https:\/\/pubeurope.com\/@fr\/115266615029332809","error":""},"_links":{"self":[{"href":"https:\/\/www.europesays.com\/fr\/wp-json\/wp\/v2\/posts\/417228","targetHints":{"allow":["GET"]}}],"collection":[{"href":"https:\/\/www.europesays.com\/fr\/wp-json\/wp\/v2\/posts"}],"about":[{"href":"https:\/\/www.europesays.com\/fr\/wp-json\/wp\/v2\/types\/post"}],"author":[{"embeddable":true,"href":"https:\/\/www.europesays.com\/fr\/wp-json\/wp\/v2\/users\/2"}],"replies":[{"embeddable":true,"href":"https:\/\/www.europesays.com\/fr\/wp-json\/wp\/v2\/comments?post=417228"}],"version-history":[{"count":0,"href":"https:\/\/www.europesays.com\/fr\/wp-json\/wp\/v2\/posts\/417228\/revisions"}],"wp:featuredmedia":[{"embeddable":true,"href":"https:\/\/www.europesays.com\/fr\/wp-json\/wp\/v2\/media\/417229"}],"wp:attachment":[{"href":"https:\/\/www.europesays.com\/fr\/wp-json\/wp\/v2\/media?parent=417228"}],"wp:term":[{"taxonomy":"category","embeddable":true,"href":"https:\/\/www.europesays.com\/fr\/wp-json\/wp\/v2\/categories?post=417228"},{"taxonomy":"post_tag","embeddable":true,"href":"https:\/\/www.europesays.com\/fr\/wp-json\/wp\/v2\/tags?post=417228"}],"curies":[{"name":"wp","href":"https:\/\/api.w.org\/{rel}","templated":true}]}}